{"id":118575,"date":"2025-05-12T08:37:15","date_gmt":"2025-05-12T07:37:15","guid":{"rendered":"https:\/\/www.cafbl.cat\/la-sostenibilidad-energetica\/"},"modified":"2025-05-12T09:06:59","modified_gmt":"2025-05-12T08:06:59","slug":"la-sostenibilidad-energetica","status":"publish","type":"post","link":"https:\/\/www.cafbl.cat\/es\/la-sostenibilidad-energetica\/","title":{"rendered":"La sostenibilidad energ\u00e9tica"},"content":{"rendered":"\t\t<div data-elementor-type=\"wp-post\" data-elementor-id=\"118575\" class=\"elementor elementor-118575 elementor-118551\" data-elementor-post-type=\"post\">\n\t\t\t\t<div class=\"elementor-element elementor-element-82bd84e e-flex e-con-boxed wpr-particle-no wpr-jarallax-no wpr-parallax-no wpr-sticky-section-no e-con e-parent\" data-id=\"82bd84e\" data-element_type=\"container\" data-e-type=\"container\">\n\t\t\t\t\t<div class=\"e-con-inner\">\n\t\t\t\t<div class=\"elementor-element elementor-element-e61c09a elementor-widget elementor-widget-image\" data-id=\"e61c09a\" data-element_type=\"widget\" data-e-type=\"widget\" data-widget_type=\"image.default\">\n\t\t\t\t<div class=\"elementor-widget-container\">\n\t\t\t\t\t\t\t\t\t\t\t\t\t\t\t<img decoding=\"async\" width=\"150\" height=\"150\" src=\"https:\/\/www.cafbl.cat\/wp-content\/uploads\/2025\/05\/LuciaSalas_FactorEnergia-150x150.jpg\" class=\"attachment-thumbnail size-thumbnail wp-image-118556\" alt=\"\" data-cookieconsent=\"ignore\" \/>\t\t\t\t\t\t\t\t\t\t\t\t\t\t\t<\/div>\n\t\t\t\t<\/div>\n\t\t\t\t<div class=\"elementor-element elementor-element-47a6f35 elementor-widget elementor-widget-text-editor\" data-id=\"47a6f35\" data-element_type=\"widget\" data-e-type=\"widget\" data-widget_type=\"text-editor.default\">\n\t\t\t\t<div class=\"elementor-widget-container\">\n\t\t\t\t\t\t\t\t\t<p><strong>Luc\u00eda Salas, Directora<\/strong>\u00a0<strong>Departamento AAFF de Factorenergia<\/strong><\/p>\n\t\t\t\t\t\t\t\t<\/div>\n\t\t\t\t<\/div>\n\t\t\t\t\t<\/div>\n\t\t\t\t<\/div>\n\t\t<div class=\"elementor-element elementor-element-db494d7 e-flex e-con-boxed wpr-particle-no wpr-jarallax-no wpr-parallax-no wpr-sticky-section-no e-con e-parent\" data-id=\"db494d7\" data-element_type=\"container\" data-e-type=\"container\">\n\t\t\t\t\t<div class=\"e-con-inner\">\n\t\t\t\t<div class=\"elementor-element elementor-element-3fe5a76 elementor-widget elementor-widget-text-editor\" data-id=\"3fe5a76\" data-element_type=\"widget\" data-e-type=\"widget\" data-widget_type=\"text-editor.default\">\n\t\t\t\t<div class=\"elementor-widget-container\">\n\t\t\t\t\t\t\t\t\t<p>La <strong>sostenibilidad energ\u00e9tica es uno de los pilares clave en la lucha contra el cambio clim\u00e1tico<\/strong> y la protecci\u00f3n del medio ambiente. En este contexto, su aplicaci\u00f3n a las comunidades de propietarios representa una oportunidad real y concreta para contribuir a la transici\u00f3n energ\u00e9tica hacia modelos m\u00e1s limpios, eficientes y sostenibles, dada su estructura colectiva y su potencial de consumo colectivo.<\/p>\n<h3><strong>El autoconsumo fotovoltaico compartido<\/strong><\/h3>\n<p>Una de las principales estrategias para lograr un futuro m\u00e1s sostenible es promover el <strong>autoconsumo fotovoltaico compartido<\/strong>. Gracias a los avances en la regulaci\u00f3n y la tecnolog\u00eda, hoy es posible que una comunidad de propietarios instale placas solares en la cubierta del edificio y comparta la energ\u00eda producida entre las diferentes viviendas. Esta energ\u00eda, limpia y renovable, reduce la dependencia de fuentes f\u00f3siles y permite un ahorro econ\u00f3mico en la factura de electricidad.<\/p>\n<p>Adem\u00e1s del ahorro, el autoconsumo compartido aporta una ventaja clave: <strong>la independencia y la seguridad energ\u00e9tica<\/strong>. Al generar su propia energ\u00eda, las comunidades aumentan su autonom\u00eda frente a las fluctuaciones de precio en el mercado energ\u00e9tico. Esta independencia proporciona mayor estabilidad y previsi\u00f3n en el acceso a la energ\u00eda, protegiendo a los vecinos de subidas inesperadas en el coste de la electricidad, algo cada vez m\u00e1s frecuente en el contexto energ\u00e9tico actual.<\/p>\n\t\t\t\t\t\t\t\t<\/div>\n\t\t\t\t<\/div>\n\t\t\t\t<div class=\"elementor-element elementor-element-e654d8b elementor-widget elementor-widget-image\" data-id=\"e654d8b\" data-element_type=\"widget\" data-e-type=\"widget\" data-widget_type=\"image.default\">\n\t\t\t\t<div class=\"elementor-widget-container\">\n\t\t\t\t\t\t\t\t\t\t\t\t\t\t\t<img fetchpriority=\"high\" decoding=\"async\" width=\"1024\" height=\"574\" src=\"https:\/\/www.cafbl.cat\/wp-content\/uploads\/2025\/05\/NL_ACCESSIBILITAT_FactorEnergia_Edif-Vivendes-1-1024x574.jpeg\" class=\"attachment-large size-large wp-image-118561\" alt=\"\" srcset=\"https:\/\/www.cafbl.cat\/wp-content\/uploads\/2025\/05\/NL_ACCESSIBILITAT_FactorEnergia_Edif-Vivendes-1-1024x574.jpeg 1024w, https:\/\/www.cafbl.cat\/wp-content\/uploads\/2025\/05\/NL_ACCESSIBILITAT_FactorEnergia_Edif-Vivendes-1-300x168.jpeg 300w, https:\/\/www.cafbl.cat\/wp-content\/uploads\/2025\/05\/NL_ACCESSIBILITAT_FactorEnergia_Edif-Vivendes-1-768x430.jpeg 768w, https:\/\/www.cafbl.cat\/wp-content\/uploads\/2025\/05\/NL_ACCESSIBILITAT_FactorEnergia_Edif-Vivendes-1-1536x861.jpeg 1536w, https:\/\/www.cafbl.cat\/wp-content\/uploads\/2025\/05\/NL_ACCESSIBILITAT_FactorEnergia_Edif-Vivendes-1-2048x1148.jpeg 2048w\" sizes=\"(max-width: 1024px) 100vw, 1024px\" data-cookieconsent=\"ignore\" \/>\t\t\t\t\t\t\t\t\t\t\t\t\t\t\t<\/div>\n\t\t\t\t<\/div>\n\t\t\t\t<div class=\"elementor-element elementor-element-b4b0025 elementor-widget elementor-widget-text-editor\" data-id=\"b4b0025\" data-element_type=\"widget\" data-e-type=\"widget\" data-widget_type=\"text-editor.default\">\n\t\t\t\t<div class=\"elementor-widget-container\">\n\t\t\t\t\t\t\t\t\t<h3>El sistema Blockchain<\/h3>\n<p>Como complemento a todas las ventajas del autoconsumo, entra en juego la <strong>digitalizaci\u00f3n del consumo energ\u00e9tico<\/strong>. Actualmente, las comunidades de propietarios, con sistemas de medici\u00f3n inteligentes, permiten monitorizar el consumo y el uso de energ\u00eda de cada participante y as\u00ed detectar ineficiencias o h\u00e1bitos que puedan corregirse. Uno de los sistemas m\u00e1s innovadores que permite un control total de la producci\u00f3n solar en instalaciones colectivas es el sistema Blockchain, que posibilita un an\u00e1lisis de la producci\u00f3n, los excedentes y el consumo de cada participante.<\/p>\n<p>M\u00e1s all\u00e1 del impacto ambiental y el ahorro econ\u00f3mico, este tipo de transformaciones <strong>refuerzan el valor del inmueble<\/strong>, lo modernizan y lo preparan para un futuro en el que la eficiencia energ\u00e9tica ser\u00e1 cada vez m\u00e1s exigida por la normativa y valorada tanto por propietarios como por inquilinos.<\/p>\n<p>En definitiva, las comunidades de propietarios no solo pueden ser beneficiarias de la transici\u00f3n energ\u00e9tica, sino tambi\u00e9n <strong>agentes activos de cambio<\/strong>. A trav\u00e9s de medidas concretas \u2014como el autoconsumo solar, la rehabilitaci\u00f3n, la digitalizaci\u00f3n o la participaci\u00f3n colectiva\u2014, pueden contribuir de forma directa a un sistema energ\u00e9tico m\u00e1s sostenible, justo y robusto.<\/p>\n\t\t\t\t\t\t\t\t<\/div>\n\t\t\t\t<\/div>\n\t\t\t\t\t<\/div>\n\t\t\t\t<\/div>\n\t\t\t\t<\/div>\n\t\t","protected":false},"excerpt":{"rendered":"<p>Luc\u00eda Salas, Directora\u00a0Departamento AAFF de Factorenergia La sostenibilidad energ\u00e9tica es uno de los pilares clave en la lucha contra el cambio clim\u00e1tico y la protecci\u00f3n del medio ambiente. En este contexto, su aplicaci\u00f3n a las comunidades de propietarios representa una oportunidad real y concreta para contribuir a la transici\u00f3n energ\u00e9tica hacia modelos m\u00e1s limpios, eficientes y sostenibles, dada su estructura colectiva y su potencial de consumo colectivo. El autoconsumo fotovoltaico compartido Una de las principales estrategias para lograr un futuro m\u00e1s sostenible es promover el autoconsumo fotovoltaico compartido. Gracias a los avances en la regulaci\u00f3n y la tecnolog\u00eda, hoy es posible que una comunidad de propietarios instale placas solares en la cubierta del edificio y comparta la energ\u00eda producida entre las diferentes viviendas. Esta energ\u00eda, limpia y renovable, reduce la dependencia de fuentes f\u00f3siles y permite un ahorro econ\u00f3mico en la factura de electricidad. Adem\u00e1s del ahorro, el autoconsumo compartido aporta una ventaja clave: la independencia y la seguridad energ\u00e9tica. Al generar su propia energ\u00eda, las comunidades aumentan su autonom\u00eda frente a las fluctuaciones de precio en el mercado energ\u00e9tico. Esta independencia proporciona mayor estabilidad y previsi\u00f3n en el acceso a la energ\u00eda, protegiendo a los vecinos de subidas inesperadas en el coste de la electricidad, algo cada vez m\u00e1s frecuente en el contexto energ\u00e9tico actual. El sistema Blockchain Como complemento a todas las ventajas del autoconsumo, entra en juego la digitalizaci\u00f3n del consumo energ\u00e9tico. Actualmente, las comunidades de propietarios, con sistemas de medici\u00f3n inteligentes, permiten monitorizar el consumo y el uso de energ\u00eda de cada participante y as\u00ed detectar ineficiencias o h\u00e1bitos que puedan corregirse. Uno de los sistemas m\u00e1s innovadores que permite un control total de la producci\u00f3n solar en instalaciones colectivas es el sistema Blockchain, que posibilita un an\u00e1lisis de la producci\u00f3n, los excedentes y el consumo de cada participante. M\u00e1s all\u00e1 del impacto ambiental y el ahorro econ\u00f3mico, este tipo de transformaciones refuerzan el valor del inmueble, lo modernizan y lo preparan para un futuro en el que la eficiencia energ\u00e9tica ser\u00e1 cada vez m\u00e1s exigida por la normativa y valorada tanto por propietarios como por inquilinos. En definitiva, las comunidades de propietarios no solo pueden ser beneficiarias de la transici\u00f3n energ\u00e9tica, sino tambi\u00e9n agentes activos de cambio. A trav\u00e9s de medidas concretas \u2014como el autoconsumo solar, la rehabilitaci\u00f3n, la digitalizaci\u00f3n o la participaci\u00f3n colectiva\u2014, pueden contribuir de forma directa a un sistema energ\u00e9tico m\u00e1s sostenible, justo y robusto.<\/p>\n","protected":false},"author":1,"featured_media":118577,"comment_status":"open","ping_status":"open","sticky":false,"template":"","format":"standard","meta":{"_acf_changed":false,"site-sidebar-layout":"default","site-content-layout":"","ast-site-content-layout":"default","site-content-style":"default","site-sidebar-style":"default","ast-global-header-display":"","ast-banner-title-visibility":"","ast-main-header-display":"","ast-hfb-above-header-display":"","ast-hfb-below-header-display":"","ast-hfb-mobile-header-display":"","site-post-title":"","ast-breadcrumbs-content":"","ast-featured-img":"","footer-sml-layout":"","ast-disable-related-posts":"","theme-transparent-header-meta":"","adv-header-id-meta":"","stick-header-meta":"","header-above-stick-meta":"","header-main-stick-meta":"","header-below-stick-meta":"","astra-migrate-meta-layouts":"default","ast-page-background-enabled":"default","ast-page-background-meta":{"desktop":{"background-color":"var(--ast-global-color-4)","background-image":"","background-repeat":"repeat","background-position":"center center","background-size":"auto","background-attachment":"scroll","background-type":"","background-media":"","overlay-type":"","overlay-color":"","overlay-opacity":"","overlay-gradient":""},"tablet":{"background-color":"","background-image":"","background-repeat":"repeat","background-position":"center center","background-size":"auto","background-attachment":"scroll","background-type":"","background-media":"","overlay-type":"","overlay-color":"","overlay-opacity":"","overlay-gradient":""},"mobile":{"background-color":"","background-image":"","background-repeat":"repeat","background-position":"center center","background-size":"auto","background-attachment":"scroll","background-type":"","background-media":"","overlay-type":"","overlay-color":"","overlay-opacity":"","overlay-gradient":""}},"ast-content-background-meta":{"desktop":{"background-color":"var(--ast-global-color-5)","background-image":"","background-repeat":"repeat","background-position":"center center","background-size":"auto","background-attachment":"scroll","background-type":"","background-media":"","overlay-type":"","overlay-color":"","overlay-opacity":"","overlay-gradient":""},"tablet":{"background-color":"var(--ast-global-color-5)","background-image":"","background-repeat":"repeat","background-position":"center center","background-size":"auto","background-attachment":"scroll","background-type":"","background-media":"","overlay-type":"","overlay-color":"","overlay-opacity":"","overlay-gradient":""},"mobile":{"background-color":"var(--ast-global-color-5)","background-image":"","background-repeat":"repeat","background-position":"center center","background-size":"auto","background-attachment":"scroll","background-type":"","background-media":"","overlay-type":"","overlay-color":"","overlay-opacity":"","overlay-gradient":""}},"footnotes":""},"categories":[1278,1228,692,203,109,696],"tags":[1984],"class_list":["post-118575","post","type-post","status-publish","format-standard","has-post-thumbnail","hentry","category-accesibilidad-y-sostenibilidad","category-accessibilitat-i-sostenibilitat","category-blog-del-ciudadano","category-blog-del-ciutada","category-collaboradors","category-colaboradores","tag-factor-energia-es"],"acf":[],"yoast_head":"<!-- This site is optimized with the Yoast SEO plugin v27.5 - https:\/\/yoast.com\/product\/yoast-seo-wordpress\/ -->\n<title>La sostenibilidad energ\u00e9tica - Col\u00b7legi Administradors de Finques Barcelona Lleida<\/title>\n<meta name=\"description\" content=\"Canal oficial de not\u00edcies del CAFBL: La sostenibilidad energ\u00e9tica Accesibilidad y Sostenibilidad\" \/>\n<meta name=\"robots\" content=\"index, follow, max-snippet:-1, max-image-preview:large, max-video-preview:-1\" \/>\n<link rel=\"canonical\" href=\"https:\/\/www.cafbl.cat\/es\/la-sostenibilidad-energetica\/\" \/>\n<meta property=\"og:locale\" content=\"es_ES\" \/>\n<meta property=\"og:type\" content=\"article\" \/>\n<meta property=\"og:title\" content=\"La sostenibilidad energ\u00e9tica - Col\u00b7legi Administradors de Finques Barcelona Lleida\" \/>\n<meta property=\"og:description\" content=\"Canal oficial de not\u00edcies del CAFBL: La sostenibilidad energ\u00e9tica Accesibilidad y Sostenibilidad\" \/>\n<meta property=\"og:url\" content=\"https:\/\/www.cafbl.cat\/es\/la-sostenibilidad-energetica\/\" \/>\n<meta property=\"og:site_name\" content=\"Col\u00b7legi Administradors de Finques Barcelona Lleida\" \/>\n<meta property=\"article:published_time\" content=\"2025-05-12T07:37:15+00:00\" \/>\n<meta property=\"article:modified_time\" content=\"2025-05-12T08:06:59+00:00\" \/>\n<meta property=\"og:image\" content=\"https:\/\/www.cafbl.cat\/wp-content\/uploads\/2025\/05\/AccessibilitatSostenibilitat_LuciaSalas_CAST.png\" \/>\n\t<meta property=\"og:image:width\" content=\"996\" \/>\n\t<meta property=\"og:image:height\" content=\"664\" \/>\n\t<meta property=\"og:image:type\" content=\"image\/png\" \/>\n<meta name=\"author\" content=\"adminwpcafbl\" \/>\n<meta name=\"twitter:card\" content=\"summary_large_image\" \/>\n<meta name=\"twitter:creator\" content=\"@CAFbcn_lleida\" \/>\n<meta name=\"twitter:site\" content=\"@CAFbcn_lleida\" \/>\n<meta name=\"twitter:label1\" content=\"Escrito por\" \/>\n\t<meta name=\"twitter:data1\" content=\"adminwpcafbl\" \/>\n\t<meta name=\"twitter:label2\" content=\"Tiempo de lectura\" \/>\n\t<meta name=\"twitter:data2\" content=\"3 minutos\" \/>\n<script type=\"application\/ld+json\" class=\"yoast-schema-graph\">{\"@context\":\"https:\\\/\\\/schema.org\",\"@graph\":[{\"@type\":\"Article\",\"@id\":\"https:\\\/\\\/www.cafbl.cat\\\/es\\\/la-sostenibilidad-energetica\\\/#article\",\"isPartOf\":{\"@id\":\"https:\\\/\\\/www.cafbl.cat\\\/es\\\/la-sostenibilidad-energetica\\\/\"},\"author\":{\"name\":\"adminwpcafbl\",\"@id\":\"https:\\\/\\\/www.cafbl.cat\\\/es\\\/#\\\/schema\\\/person\\\/bfdd3486c3f782e0fd324b2d5a98ef47\"},\"headline\":\"La sostenibilidad energ\u00e9tica\",\"datePublished\":\"2025-05-12T07:37:15+00:00\",\"dateModified\":\"2025-05-12T08:06:59+00:00\",\"mainEntityOfPage\":{\"@id\":\"https:\\\/\\\/www.cafbl.cat\\\/es\\\/la-sostenibilidad-energetica\\\/\"},\"wordCount\":454,\"commentCount\":0,\"publisher\":{\"@id\":\"https:\\\/\\\/www.cafbl.cat\\\/es\\\/#organization\"},\"image\":{\"@id\":\"https:\\\/\\\/www.cafbl.cat\\\/es\\\/la-sostenibilidad-energetica\\\/#primaryimage\"},\"thumbnailUrl\":\"https:\\\/\\\/www.cafbl.cat\\\/wp-content\\\/uploads\\\/2025\\\/05\\\/AccessibilitatSostenibilitat_LuciaSalas_CAST.png\",\"keywords\":[\"Factor Energ\u00eda\"],\"articleSection\":[\"Accesibilidad y Sostenibilidad\",\"Accessibilitat i Sostenibilitat\",\"Blog del ciudadano\",\"Blog del ciutad\u00e0\",\"Col\u00b7laboradors\",\"Colaboradores\"],\"inLanguage\":\"es\",\"potentialAction\":[{\"@type\":\"CommentAction\",\"name\":\"Comment\",\"target\":[\"https:\\\/\\\/www.cafbl.cat\\\/es\\\/la-sostenibilidad-energetica\\\/#respond\"]}]},{\"@type\":\"WebPage\",\"@id\":\"https:\\\/\\\/www.cafbl.cat\\\/es\\\/la-sostenibilidad-energetica\\\/\",\"url\":\"https:\\\/\\\/www.cafbl.cat\\\/es\\\/la-sostenibilidad-energetica\\\/\",\"name\":\"La sostenibilidad energ\u00e9tica - Col\u00b7legi Administradors de Finques Barcelona Lleida\",\"isPartOf\":{\"@id\":\"https:\\\/\\\/www.cafbl.cat\\\/es\\\/#website\"},\"primaryImageOfPage\":{\"@id\":\"https:\\\/\\\/www.cafbl.cat\\\/es\\\/la-sostenibilidad-energetica\\\/#primaryimage\"},\"image\":{\"@id\":\"https:\\\/\\\/www.cafbl.cat\\\/es\\\/la-sostenibilidad-energetica\\\/#primaryimage\"},\"thumbnailUrl\":\"https:\\\/\\\/www.cafbl.cat\\\/wp-content\\\/uploads\\\/2025\\\/05\\\/AccessibilitatSostenibilitat_LuciaSalas_CAST.png\",\"datePublished\":\"2025-05-12T07:37:15+00:00\",\"dateModified\":\"2025-05-12T08:06:59+00:00\",\"description\":\"Canal oficial de not\u00edcies del CAFBL: La sostenibilidad energ\u00e9tica Accesibilidad y Sostenibilidad\",\"breadcrumb\":{\"@id\":\"https:\\\/\\\/www.cafbl.cat\\\/es\\\/la-sostenibilidad-energetica\\\/#breadcrumb\"},\"inLanguage\":\"es\",\"potentialAction\":[{\"@type\":\"ReadAction\",\"target\":[\"https:\\\/\\\/www.cafbl.cat\\\/es\\\/la-sostenibilidad-energetica\\\/\"]}]},{\"@type\":\"ImageObject\",\"inLanguage\":\"es\",\"@id\":\"https:\\\/\\\/www.cafbl.cat\\\/es\\\/la-sostenibilidad-energetica\\\/#primaryimage\",\"url\":\"https:\\\/\\\/www.cafbl.cat\\\/wp-content\\\/uploads\\\/2025\\\/05\\\/AccessibilitatSostenibilitat_LuciaSalas_CAST.png\",\"contentUrl\":\"https:\\\/\\\/www.cafbl.cat\\\/wp-content\\\/uploads\\\/2025\\\/05\\\/AccessibilitatSostenibilitat_LuciaSalas_CAST.png\",\"width\":996,\"height\":664},{\"@type\":\"BreadcrumbList\",\"@id\":\"https:\\\/\\\/www.cafbl.cat\\\/es\\\/la-sostenibilidad-energetica\\\/#breadcrumb\",\"itemListElement\":[{\"@type\":\"ListItem\",\"position\":1,\"name\":\"Home\",\"item\":\"https:\\\/\\\/www.cafbl.cat\\\/es\\\/\"},{\"@type\":\"ListItem\",\"position\":2,\"name\":\"La sostenibilidad energ\u00e9tica\"}]},{\"@type\":\"WebSite\",\"@id\":\"https:\\\/\\\/www.cafbl.cat\\\/es\\\/#website\",\"url\":\"https:\\\/\\\/www.cafbl.cat\\\/es\\\/\",\"name\":\"Col\u00b7legi Administradors de Finques Barcelona Lleida\",\"description\":\"Web oficial del Col\u00b7legi Administradors de Finques Barcelona Lleida\",\"publisher\":{\"@id\":\"https:\\\/\\\/www.cafbl.cat\\\/es\\\/#organization\"},\"alternateName\":\"CAFBL - Col\u00b7legi Administradors de Finques Barcelona Lleida\",\"potentialAction\":[{\"@type\":\"SearchAction\",\"target\":{\"@type\":\"EntryPoint\",\"urlTemplate\":\"https:\\\/\\\/www.cafbl.cat\\\/es\\\/?s={search_term_string}\"},\"query-input\":{\"@type\":\"PropertyValueSpecification\",\"valueRequired\":true,\"valueName\":\"search_term_string\"}}],\"inLanguage\":\"es\"},{\"@type\":\"Organization\",\"@id\":\"https:\\\/\\\/www.cafbl.cat\\\/es\\\/#organization\",\"name\":\"Col\u00b7legi Administradors de Finques Barcelona Lleida\",\"alternateName\":\"CAFBL - Col\u00b7legi Administradors de Finques Barcelona Lleida\",\"url\":\"https:\\\/\\\/www.cafbl.cat\\\/es\\\/\",\"logo\":{\"@type\":\"ImageObject\",\"inLanguage\":\"es\",\"@id\":\"https:\\\/\\\/www.cafbl.cat\\\/es\\\/#\\\/schema\\\/logo\\\/image\\\/\",\"url\":\"https:\\\/\\\/www.cafbl.cat\\\/wp-content\\\/uploads\\\/2024\\\/07\\\/logo_cafbl.svg\",\"contentUrl\":\"https:\\\/\\\/www.cafbl.cat\\\/wp-content\\\/uploads\\\/2024\\\/07\\\/logo_cafbl.svg\",\"width\":471,\"height\":116,\"caption\":\"Col\u00b7legi Administradors de Finques Barcelona Lleida\"},\"image\":{\"@id\":\"https:\\\/\\\/www.cafbl.cat\\\/es\\\/#\\\/schema\\\/logo\\\/image\\\/\"},\"sameAs\":[\"https:\\\/\\\/x.com\\\/CAFbcn_lleida\",\"https:\\\/\\\/www.linkedin.com\\\/company\\\/administradors-finques-cafbl\",\"https:\\\/\\\/www.instagram.com\\\/administradors_finques_cafbl\\\/\"]},{\"@type\":\"Person\",\"@id\":\"https:\\\/\\\/www.cafbl.cat\\\/es\\\/#\\\/schema\\\/person\\\/bfdd3486c3f782e0fd324b2d5a98ef47\",\"name\":\"adminwpcafbl\",\"image\":{\"@type\":\"ImageObject\",\"inLanguage\":\"es\",\"@id\":\"https:\\\/\\\/secure.gravatar.com\\\/avatar\\\/b32455939fe3be4b8b0c3e83865545e13c95024ea445ea7e7e6774d5f0eebe28?s=96&d=mm&r=g\",\"url\":\"https:\\\/\\\/secure.gravatar.com\\\/avatar\\\/b32455939fe3be4b8b0c3e83865545e13c95024ea445ea7e7e6774d5f0eebe28?s=96&d=mm&r=g\",\"contentUrl\":\"https:\\\/\\\/secure.gravatar.com\\\/avatar\\\/b32455939fe3be4b8b0c3e83865545e13c95024ea445ea7e7e6774d5f0eebe28?s=96&d=mm&r=g\",\"caption\":\"adminwpcafbl\"},\"sameAs\":[\"http:\\\/\\\/cafbl.cat\"],\"url\":\"https:\\\/\\\/www.cafbl.cat\\\/es\\\/author\\\/adminwpcafbl\\\/\"}]}<\/script>\n<!-- \/ Yoast SEO plugin. -->","yoast_head_json":{"title":"La sostenibilidad energ\u00e9tica - Col\u00b7legi Administradors de Finques Barcelona Lleida","description":"Canal oficial de not\u00edcies del CAFBL: La sostenibilidad energ\u00e9tica Accesibilidad y Sostenibilidad","robots":{"index":"index","follow":"follow","max-snippet":"max-snippet:-1","max-image-preview":"max-image-preview:large","max-video-preview":"max-video-preview:-1"},"canonical":"https:\/\/www.cafbl.cat\/es\/la-sostenibilidad-energetica\/","og_locale":"es_ES","og_type":"article","og_title":"La sostenibilidad energ\u00e9tica - Col\u00b7legi Administradors de Finques Barcelona Lleida","og_description":"Canal oficial de not\u00edcies del CAFBL: La sostenibilidad energ\u00e9tica Accesibilidad y Sostenibilidad","og_url":"https:\/\/www.cafbl.cat\/es\/la-sostenibilidad-energetica\/","og_site_name":"Col\u00b7legi Administradors de Finques Barcelona Lleida","article_published_time":"2025-05-12T07:37:15+00:00","article_modified_time":"2025-05-12T08:06:59+00:00","og_image":[{"width":996,"height":664,"url":"https:\/\/www.cafbl.cat\/wp-content\/uploads\/2025\/05\/AccessibilitatSostenibilitat_LuciaSalas_CAST.png","type":"image\/png"}],"author":"adminwpcafbl","twitter_card":"summary_large_image","twitter_creator":"@CAFbcn_lleida","twitter_site":"@CAFbcn_lleida","twitter_misc":{"Escrito por":"adminwpcafbl","Tiempo de lectura":"3 minutos"},"schema":{"@context":"https:\/\/schema.org","@graph":[{"@type":"Article","@id":"https:\/\/www.cafbl.cat\/es\/la-sostenibilidad-energetica\/#article","isPartOf":{"@id":"https:\/\/www.cafbl.cat\/es\/la-sostenibilidad-energetica\/"},"author":{"name":"adminwpcafbl","@id":"https:\/\/www.cafbl.cat\/es\/#\/schema\/person\/bfdd3486c3f782e0fd324b2d5a98ef47"},"headline":"La sostenibilidad energ\u00e9tica","datePublished":"2025-05-12T07:37:15+00:00","dateModified":"2025-05-12T08:06:59+00:00","mainEntityOfPage":{"@id":"https:\/\/www.cafbl.cat\/es\/la-sostenibilidad-energetica\/"},"wordCount":454,"commentCount":0,"publisher":{"@id":"https:\/\/www.cafbl.cat\/es\/#organization"},"image":{"@id":"https:\/\/www.cafbl.cat\/es\/la-sostenibilidad-energetica\/#primaryimage"},"thumbnailUrl":"https:\/\/www.cafbl.cat\/wp-content\/uploads\/2025\/05\/AccessibilitatSostenibilitat_LuciaSalas_CAST.png","keywords":["Factor Energ\u00eda"],"articleSection":["Accesibilidad y Sostenibilidad","Accessibilitat i Sostenibilitat","Blog del ciudadano","Blog del ciutad\u00e0","Col\u00b7laboradors","Colaboradores"],"inLanguage":"es","potentialAction":[{"@type":"CommentAction","name":"Comment","target":["https:\/\/www.cafbl.cat\/es\/la-sostenibilidad-energetica\/#respond"]}]},{"@type":"WebPage","@id":"https:\/\/www.cafbl.cat\/es\/la-sostenibilidad-energetica\/","url":"https:\/\/www.cafbl.cat\/es\/la-sostenibilidad-energetica\/","name":"La sostenibilidad energ\u00e9tica - Col\u00b7legi Administradors de Finques Barcelona Lleida","isPartOf":{"@id":"https:\/\/www.cafbl.cat\/es\/#website"},"primaryImageOfPage":{"@id":"https:\/\/www.cafbl.cat\/es\/la-sostenibilidad-energetica\/#primaryimage"},"image":{"@id":"https:\/\/www.cafbl.cat\/es\/la-sostenibilidad-energetica\/#primaryimage"},"thumbnailUrl":"https:\/\/www.cafbl.cat\/wp-content\/uploads\/2025\/05\/AccessibilitatSostenibilitat_LuciaSalas_CAST.png","datePublished":"2025-05-12T07:37:15+00:00","dateModified":"2025-05-12T08:06:59+00:00","description":"Canal oficial de not\u00edcies del CAFBL: La sostenibilidad energ\u00e9tica Accesibilidad y Sostenibilidad","breadcrumb":{"@id":"https:\/\/www.cafbl.cat\/es\/la-sostenibilidad-energetica\/#breadcrumb"},"inLanguage":"es","potentialAction":[{"@type":"ReadAction","target":["https:\/\/www.cafbl.cat\/es\/la-sostenibilidad-energetica\/"]}]},{"@type":"ImageObject","inLanguage":"es","@id":"https:\/\/www.cafbl.cat\/es\/la-sostenibilidad-energetica\/#primaryimage","url":"https:\/\/www.cafbl.cat\/wp-content\/uploads\/2025\/05\/AccessibilitatSostenibilitat_LuciaSalas_CAST.png","contentUrl":"https:\/\/www.cafbl.cat\/wp-content\/uploads\/2025\/05\/AccessibilitatSostenibilitat_LuciaSalas_CAST.png","width":996,"height":664},{"@type":"BreadcrumbList","@id":"https:\/\/www.cafbl.cat\/es\/la-sostenibilidad-energetica\/#breadcrumb","itemListElement":[{"@type":"ListItem","position":1,"name":"Home","item":"https:\/\/www.cafbl.cat\/es\/"},{"@type":"ListItem","position":2,"name":"La sostenibilidad energ\u00e9tica"}]},{"@type":"WebSite","@id":"https:\/\/www.cafbl.cat\/es\/#website","url":"https:\/\/www.cafbl.cat\/es\/","name":"Col\u00b7legi Administradors de Finques Barcelona Lleida","description":"Web oficial del Col\u00b7legi Administradors de Finques Barcelona Lleida","publisher":{"@id":"https:\/\/www.cafbl.cat\/es\/#organization"},"alternateName":"CAFBL - Col\u00b7legi Administradors de Finques Barcelona Lleida","potentialAction":[{"@type":"SearchAction","target":{"@type":"EntryPoint","urlTemplate":"https:\/\/www.cafbl.cat\/es\/?s={search_term_string}"},"query-input":{"@type":"PropertyValueSpecification","valueRequired":true,"valueName":"search_term_string"}}],"inLanguage":"es"},{"@type":"Organization","@id":"https:\/\/www.cafbl.cat\/es\/#organization","name":"Col\u00b7legi Administradors de Finques Barcelona Lleida","alternateName":"CAFBL - Col\u00b7legi Administradors de Finques Barcelona Lleida","url":"https:\/\/www.cafbl.cat\/es\/","logo":{"@type":"ImageObject","inLanguage":"es","@id":"https:\/\/www.cafbl.cat\/es\/#\/schema\/logo\/image\/","url":"https:\/\/www.cafbl.cat\/wp-content\/uploads\/2024\/07\/logo_cafbl.svg","contentUrl":"https:\/\/www.cafbl.cat\/wp-content\/uploads\/2024\/07\/logo_cafbl.svg","width":471,"height":116,"caption":"Col\u00b7legi Administradors de Finques Barcelona Lleida"},"image":{"@id":"https:\/\/www.cafbl.cat\/es\/#\/schema\/logo\/image\/"},"sameAs":["https:\/\/x.com\/CAFbcn_lleida","https:\/\/www.linkedin.com\/company\/administradors-finques-cafbl","https:\/\/www.instagram.com\/administradors_finques_cafbl\/"]},{"@type":"Person","@id":"https:\/\/www.cafbl.cat\/es\/#\/schema\/person\/bfdd3486c3f782e0fd324b2d5a98ef47","name":"adminwpcafbl","image":{"@type":"ImageObject","inLanguage":"es","@id":"https:\/\/secure.gravatar.com\/avatar\/b32455939fe3be4b8b0c3e83865545e13c95024ea445ea7e7e6774d5f0eebe28?s=96&d=mm&r=g","url":"https:\/\/secure.gravatar.com\/avatar\/b32455939fe3be4b8b0c3e83865545e13c95024ea445ea7e7e6774d5f0eebe28?s=96&d=mm&r=g","contentUrl":"https:\/\/secure.gravatar.com\/avatar\/b32455939fe3be4b8b0c3e83865545e13c95024ea445ea7e7e6774d5f0eebe28?s=96&d=mm&r=g","caption":"adminwpcafbl"},"sameAs":["http:\/\/cafbl.cat"],"url":"https:\/\/www.cafbl.cat\/es\/author\/adminwpcafbl\/"}]}},"_links":{"self":[{"href":"https:\/\/www.cafbl.cat\/es\/wp-json\/wp\/v2\/posts\/118575","targetHints":{"allow":["GET"]}}],"collection":[{"href":"https:\/\/www.cafbl.cat\/es\/wp-json\/wp\/v2\/posts"}],"about":[{"href":"https:\/\/www.cafbl.cat\/es\/wp-json\/wp\/v2\/types\/post"}],"author":[{"embeddable":true,"href":"https:\/\/www.cafbl.cat\/es\/wp-json\/wp\/v2\/users\/1"}],"replies":[{"embeddable":true,"href":"https:\/\/www.cafbl.cat\/es\/wp-json\/wp\/v2\/comments?post=118575"}],"version-history":[{"count":0,"href":"https:\/\/www.cafbl.cat\/es\/wp-json\/wp\/v2\/posts\/118575\/revisions"}],"wp:featuredmedia":[{"embeddable":true,"href":"https:\/\/www.cafbl.cat\/es\/wp-json\/wp\/v2\/media\/118577"}],"wp:attachment":[{"href":"https:\/\/www.cafbl.cat\/es\/wp-json\/wp\/v2\/media?parent=118575"}],"wp:term":[{"taxonomy":"category","embeddable":true,"href":"https:\/\/www.cafbl.cat\/es\/wp-json\/wp\/v2\/categories?post=118575"},{"taxonomy":"post_tag","embeddable":true,"href":"https:\/\/www.cafbl.cat\/es\/wp-json\/wp\/v2\/tags?post=118575"}],"curies":[{"name":"wp","href":"https:\/\/api.w.org\/{rel}","templated":true}]}}