{"id":138646,"date":"2025-11-26T14:58:17","date_gmt":"2025-11-26T13:58:17","guid":{"rendered":"https:\/\/www.cafbl.cat\/?p=138646"},"modified":"2025-11-27T08:43:08","modified_gmt":"2025-11-27T07:43:08","slug":"fernando-prieto-los-administradores-de-fincas-son-unos-actores-imprescindibles-en-la-rehabilitacion-de-nuestro-parque-edificatorio-son-el-nexo-de-union-entre-el-usuario-y-nuestra-industria","status":"publish","type":"post","link":"https:\/\/www.cafbl.cat\/es\/fernando-prieto-los-administradores-de-fincas-son-unos-actores-imprescindibles-en-la-rehabilitacion-de-nuestro-parque-edificatorio-son-el-nexo-de-union-entre-el-usuario-y-nuestra-industria\/","title":{"rendered":"Fernando Prieto: Los Administradores de Fincas son unos actores imprescindibles en la rehabilitaci\u00f3n de nuestro parque edificatorio"},"content":{"rendered":"\t\t<div data-elementor-type=\"wp-post\" data-elementor-id=\"138646\" class=\"elementor elementor-138646\" data-elementor-post-type=\"post\">\n\t\t\t\t<div class=\"elementor-element elementor-element-db494d7 e-flex e-con-boxed wpr-particle-no wpr-jarallax-no wpr-parallax-no wpr-sticky-section-no e-con e-parent\" data-id=\"db494d7\" data-element_type=\"container\" data-e-type=\"container\">\n\t\t\t\t\t<div class=\"e-con-inner\">\n\t\t\t\t<div class=\"elementor-element elementor-element-a99fe1d elementor-widget elementor-widget-text-editor\" data-id=\"a99fe1d\" data-element_type=\"widget\" data-e-type=\"widget\" data-widget_type=\"text-editor.default\">\n\t\t\t\t<div class=\"elementor-widget-container\">\n\t\t\t\t\t\t\t\t\t<p><b>Fernando Prieto Fern\u00e1ndez, <\/b>es Arquitecto T\u00e9cnico por la Universidad Polit\u00e9cnica de Madrid y Graduado en Ingenier\u00eda de Edificaci\u00f3n por la Universidad Europea de Madrid.<\/p><p>A lo largo de su trayectoria profesional ha desempe\u00f1ado funciones como jefe de obra, director de ejecuci\u00f3n de obras, coordinador de seguridad y salud, as\u00ed como proyectista.<\/p><p>Desde 1993 es director general de LITECON, empresa especializada en construcci\u00f3n, rehabilitaci\u00f3n, reformas y servicios t\u00e9cnicos vinculados a la edificaci\u00f3n. Asimismo, desde 2011 es presidente de ANERR (Asociaci\u00f3n<br \/>Nacional de Empresas de Rehabilitaci\u00f3n y Reforma), desde donde impulsa la profesionalizaci\u00f3n y el desarrollo del sector de la rehabilitaci\u00f3n en Espa\u00f1a.<\/p>\t\t\t\t\t\t\t\t<\/div>\n\t\t\t\t<\/div>\n\t\t\t\t<div class=\"elementor-element elementor-element-1afba89 elementor-widget-divider--view-line elementor-widget elementor-widget-divider\" data-id=\"1afba89\" data-element_type=\"widget\" data-e-type=\"widget\" data-widget_type=\"divider.default\">\n\t\t\t\t<div class=\"elementor-widget-container\">\n\t\t\t\t\t\t\t<div class=\"elementor-divider\">\n\t\t\t<span class=\"elementor-divider-separator\">\n\t\t\t\t\t\t<\/span>\n\t\t<\/div>\n\t\t\t\t\t\t<\/div>\n\t\t\t\t<\/div>\n\t\t\t\t<div class=\"elementor-element elementor-element-3fe5a76 elementor-widget elementor-widget-text-editor\" data-id=\"3fe5a76\" data-element_type=\"widget\" data-e-type=\"widget\" data-widget_type=\"text-editor.default\">\n\t\t\t\t<div class=\"elementor-widget-container\">\n\t\t\t\t\t\t\t\t\t<p>Hablamos con \u00e9l para saber qu\u00e9 opina sobre la accesibilidad y la sostenibilidad en el d\u00eda a d\u00eda de las personas y las viviendas.<\/p><p><strong>\u00bfQu\u00e9 opina del Plan Estatal de Vivienda 2026-2030? \u00bfCree que cumplir\u00e1 con las necesidades de la poblaci\u00f3n?<\/strong><\/p><p>El Plan Estatal de Vivienda 2026-2030 representa una oportunidad para consolidar la rehabilitaci\u00f3n y el acceso a la vivienda como ejes clave de la pol\u00edtica p\u00fablica, pero creemos que debe reforzarse y adaptarse mejor a las realidades del sector y a las necesidades de los ciudadanos.<\/p><p>Es esencial financiar y fortalecer las Ofi cinas de Rehabilitaci\u00f3n o Ventanillas \u00danicas, que desempe\u00f1an un papel crucial en la informaci\u00f3n y acompa\u00f1amiento t\u00e9cnico y financiero, en l\u00ednea con la Directiva Europea de Eficiencia Energ\u00e9tica de los Edificios (EPBD). Tambi\u00e9n ser\u00eda conveniente fomentar el cambio de uso de inmuebles hacia vivienda residencial en zonas tensionadas y eliminar requisitos que hoy ralentizan el acceso a las ayudas, como la obligaci\u00f3n de presentar varias ofertas o mantener viviendas vac\u00edas durante largos periodos.<br \/>El plan deber\u00eda adem\u00e1s incorporar una l\u00ednea espec\u00edfica para la retirada de amianto, mejorar la coordinaci\u00f3n entre administraciones y mantener incentivos fiscales que fomenten la eficiencia energ\u00e9tica. En definitiva, necesitamos un plan m\u00e1s \u00e1gil, accesible y coherente, capaz de movilizar inversi\u00f3n, impulsar la rehabilitaci\u00f3n integral y garantizar una vivienda digna, sostenible y accesible para todos.<\/p><p><strong>Siguiendo con este Plan Estatal de Vivienda, \u00bfconsidera que contempla los tres pilares en rehabilitaci\u00f3n: seguridad estructural, sostenibilidad en eficiencia energ\u00e9tica y accesibilidad universal? \u00bfO se prioriza alguno de ellos por encima de los otros?<\/strong><\/p><p>Uno de los aspectos novedosos del Plan, es que claramente prioriza las actuaciones en materia de seguridad estructural y accesibilidad sobre las de eficiencia. El porcentaje de las ayudas estar\u00e1 limitado si no se consiguen la seguridad y la accesibilidad. Tiene todo el sentido, ya que no podemos pensar en otros aspectos de mejora en un edificio si la seguridad estructural del mismo no est\u00e1 garantizada. Por otra parte, adaptar los edificios a personas con limitaciones es una obligaci\u00f3n de todos: la vida de estas personas cambia radicalmente a mejor si se solucionan los problemas de accesibilidad. Una sociedad sensible no puede dejarlos atr\u00e1s.<\/p><p>Desde ANERR defendemos una visi\u00f3n integral de la rehabilitaci\u00f3n, en la que sostenibilidad, accesibilidad y seguridad se aborden de forma conjunta y equilibrada, garantizando as\u00ed edificios m\u00e1s eficientes, seguros y habitables para todas las personas.<\/p><p><strong>La rehabilitaci\u00f3n de edificios est\u00e1 directamente vinculada con varios Objetivos de Desarrollo Sostenible (ODS) de la Agenda 2030. \u00bfCree que a d\u00eda de hoy Espa\u00f1a est\u00e1 preparada para cumplir estos ODS? En caso negativo, \u00bfqu\u00e9 cree que se necesita y de qu\u00e9 plazo estar\u00edamos hablando?<\/strong><\/p><p>Espa\u00f1a ha avanzado notablemente en materia de sostenibilidad, pero a\u00fan queda mucho camino por recorrer para alcanzar plenamente los ODS relacionados con vivienda y ciudades sostenibles. El principal reto no es t\u00e9cnico, sino de gobernanza, financiaci\u00f3n y concienciaci\u00f3n social.<\/p><p>Necesitamos una planificaci\u00f3n a largo plazo que supere los ciclos pol\u00edticos y fomente la colaboraci\u00f3n p\u00fablico-privada: Hay que generar un escenario estable (Ayudas previsibles y que se mantengan en el tiempo, implementar incentivos y desgravaciones fiscales, etc.). En resumen, que nuestras empresas puedan programar su crecimiento en un escenario de seguridad.<\/p><p>Por otra parte hay que trabajar \u2013y haremos propuestas a las Administraciones\u2013 para establecer un modelo sostenible que permita aumentar exponencialmente el n\u00famero de rehabilitaciones: es imprescindible para cumplir con los objetivos marcados por la Uni\u00f3n Europea y aceptados por nuestro pa\u00eds, la descarbonizaci\u00f3n del parque de viviendas.<\/p>\t\t\t\t\t\t\t\t<\/div>\n\t\t\t\t<\/div>\n\t\t\t\t<div class=\"elementor-element elementor-element-a28a936 elementor-blockquote--skin-border elementor-widget elementor-widget-blockquote\" data-id=\"a28a936\" data-element_type=\"widget\" data-e-type=\"widget\" data-widget_type=\"blockquote.default\">\n\t\t\t\t<div class=\"elementor-widget-container\">\n\t\t\t\t\t\t\t<blockquote class=\"elementor-blockquote\">\n\t\t\t<p class=\"elementor-blockquote__content\">\n\t\t\t\tTrabajar juntos permitir\u00e1 unir conocimiento t\u00e9cnico, capacidad de difusi\u00f3n y cercan\u00eda al ciudadano, lo que puede traducirse en programas conjuntos de formaci\u00f3n, asesoramiento y sensibilizaci\u00f3n.\t\t\t<\/p>\n\t\t\t\t\t<\/blockquote>\n\t\t\t\t\t\t<\/div>\n\t\t\t\t<\/div>\n\t\t\t\t<div class=\"elementor-element elementor-element-10dc02e elementor-widget elementor-widget-text-editor\" data-id=\"10dc02e\" data-element_type=\"widget\" data-e-type=\"widget\" data-widget_type=\"text-editor.default\">\n\t\t\t\t<div class=\"elementor-widget-container\">\n\t\t\t\t\t\t\t\t\t<p>\u00a0<\/p><p><strong>Recientemente hemos dado un gran paso, ya que se han iniciado conversaciones entre el CAFBL y ANERR para establecer nuevas l\u00edneas de colaboraci\u00f3n. \u00bfQu\u00e9 beneficios aportar\u00e1 a ambas partes?<\/strong><\/p><p>En ANERR siempre hemos opinado que los Administradores de Fincas son unos actores imprescindibles en la rehabilitaci\u00f3n de nuestro parque edificatorio. Son el nexo de uni\u00f3n entre el usuario y nuestra industria. El \u00e1mbito de decisi\u00f3n para el inicio de una obra de rehabilitaci\u00f3n es muy singular, y para ello el saber hacer de los Administradores y las empresas especializadas es fundamental.<\/p><p>Esta colaboraci\u00f3n representa una gran noticia. CAFBL y ANERR compartimos valores y objetivos: mejorar la calidad del entorno construido, promover la accesibilidad y fomentar la rehabilitaci\u00f3n responsable.<\/p><p>Trabajar juntos permitir\u00e1 unir conocimiento t\u00e9cnico, capacidad de difusi\u00f3n y cercan\u00eda al ciudadano, lo que puede traducirse en programas conjuntos de formaci\u00f3n, asesoramiento y sensibilizaci\u00f3n. En definitiva, ser\u00e1 una alianza beneficiosa para los profesionales del sector y para la sociedad.<\/p><p><strong>Tienen en mente establecer una sede en Barcelona, \u00bfpara cu\u00e1ndo lo tienen previsto? \u00bfEn qu\u00e9 \u00e1mbitos se querr\u00e1n desarrollar?<\/strong><\/p><p>Establecer una sede en Catalunya ha sido una aspiraci\u00f3n nuestra desde hace a\u00f1os. Esperamos ponerla en marcha en la primera mitad del a\u00f1o que viene.<br \/>Sin duda hay muchas acciones a desarrollar desde Barcelona, y es nuestro prop\u00f3sito implementarlas desde el primer momento, aparte de facilitar nuestro contacto con las Administraciones P\u00fablicas y Colegios Profesionales, permitir\u00e1 aumentar notablemente el n\u00famero de asociados catalanes, realizar jornadas y eventos territoriales, y en definitiva ser \u00fatiles y apoyar nuestro sector, estrat\u00e9gico en los pr\u00f3ximos a\u00f1os.<\/p><p>En pocas semanas esperamos poder concretar acciones y detalles de nuestra presencia en Barcelona.<\/p>\t\t\t\t\t\t\t\t<\/div>\n\t\t\t\t<\/div>\n\t\t\t\t\t<\/div>\n\t\t\t\t<\/div>\n\t\t\t\t<\/div>\n\t\t","protected":false},"excerpt":{"rendered":"<p>Fernando Prieto Fern\u00e1ndez, es Arquitecto T\u00e9cnico por la Universidad Polit\u00e9cnica de Madrid y Graduado en Ingenier\u00eda de Edificaci\u00f3n por la Universidad Europea de Madrid. A lo largo de su trayectoria profesional ha desempe\u00f1ado funciones como jefe de obra, director de ejecuci\u00f3n de obras, coordinador de seguridad y salud, as\u00ed como proyectista. Desde 1993 es director general de LITECON, empresa especializada en construcci\u00f3n, rehabilitaci\u00f3n, reformas y servicios t\u00e9cnicos vinculados a la edificaci\u00f3n. Asimismo, desde 2011 es presidente de ANERR (Asociaci\u00f3nNacional de Empresas de Rehabilitaci\u00f3n y Reforma), desde donde impulsa la profesionalizaci\u00f3n y el desarrollo del sector de la rehabilitaci\u00f3n en Espa\u00f1a. Hablamos con \u00e9l para saber qu\u00e9 opina sobre la accesibilidad y la sostenibilidad en el d\u00eda a d\u00eda de las personas y las viviendas. \u00bfQu\u00e9 opina del Plan Estatal de Vivienda 2026-2030? \u00bfCree que cumplir\u00e1 con las necesidades de la poblaci\u00f3n? El Plan Estatal de Vivienda 2026-2030 representa una oportunidad para consolidar la rehabilitaci\u00f3n y el acceso a la vivienda como ejes clave de la pol\u00edtica p\u00fablica, pero creemos que debe reforzarse y adaptarse mejor a las realidades del sector y a las necesidades de los ciudadanos. Es esencial financiar y fortalecer las Ofi cinas de Rehabilitaci\u00f3n o Ventanillas \u00danicas, que desempe\u00f1an un papel crucial en la informaci\u00f3n y acompa\u00f1amiento t\u00e9cnico y financiero, en l\u00ednea con la Directiva Europea de Eficiencia Energ\u00e9tica de los Edificios (EPBD). Tambi\u00e9n ser\u00eda conveniente fomentar el cambio de uso de inmuebles hacia vivienda residencial en zonas tensionadas y eliminar requisitos que hoy ralentizan el acceso a las ayudas, como la obligaci\u00f3n de presentar varias ofertas o mantener viviendas vac\u00edas durante largos periodos.El plan deber\u00eda adem\u00e1s incorporar una l\u00ednea espec\u00edfica para la retirada de amianto, mejorar la coordinaci\u00f3n entre administraciones y mantener incentivos fiscales que fomenten la eficiencia energ\u00e9tica. En definitiva, necesitamos un plan m\u00e1s \u00e1gil, accesible y coherente, capaz de movilizar inversi\u00f3n, impulsar la rehabilitaci\u00f3n integral y garantizar una vivienda digna, sostenible y accesible para todos. Siguiendo con este Plan Estatal de Vivienda, \u00bfconsidera que contempla los tres pilares en rehabilitaci\u00f3n: seguridad estructural, sostenibilidad en eficiencia energ\u00e9tica y accesibilidad universal? \u00bfO se prioriza alguno de ellos por encima de los otros? Uno de los aspectos novedosos del Plan, es que claramente prioriza las actuaciones en materia de seguridad estructural y accesibilidad sobre las de eficiencia. El porcentaje de las ayudas estar\u00e1 limitado si no se consiguen la seguridad y la accesibilidad. Tiene todo el sentido, ya que no podemos pensar en otros aspectos de mejora en un edificio si la seguridad estructural del mismo no est\u00e1 garantizada. Por otra parte, adaptar los edificios a personas con limitaciones es una obligaci\u00f3n de todos: la vida de estas personas cambia radicalmente a mejor si se solucionan los problemas de accesibilidad. Una sociedad sensible no puede dejarlos atr\u00e1s. Desde ANERR defendemos una visi\u00f3n integral de la rehabilitaci\u00f3n, en la que sostenibilidad, accesibilidad y seguridad se aborden de forma conjunta y equilibrada, garantizando as\u00ed edificios m\u00e1s eficientes, seguros y habitables para todas las personas. La rehabilitaci\u00f3n de edificios est\u00e1 directamente vinculada con varios Objetivos de Desarrollo Sostenible (ODS) de la Agenda 2030. \u00bfCree que a d\u00eda de hoy Espa\u00f1a est\u00e1 preparada para cumplir estos ODS? En caso negativo, \u00bfqu\u00e9 cree que se necesita y de qu\u00e9 plazo estar\u00edamos hablando? Espa\u00f1a ha avanzado notablemente en materia de sostenibilidad, pero a\u00fan queda mucho camino por recorrer para alcanzar plenamente los ODS relacionados con vivienda y ciudades sostenibles. El principal reto no es t\u00e9cnico, sino de gobernanza, financiaci\u00f3n y concienciaci\u00f3n social. Necesitamos una planificaci\u00f3n a largo plazo que supere los ciclos pol\u00edticos y fomente la colaboraci\u00f3n p\u00fablico-privada: Hay que generar un escenario estable (Ayudas previsibles y que se mantengan en el tiempo, implementar incentivos y desgravaciones fiscales, etc.). En resumen, que nuestras empresas puedan programar su crecimiento en un escenario de seguridad. Por otra parte hay que trabajar \u2013y haremos propuestas a las Administraciones\u2013 para establecer un modelo sostenible que permita aumentar exponencialmente el n\u00famero de rehabilitaciones: es imprescindible para cumplir con los objetivos marcados por la Uni\u00f3n Europea y aceptados por nuestro pa\u00eds, la descarbonizaci\u00f3n del parque de viviendas. Trabajar juntos permitir\u00e1 unir conocimiento t\u00e9cnico, capacidad de difusi\u00f3n y cercan\u00eda al ciudadano, lo que puede traducirse en programas conjuntos de formaci\u00f3n, asesoramiento y sensibilizaci\u00f3n. \u00a0 Recientemente hemos dado un gran paso, ya que se han iniciado conversaciones entre el CAFBL y ANERR para establecer nuevas l\u00edneas de colaboraci\u00f3n. \u00bfQu\u00e9 beneficios aportar\u00e1 a ambas partes? En ANERR siempre hemos opinado que los Administradores de Fincas son unos actores imprescindibles en la rehabilitaci\u00f3n de nuestro parque edificatorio. Son el nexo de uni\u00f3n entre el usuario y nuestra industria. El \u00e1mbito de decisi\u00f3n para el inicio de una obra de rehabilitaci\u00f3n es muy singular, y para ello el saber hacer de los Administradores y las empresas especializadas es fundamental. Esta colaboraci\u00f3n representa una gran noticia. CAFBL y ANERR compartimos valores y objetivos: mejorar la calidad del entorno construido, promover la accesibilidad y fomentar la rehabilitaci\u00f3n responsable. Trabajar juntos permitir\u00e1 unir conocimiento t\u00e9cnico, capacidad de difusi\u00f3n y cercan\u00eda al ciudadano, lo que puede traducirse en programas conjuntos de formaci\u00f3n, asesoramiento y sensibilizaci\u00f3n. En definitiva, ser\u00e1 una alianza beneficiosa para los profesionales del sector y para la sociedad. Tienen en mente establecer una sede en Barcelona, \u00bfpara cu\u00e1ndo lo tienen previsto? \u00bfEn qu\u00e9 \u00e1mbitos se querr\u00e1n desarrollar? Establecer una sede en Catalunya ha sido una aspiraci\u00f3n nuestra desde hace a\u00f1os. Esperamos ponerla en marcha en la primera mitad del a\u00f1o que viene.Sin duda hay muchas acciones a desarrollar desde Barcelona, y es nuestro prop\u00f3sito implementarlas desde el primer momento, aparte de facilitar nuestro contacto con las Administraciones P\u00fablicas y Colegios Profesionales, permitir\u00e1 aumentar notablemente el n\u00famero de asociados catalanes, realizar jornadas y eventos territoriales, y en definitiva ser \u00fatiles y apoyar nuestro sector, estrat\u00e9gico en los pr\u00f3ximos a\u00f1os. En pocas semanas esperamos poder concretar acciones y detalles de nuestra presencia en Barcelona.<\/p>\n","protected":false},"author":1,"featured_media":138647,"comment_status":"closed","ping_status":"open","sticky":false,"template":"","format":"standard","meta":{"_acf_changed":false,"site-sidebar-layout":"default","site-content-layout":"","ast-site-content-layout":"default","site-content-style":"default","site-sidebar-style":"default","ast-global-header-display":"","ast-banner-title-visibility":"","ast-main-header-display":"","ast-hfb-above-header-display":"","ast-hfb-below-header-display":"","ast-hfb-mobile-header-display":"","site-post-title":"","ast-breadcrumbs-content":"","ast-featured-img":"","footer-sml-layout":"","ast-disable-related-posts":"","theme-transparent-header-meta":"","adv-header-id-meta":"","stick-header-meta":"","header-above-stick-meta":"","header-main-stick-meta":"","header-below-stick-meta":"","astra-migrate-meta-layouts":"default","ast-page-background-enabled":"default","ast-page-background-meta":{"desktop":{"background-color":"var(--ast-global-color-4)","background-image":"","background-repeat":"repeat","background-position":"center center","background-size":"auto","background-attachment":"scroll","background-type":"","background-media":"","overlay-type":"","overlay-color":"","overlay-opacity":"","overlay-gradient":""},"tablet":{"background-color":"","background-image":"","background-repeat":"repeat","background-position":"center center","background-size":"auto","background-attachment":"scroll","background-type":"","background-media":"","overlay-type":"","overlay-color":"","overlay-opacity":"","overlay-gradient":""},"mobile":{"background-color":"","background-image":"","background-repeat":"repeat","background-position":"center center","background-size":"auto","background-attachment":"scroll","background-type":"","background-media":"","overlay-type":"","overlay-color":"","overlay-opacity":"","overlay-gradient":""}},"ast-content-background-meta":{"desktop":{"background-color":"var(--ast-global-color-5)","background-image":"","background-repeat":"repeat","background-position":"center center","background-size":"auto","background-attachment":"scroll","background-type":"","background-media":"","overlay-type":"","overlay-color":"","overlay-opacity":"","overlay-gradient":""},"tablet":{"background-color":"var(--ast-global-color-5)","background-image":"","background-repeat":"repeat","background-position":"center center","background-size":"auto","background-attachment":"scroll","background-type":"","background-media":"","overlay-type":"","overlay-color":"","overlay-opacity":"","overlay-gradient":""},"mobile":{"background-color":"var(--ast-global-color-5)","background-image":"","background-repeat":"repeat","background-position":"center center","background-size":"auto","background-attachment":"scroll","background-type":"","background-media":"","overlay-type":"","overlay-color":"","overlay-opacity":"","overlay-gradient":""}},"footnotes":""},"categories":[1278,692],"tags":[],"class_list":["post-138646","post","type-post","status-publish","format-standard","has-post-thumbnail","hentry","category-accesibilidad-y-sostenibilidad","category-blog-del-ciudadano"],"acf":[],"yoast_head":"<!-- This site is optimized with the Yoast SEO plugin v27.5 - https:\/\/yoast.com\/product\/yoast-seo-wordpress\/ -->\n<title>Fernando Prieto: Los Administradores de Fincas son unos actores imprescindibles en la rehabilitaci\u00f3n de nuestro parque edificatorio - Col\u00b7legi Administradors de Finques Barcelona Lleida<\/title>\n<meta name=\"description\" content=\"Canal oficial de not\u00edcies del CAFBL: Fernando Prieto: Los Administradores de Fincas son unos actores imprescindibles en la rehabilitaci\u00f3n de nuestro parque edificatorio Blog del ciudadano\" \/>\n<meta name=\"robots\" content=\"index, follow, max-snippet:-1, max-image-preview:large, max-video-preview:-1\" \/>\n<link rel=\"canonical\" href=\"https:\/\/www.cafbl.cat\/es\/fernando-prieto-los-administradores-de-fincas-son-unos-actores-imprescindibles-en-la-rehabilitacion-de-nuestro-parque-edificatorio-son-el-nexo-de-union-entre-el-usuario-y-nuestra-industria\/\" \/>\n<meta property=\"og:locale\" content=\"es_ES\" \/>\n<meta property=\"og:type\" content=\"article\" \/>\n<meta property=\"og:title\" content=\"Fernando Prieto: Los Administradores de Fincas son unos actores imprescindibles en la rehabilitaci\u00f3n de nuestro parque edificatorio - Col\u00b7legi Administradors de Finques Barcelona Lleida\" \/>\n<meta property=\"og:description\" content=\"Canal oficial de not\u00edcies del CAFBL: Fernando Prieto: Los Administradores de Fincas son unos actores imprescindibles en la rehabilitaci\u00f3n de nuestro parque edificatorio Blog del ciudadano\" \/>\n<meta property=\"og:url\" content=\"https:\/\/www.cafbl.cat\/es\/fernando-prieto-los-administradores-de-fincas-son-unos-actores-imprescindibles-en-la-rehabilitacion-de-nuestro-parque-edificatorio-son-el-nexo-de-union-entre-el-usuario-y-nuestra-industria\/\" \/>\n<meta property=\"og:site_name\" content=\"Col\u00b7legi Administradors de Finques Barcelona Lleida\" \/>\n<meta property=\"article:published_time\" content=\"2025-11-26T13:58:17+00:00\" \/>\n<meta property=\"article:modified_time\" content=\"2025-11-27T07:43:08+00:00\" \/>\n<meta property=\"og:image\" content=\"https:\/\/www.cafbl.cat\/wp-content\/uploads\/2025\/11\/FernandoPrieto_ANERR-scaled.webp\" \/>\n\t<meta property=\"og:image:width\" content=\"2560\" \/>\n\t<meta property=\"og:image:height\" content=\"1707\" \/>\n\t<meta property=\"og:image:type\" content=\"image\/webp\" \/>\n<meta name=\"author\" content=\"adminwpcafbl\" \/>\n<meta name=\"twitter:card\" content=\"summary_large_image\" \/>\n<meta name=\"twitter:creator\" content=\"@CAFbcn_lleida\" \/>\n<meta name=\"twitter:site\" content=\"@CAFbcn_lleida\" \/>\n<meta name=\"twitter:label1\" content=\"Escrito por\" \/>\n\t<meta name=\"twitter:data1\" content=\"adminwpcafbl\" \/>\n\t<meta name=\"twitter:label2\" content=\"Tiempo de lectura\" \/>\n\t<meta name=\"twitter:data2\" content=\"6 minutos\" \/>\n<script type=\"application\/ld+json\" class=\"yoast-schema-graph\">{\"@context\":\"https:\\\/\\\/schema.org\",\"@graph\":[{\"@type\":\"Article\",\"@id\":\"https:\\\/\\\/www.cafbl.cat\\\/es\\\/fernando-prieto-los-administradores-de-fincas-son-unos-actores-imprescindibles-en-la-rehabilitacion-de-nuestro-parque-edificatorio-son-el-nexo-de-union-entre-el-usuario-y-nuestra-industria\\\/#article\",\"isPartOf\":{\"@id\":\"https:\\\/\\\/www.cafbl.cat\\\/es\\\/fernando-prieto-los-administradores-de-fincas-son-unos-actores-imprescindibles-en-la-rehabilitacion-de-nuestro-parque-edificatorio-son-el-nexo-de-union-entre-el-usuario-y-nuestra-industria\\\/\"},\"author\":{\"name\":\"adminwpcafbl\",\"@id\":\"https:\\\/\\\/www.cafbl.cat\\\/es\\\/#\\\/schema\\\/person\\\/bfdd3486c3f782e0fd324b2d5a98ef47\"},\"headline\":\"Fernando Prieto: Los Administradores de Fincas son unos actores imprescindibles en la rehabilitaci\u00f3n de nuestro parque edificatorio\",\"datePublished\":\"2025-11-26T13:58:17+00:00\",\"dateModified\":\"2025-11-27T07:43:08+00:00\",\"mainEntityOfPage\":{\"@id\":\"https:\\\/\\\/www.cafbl.cat\\\/es\\\/fernando-prieto-los-administradores-de-fincas-son-unos-actores-imprescindibles-en-la-rehabilitacion-de-nuestro-parque-edificatorio-son-el-nexo-de-union-entre-el-usuario-y-nuestra-industria\\\/\"},\"wordCount\":1087,\"publisher\":{\"@id\":\"https:\\\/\\\/www.cafbl.cat\\\/es\\\/#organization\"},\"image\":{\"@id\":\"https:\\\/\\\/www.cafbl.cat\\\/es\\\/fernando-prieto-los-administradores-de-fincas-son-unos-actores-imprescindibles-en-la-rehabilitacion-de-nuestro-parque-edificatorio-son-el-nexo-de-union-entre-el-usuario-y-nuestra-industria\\\/#primaryimage\"},\"thumbnailUrl\":\"https:\\\/\\\/www.cafbl.cat\\\/wp-content\\\/uploads\\\/2025\\\/11\\\/FernandoPrieto_ANERR-scaled.webp\",\"articleSection\":[\"Accesibilidad y Sostenibilidad\",\"Blog del ciudadano\"],\"inLanguage\":\"es\"},{\"@type\":\"WebPage\",\"@id\":\"https:\\\/\\\/www.cafbl.cat\\\/es\\\/fernando-prieto-los-administradores-de-fincas-son-unos-actores-imprescindibles-en-la-rehabilitacion-de-nuestro-parque-edificatorio-son-el-nexo-de-union-entre-el-usuario-y-nuestra-industria\\\/\",\"url\":\"https:\\\/\\\/www.cafbl.cat\\\/es\\\/fernando-prieto-los-administradores-de-fincas-son-unos-actores-imprescindibles-en-la-rehabilitacion-de-nuestro-parque-edificatorio-son-el-nexo-de-union-entre-el-usuario-y-nuestra-industria\\\/\",\"name\":\"Fernando Prieto: Los Administradores de Fincas son unos actores imprescindibles en la rehabilitaci\u00f3n de nuestro parque edificatorio - Col\u00b7legi Administradors de Finques Barcelona Lleida\",\"isPartOf\":{\"@id\":\"https:\\\/\\\/www.cafbl.cat\\\/es\\\/#website\"},\"primaryImageOfPage\":{\"@id\":\"https:\\\/\\\/www.cafbl.cat\\\/es\\\/fernando-prieto-los-administradores-de-fincas-son-unos-actores-imprescindibles-en-la-rehabilitacion-de-nuestro-parque-edificatorio-son-el-nexo-de-union-entre-el-usuario-y-nuestra-industria\\\/#primaryimage\"},\"image\":{\"@id\":\"https:\\\/\\\/www.cafbl.cat\\\/es\\\/fernando-prieto-los-administradores-de-fincas-son-unos-actores-imprescindibles-en-la-rehabilitacion-de-nuestro-parque-edificatorio-son-el-nexo-de-union-entre-el-usuario-y-nuestra-industria\\\/#primaryimage\"},\"thumbnailUrl\":\"https:\\\/\\\/www.cafbl.cat\\\/wp-content\\\/uploads\\\/2025\\\/11\\\/FernandoPrieto_ANERR-scaled.webp\",\"datePublished\":\"2025-11-26T13:58:17+00:00\",\"dateModified\":\"2025-11-27T07:43:08+00:00\",\"description\":\"Canal oficial de not\u00edcies del CAFBL: Fernando Prieto: Los Administradores de Fincas son unos actores imprescindibles en la rehabilitaci\u00f3n de nuestro parque edificatorio Blog del ciudadano\",\"breadcrumb\":{\"@id\":\"https:\\\/\\\/www.cafbl.cat\\\/es\\\/fernando-prieto-los-administradores-de-fincas-son-unos-actores-imprescindibles-en-la-rehabilitacion-de-nuestro-parque-edificatorio-son-el-nexo-de-union-entre-el-usuario-y-nuestra-industria\\\/#breadcrumb\"},\"inLanguage\":\"es\",\"potentialAction\":[{\"@type\":\"ReadAction\",\"target\":[\"https:\\\/\\\/www.cafbl.cat\\\/es\\\/fernando-prieto-los-administradores-de-fincas-son-unos-actores-imprescindibles-en-la-rehabilitacion-de-nuestro-parque-edificatorio-son-el-nexo-de-union-entre-el-usuario-y-nuestra-industria\\\/\"]}]},{\"@type\":\"ImageObject\",\"inLanguage\":\"es\",\"@id\":\"https:\\\/\\\/www.cafbl.cat\\\/es\\\/fernando-prieto-los-administradores-de-fincas-son-unos-actores-imprescindibles-en-la-rehabilitacion-de-nuestro-parque-edificatorio-son-el-nexo-de-union-entre-el-usuario-y-nuestra-industria\\\/#primaryimage\",\"url\":\"https:\\\/\\\/www.cafbl.cat\\\/wp-content\\\/uploads\\\/2025\\\/11\\\/FernandoPrieto_ANERR-scaled.webp\",\"contentUrl\":\"https:\\\/\\\/www.cafbl.cat\\\/wp-content\\\/uploads\\\/2025\\\/11\\\/FernandoPrieto_ANERR-scaled.webp\",\"width\":2560,\"height\":1707,\"caption\":\"Fernando Prieto_ANERR\"},{\"@type\":\"BreadcrumbList\",\"@id\":\"https:\\\/\\\/www.cafbl.cat\\\/es\\\/fernando-prieto-los-administradores-de-fincas-son-unos-actores-imprescindibles-en-la-rehabilitacion-de-nuestro-parque-edificatorio-son-el-nexo-de-union-entre-el-usuario-y-nuestra-industria\\\/#breadcrumb\",\"itemListElement\":[{\"@type\":\"ListItem\",\"position\":1,\"name\":\"Home\",\"item\":\"https:\\\/\\\/www.cafbl.cat\\\/es\\\/\"},{\"@type\":\"ListItem\",\"position\":2,\"name\":\"Fernando Prieto: Los Administradores de Fincas son unos actores imprescindibles en la rehabilitaci\u00f3n de nuestro parque edificatorio\"}]},{\"@type\":\"WebSite\",\"@id\":\"https:\\\/\\\/www.cafbl.cat\\\/es\\\/#website\",\"url\":\"https:\\\/\\\/www.cafbl.cat\\\/es\\\/\",\"name\":\"Col\u00b7legi Administradors de Finques Barcelona Lleida\",\"description\":\"Web oficial del Col\u00b7legi Administradors de Finques Barcelona Lleida\",\"publisher\":{\"@id\":\"https:\\\/\\\/www.cafbl.cat\\\/es\\\/#organization\"},\"alternateName\":\"CAFBL - Col\u00b7legi Administradors de Finques Barcelona Lleida\",\"potentialAction\":[{\"@type\":\"SearchAction\",\"target\":{\"@type\":\"EntryPoint\",\"urlTemplate\":\"https:\\\/\\\/www.cafbl.cat\\\/es\\\/?s={search_term_string}\"},\"query-input\":{\"@type\":\"PropertyValueSpecification\",\"valueRequired\":true,\"valueName\":\"search_term_string\"}}],\"inLanguage\":\"es\"},{\"@type\":\"Organization\",\"@id\":\"https:\\\/\\\/www.cafbl.cat\\\/es\\\/#organization\",\"name\":\"Col\u00b7legi Administradors de Finques Barcelona Lleida\",\"alternateName\":\"CAFBL - Col\u00b7legi Administradors de Finques Barcelona Lleida\",\"url\":\"https:\\\/\\\/www.cafbl.cat\\\/es\\\/\",\"logo\":{\"@type\":\"ImageObject\",\"inLanguage\":\"es\",\"@id\":\"https:\\\/\\\/www.cafbl.cat\\\/es\\\/#\\\/schema\\\/logo\\\/image\\\/\",\"url\":\"https:\\\/\\\/www.cafbl.cat\\\/wp-content\\\/uploads\\\/2024\\\/07\\\/logo_cafbl.svg\",\"contentUrl\":\"https:\\\/\\\/www.cafbl.cat\\\/wp-content\\\/uploads\\\/2024\\\/07\\\/logo_cafbl.svg\",\"width\":471,\"height\":116,\"caption\":\"Col\u00b7legi Administradors de Finques Barcelona Lleida\"},\"image\":{\"@id\":\"https:\\\/\\\/www.cafbl.cat\\\/es\\\/#\\\/schema\\\/logo\\\/image\\\/\"},\"sameAs\":[\"https:\\\/\\\/x.com\\\/CAFbcn_lleida\",\"https:\\\/\\\/www.linkedin.com\\\/company\\\/administradors-finques-cafbl\",\"https:\\\/\\\/www.instagram.com\\\/administradors_finques_cafbl\\\/\"]},{\"@type\":\"Person\",\"@id\":\"https:\\\/\\\/www.cafbl.cat\\\/es\\\/#\\\/schema\\\/person\\\/bfdd3486c3f782e0fd324b2d5a98ef47\",\"name\":\"adminwpcafbl\",\"image\":{\"@type\":\"ImageObject\",\"inLanguage\":\"es\",\"@id\":\"https:\\\/\\\/secure.gravatar.com\\\/avatar\\\/b32455939fe3be4b8b0c3e83865545e13c95024ea445ea7e7e6774d5f0eebe28?s=96&d=mm&r=g\",\"url\":\"https:\\\/\\\/secure.gravatar.com\\\/avatar\\\/b32455939fe3be4b8b0c3e83865545e13c95024ea445ea7e7e6774d5f0eebe28?s=96&d=mm&r=g\",\"contentUrl\":\"https:\\\/\\\/secure.gravatar.com\\\/avatar\\\/b32455939fe3be4b8b0c3e83865545e13c95024ea445ea7e7e6774d5f0eebe28?s=96&d=mm&r=g\",\"caption\":\"adminwpcafbl\"},\"sameAs\":[\"http:\\\/\\\/cafbl.cat\"],\"url\":\"https:\\\/\\\/www.cafbl.cat\\\/es\\\/author\\\/adminwpcafbl\\\/\"}]}<\/script>\n<!-- \/ Yoast SEO plugin. -->","yoast_head_json":{"title":"Fernando Prieto: Los Administradores de Fincas son unos actores imprescindibles en la rehabilitaci\u00f3n de nuestro parque edificatorio - Col\u00b7legi Administradors de Finques Barcelona Lleida","description":"Canal oficial de not\u00edcies del CAFBL: Fernando Prieto: Los Administradores de Fincas son unos actores imprescindibles en la rehabilitaci\u00f3n de nuestro parque edificatorio Blog del ciudadano","robots":{"index":"index","follow":"follow","max-snippet":"max-snippet:-1","max-image-preview":"max-image-preview:large","max-video-preview":"max-video-preview:-1"},"canonical":"https:\/\/www.cafbl.cat\/es\/fernando-prieto-los-administradores-de-fincas-son-unos-actores-imprescindibles-en-la-rehabilitacion-de-nuestro-parque-edificatorio-son-el-nexo-de-union-entre-el-usuario-y-nuestra-industria\/","og_locale":"es_ES","og_type":"article","og_title":"Fernando Prieto: Los Administradores de Fincas son unos actores imprescindibles en la rehabilitaci\u00f3n de nuestro parque edificatorio - Col\u00b7legi Administradors de Finques Barcelona Lleida","og_description":"Canal oficial de not\u00edcies del CAFBL: Fernando Prieto: Los Administradores de Fincas son unos actores imprescindibles en la rehabilitaci\u00f3n de nuestro parque edificatorio Blog del ciudadano","og_url":"https:\/\/www.cafbl.cat\/es\/fernando-prieto-los-administradores-de-fincas-son-unos-actores-imprescindibles-en-la-rehabilitacion-de-nuestro-parque-edificatorio-son-el-nexo-de-union-entre-el-usuario-y-nuestra-industria\/","og_site_name":"Col\u00b7legi Administradors de Finques Barcelona Lleida","article_published_time":"2025-11-26T13:58:17+00:00","article_modified_time":"2025-11-27T07:43:08+00:00","og_image":[{"width":2560,"height":1707,"url":"https:\/\/www.cafbl.cat\/wp-content\/uploads\/2025\/11\/FernandoPrieto_ANERR-scaled.webp","type":"image\/webp"}],"author":"adminwpcafbl","twitter_card":"summary_large_image","twitter_creator":"@CAFbcn_lleida","twitter_site":"@CAFbcn_lleida","twitter_misc":{"Escrito por":"adminwpcafbl","Tiempo de lectura":"6 minutos"},"schema":{"@context":"https:\/\/schema.org","@graph":[{"@type":"Article","@id":"https:\/\/www.cafbl.cat\/es\/fernando-prieto-los-administradores-de-fincas-son-unos-actores-imprescindibles-en-la-rehabilitacion-de-nuestro-parque-edificatorio-son-el-nexo-de-union-entre-el-usuario-y-nuestra-industria\/#article","isPartOf":{"@id":"https:\/\/www.cafbl.cat\/es\/fernando-prieto-los-administradores-de-fincas-son-unos-actores-imprescindibles-en-la-rehabilitacion-de-nuestro-parque-edificatorio-son-el-nexo-de-union-entre-el-usuario-y-nuestra-industria\/"},"author":{"name":"adminwpcafbl","@id":"https:\/\/www.cafbl.cat\/es\/#\/schema\/person\/bfdd3486c3f782e0fd324b2d5a98ef47"},"headline":"Fernando Prieto: Los Administradores de Fincas son unos actores imprescindibles en la rehabilitaci\u00f3n de nuestro parque edificatorio","datePublished":"2025-11-26T13:58:17+00:00","dateModified":"2025-11-27T07:43:08+00:00","mainEntityOfPage":{"@id":"https:\/\/www.cafbl.cat\/es\/fernando-prieto-los-administradores-de-fincas-son-unos-actores-imprescindibles-en-la-rehabilitacion-de-nuestro-parque-edificatorio-son-el-nexo-de-union-entre-el-usuario-y-nuestra-industria\/"},"wordCount":1087,"publisher":{"@id":"https:\/\/www.cafbl.cat\/es\/#organization"},"image":{"@id":"https:\/\/www.cafbl.cat\/es\/fernando-prieto-los-administradores-de-fincas-son-unos-actores-imprescindibles-en-la-rehabilitacion-de-nuestro-parque-edificatorio-son-el-nexo-de-union-entre-el-usuario-y-nuestra-industria\/#primaryimage"},"thumbnailUrl":"https:\/\/www.cafbl.cat\/wp-content\/uploads\/2025\/11\/FernandoPrieto_ANERR-scaled.webp","articleSection":["Accesibilidad y Sostenibilidad","Blog del ciudadano"],"inLanguage":"es"},{"@type":"WebPage","@id":"https:\/\/www.cafbl.cat\/es\/fernando-prieto-los-administradores-de-fincas-son-unos-actores-imprescindibles-en-la-rehabilitacion-de-nuestro-parque-edificatorio-son-el-nexo-de-union-entre-el-usuario-y-nuestra-industria\/","url":"https:\/\/www.cafbl.cat\/es\/fernando-prieto-los-administradores-de-fincas-son-unos-actores-imprescindibles-en-la-rehabilitacion-de-nuestro-parque-edificatorio-son-el-nexo-de-union-entre-el-usuario-y-nuestra-industria\/","name":"Fernando Prieto: Los Administradores de Fincas son unos actores imprescindibles en la rehabilitaci\u00f3n de nuestro parque edificatorio - Col\u00b7legi Administradors de Finques Barcelona Lleida","isPartOf":{"@id":"https:\/\/www.cafbl.cat\/es\/#website"},"primaryImageOfPage":{"@id":"https:\/\/www.cafbl.cat\/es\/fernando-prieto-los-administradores-de-fincas-son-unos-actores-imprescindibles-en-la-rehabilitacion-de-nuestro-parque-edificatorio-son-el-nexo-de-union-entre-el-usuario-y-nuestra-industria\/#primaryimage"},"image":{"@id":"https:\/\/www.cafbl.cat\/es\/fernando-prieto-los-administradores-de-fincas-son-unos-actores-imprescindibles-en-la-rehabilitacion-de-nuestro-parque-edificatorio-son-el-nexo-de-union-entre-el-usuario-y-nuestra-industria\/#primaryimage"},"thumbnailUrl":"https:\/\/www.cafbl.cat\/wp-content\/uploads\/2025\/11\/FernandoPrieto_ANERR-scaled.webp","datePublished":"2025-11-26T13:58:17+00:00","dateModified":"2025-11-27T07:43:08+00:00","description":"Canal oficial de not\u00edcies del CAFBL: Fernando Prieto: Los Administradores de Fincas son unos actores imprescindibles en la rehabilitaci\u00f3n de nuestro parque edificatorio Blog del ciudadano","breadcrumb":{"@id":"https:\/\/www.cafbl.cat\/es\/fernando-prieto-los-administradores-de-fincas-son-unos-actores-imprescindibles-en-la-rehabilitacion-de-nuestro-parque-edificatorio-son-el-nexo-de-union-entre-el-usuario-y-nuestra-industria\/#breadcrumb"},"inLanguage":"es","potentialAction":[{"@type":"ReadAction","target":["https:\/\/www.cafbl.cat\/es\/fernando-prieto-los-administradores-de-fincas-son-unos-actores-imprescindibles-en-la-rehabilitacion-de-nuestro-parque-edificatorio-son-el-nexo-de-union-entre-el-usuario-y-nuestra-industria\/"]}]},{"@type":"ImageObject","inLanguage":"es","@id":"https:\/\/www.cafbl.cat\/es\/fernando-prieto-los-administradores-de-fincas-son-unos-actores-imprescindibles-en-la-rehabilitacion-de-nuestro-parque-edificatorio-son-el-nexo-de-union-entre-el-usuario-y-nuestra-industria\/#primaryimage","url":"https:\/\/www.cafbl.cat\/wp-content\/uploads\/2025\/11\/FernandoPrieto_ANERR-scaled.webp","contentUrl":"https:\/\/www.cafbl.cat\/wp-content\/uploads\/2025\/11\/FernandoPrieto_ANERR-scaled.webp","width":2560,"height":1707,"caption":"Fernando Prieto_ANERR"},{"@type":"BreadcrumbList","@id":"https:\/\/www.cafbl.cat\/es\/fernando-prieto-los-administradores-de-fincas-son-unos-actores-imprescindibles-en-la-rehabilitacion-de-nuestro-parque-edificatorio-son-el-nexo-de-union-entre-el-usuario-y-nuestra-industria\/#breadcrumb","itemListElement":[{"@type":"ListItem","position":1,"name":"Home","item":"https:\/\/www.cafbl.cat\/es\/"},{"@type":"ListItem","position":2,"name":"Fernando Prieto: Los Administradores de Fincas son unos actores imprescindibles en la rehabilitaci\u00f3n de nuestro parque edificatorio"}]},{"@type":"WebSite","@id":"https:\/\/www.cafbl.cat\/es\/#website","url":"https:\/\/www.cafbl.cat\/es\/","name":"Col\u00b7legi Administradors de Finques Barcelona Lleida","description":"Web oficial del Col\u00b7legi Administradors de Finques Barcelona Lleida","publisher":{"@id":"https:\/\/www.cafbl.cat\/es\/#organization"},"alternateName":"CAFBL - Col\u00b7legi Administradors de Finques Barcelona Lleida","potentialAction":[{"@type":"SearchAction","target":{"@type":"EntryPoint","urlTemplate":"https:\/\/www.cafbl.cat\/es\/?s={search_term_string}"},"query-input":{"@type":"PropertyValueSpecification","valueRequired":true,"valueName":"search_term_string"}}],"inLanguage":"es"},{"@type":"Organization","@id":"https:\/\/www.cafbl.cat\/es\/#organization","name":"Col\u00b7legi Administradors de Finques Barcelona Lleida","alternateName":"CAFBL - Col\u00b7legi Administradors de Finques Barcelona Lleida","url":"https:\/\/www.cafbl.cat\/es\/","logo":{"@type":"ImageObject","inLanguage":"es","@id":"https:\/\/www.cafbl.cat\/es\/#\/schema\/logo\/image\/","url":"https:\/\/www.cafbl.cat\/wp-content\/uploads\/2024\/07\/logo_cafbl.svg","contentUrl":"https:\/\/www.cafbl.cat\/wp-content\/uploads\/2024\/07\/logo_cafbl.svg","width":471,"height":116,"caption":"Col\u00b7legi Administradors de Finques Barcelona Lleida"},"image":{"@id":"https:\/\/www.cafbl.cat\/es\/#\/schema\/logo\/image\/"},"sameAs":["https:\/\/x.com\/CAFbcn_lleida","https:\/\/www.linkedin.com\/company\/administradors-finques-cafbl","https:\/\/www.instagram.com\/administradors_finques_cafbl\/"]},{"@type":"Person","@id":"https:\/\/www.cafbl.cat\/es\/#\/schema\/person\/bfdd3486c3f782e0fd324b2d5a98ef47","name":"adminwpcafbl","image":{"@type":"ImageObject","inLanguage":"es","@id":"https:\/\/secure.gravatar.com\/avatar\/b32455939fe3be4b8b0c3e83865545e13c95024ea445ea7e7e6774d5f0eebe28?s=96&d=mm&r=g","url":"https:\/\/secure.gravatar.com\/avatar\/b32455939fe3be4b8b0c3e83865545e13c95024ea445ea7e7e6774d5f0eebe28?s=96&d=mm&r=g","contentUrl":"https:\/\/secure.gravatar.com\/avatar\/b32455939fe3be4b8b0c3e83865545e13c95024ea445ea7e7e6774d5f0eebe28?s=96&d=mm&r=g","caption":"adminwpcafbl"},"sameAs":["http:\/\/cafbl.cat"],"url":"https:\/\/www.cafbl.cat\/es\/author\/adminwpcafbl\/"}]}},"_links":{"self":[{"href":"https:\/\/www.cafbl.cat\/es\/wp-json\/wp\/v2\/posts\/138646","targetHints":{"allow":["GET"]}}],"collection":[{"href":"https:\/\/www.cafbl.cat\/es\/wp-json\/wp\/v2\/posts"}],"about":[{"href":"https:\/\/www.cafbl.cat\/es\/wp-json\/wp\/v2\/types\/post"}],"author":[{"embeddable":true,"href":"https:\/\/www.cafbl.cat\/es\/wp-json\/wp\/v2\/users\/1"}],"replies":[{"embeddable":true,"href":"https:\/\/www.cafbl.cat\/es\/wp-json\/wp\/v2\/comments?post=138646"}],"version-history":[{"count":0,"href":"https:\/\/www.cafbl.cat\/es\/wp-json\/wp\/v2\/posts\/138646\/revisions"}],"wp:featuredmedia":[{"embeddable":true,"href":"https:\/\/www.cafbl.cat\/es\/wp-json\/wp\/v2\/media\/138647"}],"wp:attachment":[{"href":"https:\/\/www.cafbl.cat\/es\/wp-json\/wp\/v2\/media?parent=138646"}],"wp:term":[{"taxonomy":"category","embeddable":true,"href":"https:\/\/www.cafbl.cat\/es\/wp-json\/wp\/v2\/categories?post=138646"},{"taxonomy":"post_tag","embeddable":true,"href":"https:\/\/www.cafbl.cat\/es\/wp-json\/wp\/v2\/tags?post=138646"}],"curies":[{"name":"wp","href":"https:\/\/api.w.org\/{rel}","templated":true}]}}