{"id":143194,"date":"2025-12-05T13:11:06","date_gmt":"2025-12-05T12:11:06","guid":{"rendered":"https:\/\/www.cafbl.cat\/navidad-en-comunidad-como-convivir-con-las-fiestas-sin-perder-el-espiritu\/"},"modified":"2025-12-05T13:19:21","modified_gmt":"2025-12-05T12:19:21","slug":"navidad-en-comunidad-como-convivir-con-las-fiestas-sin-perder-el-espiritu","status":"publish","type":"post","link":"https:\/\/www.cafbl.cat\/es\/navidad-en-comunidad-como-convivir-con-las-fiestas-sin-perder-el-espiritu\/","title":{"rendered":"Navidad en comunidad: c\u00f3mo convivir con las fiestas sin perder el esp\u00edritu"},"content":{"rendered":"\t\t<div data-elementor-type=\"wp-post\" data-elementor-id=\"143194\" class=\"elementor elementor-143194 elementor-143186\" data-elementor-post-type=\"post\">\n\t\t\t\t<div class=\"elementor-element elementor-element-82bd84e e-flex e-con-boxed wpr-particle-no wpr-jarallax-no wpr-parallax-no wpr-sticky-section-no e-con e-parent\" data-id=\"82bd84e\" data-element_type=\"container\" data-e-type=\"container\">\n\t\t\t\t\t<div class=\"e-con-inner\">\n\t\t\t\t<div class=\"elementor-element elementor-element-e61c09a elementor-widget elementor-widget-image\" data-id=\"e61c09a\" data-element_type=\"widget\" data-e-type=\"widget\" data-widget_type=\"image.default\">\n\t\t\t\t<div class=\"elementor-widget-container\">\n\t\t\t\t\t\t\t\t\t\t\t\t\t\t\t<img fetchpriority=\"high\" decoding=\"async\" width=\"683\" height=\"1024\" src=\"https:\/\/www.cafbl.cat\/wp-content\/uploads\/2024\/12\/Marta_Agraz-683x1024.jpg\" class=\"attachment-large size-large wp-image-97798\" alt=\"\" srcset=\"https:\/\/www.cafbl.cat\/wp-content\/uploads\/2024\/12\/Marta_Agraz-683x1024.jpg 683w, https:\/\/www.cafbl.cat\/wp-content\/uploads\/2024\/12\/Marta_Agraz-200x300.jpg 200w, https:\/\/www.cafbl.cat\/wp-content\/uploads\/2024\/12\/Marta_Agraz-768x1151.jpg 768w, https:\/\/www.cafbl.cat\/wp-content\/uploads\/2024\/12\/Marta_Agraz-1025x1536.jpg 1025w, https:\/\/www.cafbl.cat\/wp-content\/uploads\/2024\/12\/Marta_Agraz-1366x2048.jpg 1366w, https:\/\/www.cafbl.cat\/wp-content\/uploads\/2024\/12\/Marta_Agraz-scaled.jpg 1708w\" sizes=\"(max-width: 683px) 100vw, 683px\" data-cookieconsent=\"ignore\" \/>\t\t\t\t\t\t\t\t\t\t\t\t\t\t\t<\/div>\n\t\t\t\t<\/div>\n\t\t\t\t\t<\/div>\n\t\t\t\t<\/div>\n\t\t<div class=\"elementor-element elementor-element-db494d7 e-flex e-con-boxed wpr-particle-no wpr-jarallax-no wpr-parallax-no wpr-sticky-section-no e-con e-parent\" data-id=\"db494d7\" data-element_type=\"container\" data-e-type=\"container\">\n\t\t\t\t\t<div class=\"e-con-inner\">\n\t\t\t\t<div class=\"elementor-element elementor-element-3fe5a76 elementor-widget elementor-widget-text-editor\" data-id=\"3fe5a76\" data-element_type=\"widget\" data-e-type=\"widget\" data-widget_type=\"text-editor.default\">\n\t\t\t\t<div class=\"elementor-widget-container\">\n\t\t\t\t\t\t\t\t\t<p><strong>Marta Agraz, Directora de Comunicaci\u00f3n del CAFBL<\/strong><\/p>\n<p>Llegan las fiestas de Navidad, un momento lleno de luz, m\u00fasica y reencuentros familiares. Pero tambi\u00e9n es una \u00e9poca que puede poner a prueba la convivencia entre vecinos dentro de una comunidad de propietarios. El \u00e1rbol del vest\u00edbulo, la decoraci\u00f3n de la fachada o las celebraciones familiares pueden generar dudas o peque\u00f1os conflictos que conviene anticipar y gestionar con sentido com\u00fan y respeto.<\/p>\n<h3 data-start=\"559\" data-end=\"592\">Decoraci\u00f3n y espacios comunes<\/h3>\n<p><\/p>\n<p data-start=\"594\" data-end=\"961\">La iluminaci\u00f3n navide\u00f1a y la decoraci\u00f3n de los espacios comunes son una de las cuestiones m\u00e1s habituales. Antes de colocar un \u00e1rbol en el vest\u00edbulo o colgar adornos en el rellano, hay que recordar que se trata de espacios compartidos y que cualquier decisi\u00f3n debe tomarse con el visto bueno de la comunidad o, en su caso, del presidente o del administrador de fincas.<\/p>\n<p><\/p>\n<p data-start=\"963\" data-end=\"1340\">Una recomendaci\u00f3n pr\u00e1ctica es consensuar el tipo de decoraci\u00f3n, su ubicaci\u00f3n y el tiempo que permanecer\u00e1 instalada. Seg\u00fan el art\u00edculo 553-36 del C\u00f3digo Civil Catal\u00e1n, cualquier modificaci\u00f3n en espacios comunes, como la decoraci\u00f3n, requiere un acuerdo de la junta de propietarios con mayor\u00eda simple para decisiones ordinarias, convocada con un orden del d\u00eda que incluya el tema.<\/p>\n<h3 data-start=\"963\" data-end=\"1340\">Luz y seguridad<\/h3>\n<p><\/p>\n<p data-start=\"1363\" data-end=\"1557\">El uso de luces decorativas ha aumentado mucho en los \u00faltimos a\u00f1os. Es necesario comprobar que cumplan la normativa europea y sean adecuadas para exteriores si se colocan en fachadas o balcones.<\/p>\n<h3 data-start=\"1559\" data-end=\"1584\">Ruido y celebraciones<\/h3>\n<p><\/p>\n<p data-start=\"1586\" data-end=\"1842\">Los encuentros familiares o fiestas en casa son parte esencial de la Navidad, pero hay que tener en cuenta el descanso de los vecinos. Las ordenanzas municipales establecen franjas horarias y l\u00edmites de ruido que tambi\u00e9n est\u00e1n vigentes durante las fiestas.<\/p>\n<p><\/p>\n<p data-start=\"1844\" data-end=\"2048\">En <strong>Barcelona<\/strong>, la <a href=\"http:\/\/chrome-extension:\/\/efaidnbmnnnibpcajpcglclefindmkaj\/https:\/\/ajuntament.barcelona.cat\/ecologiaurbana\/sites\/default\/files\/OrdenancaMediAmbientUrbaTitolIII.pdf\" target=\"_blank\" rel=\"noopener\">Ordenanza Municipal de Medio Ambiente Urbano (T\u00edtulo III. Contaminaci\u00f3n ac\u00fastica, Art. 59<\/a>) limita los ruidos nocturnos en zonas residenciales <strong>de 22 h a 8 h<\/strong>, sin excepciones por fiestas.]<\/p>\n<p><\/p>\n<p data-start=\"2050\" data-end=\"2322\">En <strong>Lleida<\/strong>, la <a href=\"https:\/\/mobilitat.paeria.cat\/legislacio-ca\/ordenanca-de-civisme-i-convivencia-de-la-ciutat-de-lleida\/view\" target=\"_blank\" rel=\"noopener\">Ordenanza de Civismo y Convivencia de la Ciudad de Lleida (Cap\u00edtulo III. Art\u00edculo 46. Ruidos molestos<\/a>) aplica l\u00edmites especialmente <strong>entre las 23 h y las 7 h<\/strong> del d\u00eda siguiente, regulando la contaminaci\u00f3n ac\u00fastica sin permisos especiales por Navidad tampoco.]<\/p>\n<p><\/p>\n<p data-start=\"2324\" data-end=\"2642\">Est\u00e1 claro que en d\u00edas especiales como la Navidad se pueden hacer algunas excepciones, pero tambi\u00e9n depende del vecindario, si es m\u00e1s o menos permisivo. Si tienes ni\u00f1os cantando villancicos, siempre puedes avisar a los vecinos con una nota simp\u00e1tica en el tabl\u00f3n: \u201cMa\u00f1ana fiestecita suave, \u00a1gracias por la paciencia!\u201d.<\/p>\n<p><\/p>\n<p data-start=\"2644\" data-end=\"2717\">El mejor regalo para el vecindario es una Navidad tranquila y respetuosa.<\/p>\n<h3 data-start=\"2719\" data-end=\"2759\">El papel del Administrador de Fincas<\/h3>\n<p><\/p>\n<p data-start=\"2761\" data-end=\"3124\">El Administrador de Fincas desempe\u00f1a un papel clave en esta \u00e9poca, ofreciendo orientaci\u00f3n a la comunidad sobre c\u00f3mo regular estas situaciones y recordando las normas b\u00e1sicas de convivencia. En caso de conflicto, puede actuar como mediador para encontrar soluciones dialogadas y evitar que peque\u00f1as discrepancias terminen deteriorando las relaciones entre vecinos.<\/p>\n<p><\/p>\n<p data-start=\"3126\" data-end=\"3360\">La Navidad es, en definitiva, una oportunidad para reforzar los lazos vecinales, disfrutar de la decoraci\u00f3n y celebrar en armon\u00eda. Con una buena gesti\u00f3n y una dosis de respeto, la convivencia puede ser el mejor adorno de la comunidad.<\/p>\n\t\t\t\t\t\t\t\t<\/div>\n\t\t\t\t<\/div>\n\t\t\t\t\t<\/div>\n\t\t\t\t<\/div>\n\t\t\t\t<\/div>\n\t\t","protected":false},"excerpt":{"rendered":"<p>Marta Agraz, Directora de Comunicaci\u00f3n del CAFBL Llegan las fiestas de Navidad, un momento lleno de luz, m\u00fasica y reencuentros familiares. Pero tambi\u00e9n es una \u00e9poca que puede poner a prueba la convivencia entre vecinos dentro de una comunidad de propietarios. El \u00e1rbol del vest\u00edbulo, la decoraci\u00f3n de la fachada o las celebraciones familiares pueden generar dudas o peque\u00f1os conflictos que conviene anticipar y gestionar con sentido com\u00fan y respeto. Decoraci\u00f3n y espacios comunes La iluminaci\u00f3n navide\u00f1a y la decoraci\u00f3n de los espacios comunes son una de las cuestiones m\u00e1s habituales. Antes de colocar un \u00e1rbol en el vest\u00edbulo o colgar adornos en el rellano, hay que recordar que se trata de espacios compartidos y que cualquier decisi\u00f3n debe tomarse con el visto bueno de la comunidad o, en su caso, del presidente o del administrador de fincas. Una recomendaci\u00f3n pr\u00e1ctica es consensuar el tipo de decoraci\u00f3n, su ubicaci\u00f3n y el tiempo que permanecer\u00e1 instalada. Seg\u00fan el art\u00edculo 553-36 del C\u00f3digo Civil Catal\u00e1n, cualquier modificaci\u00f3n en espacios comunes, como la decoraci\u00f3n, requiere un acuerdo de la junta de propietarios con mayor\u00eda simple para decisiones ordinarias, convocada con un orden del d\u00eda que incluya el tema. Luz y seguridad El uso de luces decorativas ha aumentado mucho en los \u00faltimos a\u00f1os. Es necesario comprobar que cumplan la normativa europea y sean adecuadas para exteriores si se colocan en fachadas o balcones. Ruido y celebraciones Los encuentros familiares o fiestas en casa son parte esencial de la Navidad, pero hay que tener en cuenta el descanso de los vecinos. Las ordenanzas municipales establecen franjas horarias y l\u00edmites de ruido que tambi\u00e9n est\u00e1n vigentes durante las fiestas. En Barcelona, la Ordenanza Municipal de Medio Ambiente Urbano (T\u00edtulo III. Contaminaci\u00f3n ac\u00fastica, Art. 59) limita los ruidos nocturnos en zonas residenciales de 22 h a 8 h, sin excepciones por fiestas.] En Lleida, la Ordenanza de Civismo y Convivencia de la Ciudad de Lleida (Cap\u00edtulo III. Art\u00edculo 46. Ruidos molestos) aplica l\u00edmites especialmente entre las 23 h y las 7 h del d\u00eda siguiente, regulando la contaminaci\u00f3n ac\u00fastica sin permisos especiales por Navidad tampoco.] Est\u00e1 claro que en d\u00edas especiales como la Navidad se pueden hacer algunas excepciones, pero tambi\u00e9n depende del vecindario, si es m\u00e1s o menos permisivo. Si tienes ni\u00f1os cantando villancicos, siempre puedes avisar a los vecinos con una nota simp\u00e1tica en el tabl\u00f3n: \u201cMa\u00f1ana fiestecita suave, \u00a1gracias por la paciencia!\u201d. El mejor regalo para el vecindario es una Navidad tranquila y respetuosa. El papel del Administrador de Fincas El Administrador de Fincas desempe\u00f1a un papel clave en esta \u00e9poca, ofreciendo orientaci\u00f3n a la comunidad sobre c\u00f3mo regular estas situaciones y recordando las normas b\u00e1sicas de convivencia. En caso de conflicto, puede actuar como mediador para encontrar soluciones dialogadas y evitar que peque\u00f1as discrepancias terminen deteriorando las relaciones entre vecinos. La Navidad es, en definitiva, una oportunidad para reforzar los lazos vecinales, disfrutar de la decoraci\u00f3n y celebrar en armon\u00eda. Con una buena gesti\u00f3n y una dosis de respeto, la convivencia puede ser el mejor adorno de la comunidad.<\/p>\n","protected":false},"author":1,"featured_media":143119,"comment_status":"closed","ping_status":"closed","sticky":false,"template":"","format":"standard","meta":{"_acf_changed":false,"site-sidebar-layout":"default","site-content-layout":"","ast-site-content-layout":"default","site-content-style":"default","site-sidebar-style":"default","ast-global-header-display":"","ast-banner-title-visibility":"","ast-main-header-display":"","ast-hfb-above-header-display":"","ast-hfb-below-header-display":"","ast-hfb-mobile-header-display":"","site-post-title":"","ast-breadcrumbs-content":"","ast-featured-img":"","footer-sml-layout":"","ast-disable-related-posts":"","theme-transparent-header-meta":"","adv-header-id-meta":"","stick-header-meta":"","header-above-stick-meta":"","header-main-stick-meta":"","header-below-stick-meta":"","astra-migrate-meta-layouts":"default","ast-page-background-enabled":"default","ast-page-background-meta":{"desktop":{"background-color":"var(--ast-global-color-4)","background-image":"","background-repeat":"repeat","background-position":"center center","background-size":"auto","background-attachment":"scroll","background-type":"","background-media":"","overlay-type":"","overlay-color":"","overlay-opacity":"","overlay-gradient":""},"tablet":{"background-color":"","background-image":"","background-repeat":"repeat","background-position":"center center","background-size":"auto","background-attachment":"scroll","background-type":"","background-media":"","overlay-type":"","overlay-color":"","overlay-opacity":"","overlay-gradient":""},"mobile":{"background-color":"","background-image":"","background-repeat":"repeat","background-position":"center center","background-size":"auto","background-attachment":"scroll","background-type":"","background-media":"","overlay-type":"","overlay-color":"","overlay-opacity":"","overlay-gradient":""}},"ast-content-background-meta":{"desktop":{"background-color":"var(--ast-global-color-5)","background-image":"","background-repeat":"repeat","background-position":"center center","background-size":"auto","background-attachment":"scroll","background-type":"","background-media":"","overlay-type":"","overlay-color":"","overlay-opacity":"","overlay-gradient":""},"tablet":{"background-color":"var(--ast-global-color-5)","background-image":"","background-repeat":"repeat","background-position":"center center","background-size":"auto","background-attachment":"scroll","background-type":"","background-media":"","overlay-type":"","overlay-color":"","overlay-opacity":"","overlay-gradient":""},"mobile":{"background-color":"var(--ast-global-color-5)","background-image":"","background-repeat":"repeat","background-position":"center center","background-size":"auto","background-attachment":"scroll","background-type":"","background-media":"","overlay-type":"","overlay-color":"","overlay-opacity":"","overlay-gradient":""}},"footnotes":""},"categories":[692],"tags":[],"class_list":["post-143194","post","type-post","status-publish","format-standard","has-post-thumbnail","hentry","category-blog-del-ciudadano"],"acf":[],"yoast_head":"<!-- This site is optimized with the Yoast SEO plugin v27.5 - https:\/\/yoast.com\/product\/yoast-seo-wordpress\/ -->\n<title>Navidad en comunidad<\/title>\n<meta name=\"description\" content=\"Blog del ciudadano del Col\u00b7legi d&#039;Administradors de Finques de Barcelona-Lleida: Navidad en comunidad, c\u00f3mo convivir con las fiestas sin perder el esp\u00edritu\" \/>\n<meta name=\"robots\" content=\"index, follow, max-snippet:-1, max-image-preview:large, max-video-preview:-1\" \/>\n<link rel=\"canonical\" href=\"https:\/\/www.cafbl.cat\/es\/navidad-en-comunidad-como-convivir-con-las-fiestas-sin-perder-el-espiritu\/\" \/>\n<meta property=\"og:locale\" content=\"es_ES\" \/>\n<meta property=\"og:type\" content=\"article\" \/>\n<meta property=\"og:title\" content=\"Navidad en comunidad\" \/>\n<meta property=\"og:description\" content=\"Blog del ciudadano del Col\u00b7legi d&#039;Administradors de Finques de Barcelona-Lleida: Navidad en comunidad, c\u00f3mo convivir con las fiestas sin perder el esp\u00edritu\" \/>\n<meta property=\"og:url\" content=\"https:\/\/www.cafbl.cat\/es\/navidad-en-comunidad-como-convivir-con-las-fiestas-sin-perder-el-espiritu\/\" \/>\n<meta property=\"og:site_name\" content=\"Col\u00b7legi Administradors de Finques Barcelona Lleida\" \/>\n<meta property=\"article:published_time\" content=\"2025-12-05T12:11:06+00:00\" \/>\n<meta property=\"article:modified_time\" content=\"2025-12-05T12:19:21+00:00\" \/>\n<meta property=\"og:image\" content=\"https:\/\/www.cafbl.cat\/wp-content\/uploads\/2025\/12\/Nadal_BlogCiutada.webp\" \/>\n\t<meta property=\"og:image:width\" content=\"2500\" \/>\n\t<meta property=\"og:image:height\" content=\"1700\" \/>\n\t<meta property=\"og:image:type\" content=\"image\/webp\" \/>\n<meta name=\"author\" content=\"adminwpcafbl\" \/>\n<meta name=\"twitter:card\" content=\"summary_large_image\" \/>\n<meta name=\"twitter:creator\" content=\"@CAFbcn_lleida\" \/>\n<meta name=\"twitter:site\" content=\"@CAFbcn_lleida\" \/>\n<meta name=\"twitter:label1\" content=\"Escrito por\" \/>\n\t<meta name=\"twitter:data1\" content=\"adminwpcafbl\" \/>\n\t<meta name=\"twitter:label2\" content=\"Tiempo de lectura\" \/>\n\t<meta name=\"twitter:data2\" content=\"3 minutos\" \/>\n<script type=\"application\/ld+json\" class=\"yoast-schema-graph\">{\"@context\":\"https:\\\/\\\/schema.org\",\"@graph\":[{\"@type\":\"Article\",\"@id\":\"https:\\\/\\\/www.cafbl.cat\\\/es\\\/navidad-en-comunidad-como-convivir-con-las-fiestas-sin-perder-el-espiritu\\\/#article\",\"isPartOf\":{\"@id\":\"https:\\\/\\\/www.cafbl.cat\\\/es\\\/navidad-en-comunidad-como-convivir-con-las-fiestas-sin-perder-el-espiritu\\\/\"},\"author\":{\"name\":\"adminwpcafbl\",\"@id\":\"https:\\\/\\\/www.cafbl.cat\\\/es\\\/#\\\/schema\\\/person\\\/bfdd3486c3f782e0fd324b2d5a98ef47\"},\"headline\":\"Navidad en comunidad: c\u00f3mo convivir con las fiestas sin perder el esp\u00edritu\",\"datePublished\":\"2025-12-05T12:11:06+00:00\",\"dateModified\":\"2025-12-05T12:19:21+00:00\",\"mainEntityOfPage\":{\"@id\":\"https:\\\/\\\/www.cafbl.cat\\\/es\\\/navidad-en-comunidad-como-convivir-con-las-fiestas-sin-perder-el-espiritu\\\/\"},\"wordCount\":569,\"publisher\":{\"@id\":\"https:\\\/\\\/www.cafbl.cat\\\/es\\\/#organization\"},\"image\":{\"@id\":\"https:\\\/\\\/www.cafbl.cat\\\/es\\\/navidad-en-comunidad-como-convivir-con-las-fiestas-sin-perder-el-espiritu\\\/#primaryimage\"},\"thumbnailUrl\":\"https:\\\/\\\/www.cafbl.cat\\\/wp-content\\\/uploads\\\/2025\\\/12\\\/Nadal_BlogCiutada.webp\",\"articleSection\":[\"Blog del ciudadano\"],\"inLanguage\":\"es\"},{\"@type\":\"WebPage\",\"@id\":\"https:\\\/\\\/www.cafbl.cat\\\/es\\\/navidad-en-comunidad-como-convivir-con-las-fiestas-sin-perder-el-espiritu\\\/\",\"url\":\"https:\\\/\\\/www.cafbl.cat\\\/es\\\/navidad-en-comunidad-como-convivir-con-las-fiestas-sin-perder-el-espiritu\\\/\",\"name\":\"Navidad en comunidad\",\"isPartOf\":{\"@id\":\"https:\\\/\\\/www.cafbl.cat\\\/es\\\/#website\"},\"primaryImageOfPage\":{\"@id\":\"https:\\\/\\\/www.cafbl.cat\\\/es\\\/navidad-en-comunidad-como-convivir-con-las-fiestas-sin-perder-el-espiritu\\\/#primaryimage\"},\"image\":{\"@id\":\"https:\\\/\\\/www.cafbl.cat\\\/es\\\/navidad-en-comunidad-como-convivir-con-las-fiestas-sin-perder-el-espiritu\\\/#primaryimage\"},\"thumbnailUrl\":\"https:\\\/\\\/www.cafbl.cat\\\/wp-content\\\/uploads\\\/2025\\\/12\\\/Nadal_BlogCiutada.webp\",\"datePublished\":\"2025-12-05T12:11:06+00:00\",\"dateModified\":\"2025-12-05T12:19:21+00:00\",\"description\":\"Blog del ciudadano del Col\u00b7legi d'Administradors de Finques de Barcelona-Lleida: Navidad en comunidad, c\u00f3mo convivir con las fiestas sin perder el esp\u00edritu\",\"breadcrumb\":{\"@id\":\"https:\\\/\\\/www.cafbl.cat\\\/es\\\/navidad-en-comunidad-como-convivir-con-las-fiestas-sin-perder-el-espiritu\\\/#breadcrumb\"},\"inLanguage\":\"es\",\"potentialAction\":[{\"@type\":\"ReadAction\",\"target\":[\"https:\\\/\\\/www.cafbl.cat\\\/es\\\/navidad-en-comunidad-como-convivir-con-las-fiestas-sin-perder-el-espiritu\\\/\"]}]},{\"@type\":\"ImageObject\",\"inLanguage\":\"es\",\"@id\":\"https:\\\/\\\/www.cafbl.cat\\\/es\\\/navidad-en-comunidad-como-convivir-con-las-fiestas-sin-perder-el-espiritu\\\/#primaryimage\",\"url\":\"https:\\\/\\\/www.cafbl.cat\\\/wp-content\\\/uploads\\\/2025\\\/12\\\/Nadal_BlogCiutada.webp\",\"contentUrl\":\"https:\\\/\\\/www.cafbl.cat\\\/wp-content\\\/uploads\\\/2025\\\/12\\\/Nadal_BlogCiutada.webp\",\"width\":2500,\"height\":1700},{\"@type\":\"BreadcrumbList\",\"@id\":\"https:\\\/\\\/www.cafbl.cat\\\/es\\\/navidad-en-comunidad-como-convivir-con-las-fiestas-sin-perder-el-espiritu\\\/#breadcrumb\",\"itemListElement\":[{\"@type\":\"ListItem\",\"position\":1,\"name\":\"Home\",\"item\":\"https:\\\/\\\/www.cafbl.cat\\\/es\\\/\"},{\"@type\":\"ListItem\",\"position\":2,\"name\":\"Navidad en comunidad: c\u00f3mo convivir con las fiestas sin perder el esp\u00edritu\"}]},{\"@type\":\"WebSite\",\"@id\":\"https:\\\/\\\/www.cafbl.cat\\\/es\\\/#website\",\"url\":\"https:\\\/\\\/www.cafbl.cat\\\/es\\\/\",\"name\":\"Col\u00b7legi Administradors de Finques Barcelona Lleida\",\"description\":\"Web oficial del Col\u00b7legi Administradors de Finques Barcelona Lleida\",\"publisher\":{\"@id\":\"https:\\\/\\\/www.cafbl.cat\\\/es\\\/#organization\"},\"alternateName\":\"CAFBL - Col\u00b7legi Administradors de Finques Barcelona Lleida\",\"potentialAction\":[{\"@type\":\"SearchAction\",\"target\":{\"@type\":\"EntryPoint\",\"urlTemplate\":\"https:\\\/\\\/www.cafbl.cat\\\/es\\\/?s={search_term_string}\"},\"query-input\":{\"@type\":\"PropertyValueSpecification\",\"valueRequired\":true,\"valueName\":\"search_term_string\"}}],\"inLanguage\":\"es\"},{\"@type\":\"Organization\",\"@id\":\"https:\\\/\\\/www.cafbl.cat\\\/es\\\/#organization\",\"name\":\"Col\u00b7legi Administradors de Finques Barcelona Lleida\",\"alternateName\":\"CAFBL - Col\u00b7legi Administradors de Finques Barcelona Lleida\",\"url\":\"https:\\\/\\\/www.cafbl.cat\\\/es\\\/\",\"logo\":{\"@type\":\"ImageObject\",\"inLanguage\":\"es\",\"@id\":\"https:\\\/\\\/www.cafbl.cat\\\/es\\\/#\\\/schema\\\/logo\\\/image\\\/\",\"url\":\"https:\\\/\\\/www.cafbl.cat\\\/wp-content\\\/uploads\\\/2024\\\/07\\\/logo_cafbl.svg\",\"contentUrl\":\"https:\\\/\\\/www.cafbl.cat\\\/wp-content\\\/uploads\\\/2024\\\/07\\\/logo_cafbl.svg\",\"width\":471,\"height\":116,\"caption\":\"Col\u00b7legi Administradors de Finques Barcelona Lleida\"},\"image\":{\"@id\":\"https:\\\/\\\/www.cafbl.cat\\\/es\\\/#\\\/schema\\\/logo\\\/image\\\/\"},\"sameAs\":[\"https:\\\/\\\/x.com\\\/CAFbcn_lleida\",\"https:\\\/\\\/www.linkedin.com\\\/company\\\/administradors-finques-cafbl\",\"https:\\\/\\\/www.instagram.com\\\/administradors_finques_cafbl\\\/\"]},{\"@type\":\"Person\",\"@id\":\"https:\\\/\\\/www.cafbl.cat\\\/es\\\/#\\\/schema\\\/person\\\/bfdd3486c3f782e0fd324b2d5a98ef47\",\"name\":\"adminwpcafbl\",\"image\":{\"@type\":\"ImageObject\",\"inLanguage\":\"es\",\"@id\":\"https:\\\/\\\/secure.gravatar.com\\\/avatar\\\/b32455939fe3be4b8b0c3e83865545e13c95024ea445ea7e7e6774d5f0eebe28?s=96&d=mm&r=g\",\"url\":\"https:\\\/\\\/secure.gravatar.com\\\/avatar\\\/b32455939fe3be4b8b0c3e83865545e13c95024ea445ea7e7e6774d5f0eebe28?s=96&d=mm&r=g\",\"contentUrl\":\"https:\\\/\\\/secure.gravatar.com\\\/avatar\\\/b32455939fe3be4b8b0c3e83865545e13c95024ea445ea7e7e6774d5f0eebe28?s=96&d=mm&r=g\",\"caption\":\"adminwpcafbl\"},\"sameAs\":[\"http:\\\/\\\/cafbl.cat\"],\"url\":\"https:\\\/\\\/www.cafbl.cat\\\/es\\\/author\\\/adminwpcafbl\\\/\"}]}<\/script>\n<!-- \/ Yoast SEO plugin. -->","yoast_head_json":{"title":"Navidad en comunidad","description":"Blog del ciudadano del Col\u00b7legi d'Administradors de Finques de Barcelona-Lleida: Navidad en comunidad, c\u00f3mo convivir con las fiestas sin perder el esp\u00edritu","robots":{"index":"index","follow":"follow","max-snippet":"max-snippet:-1","max-image-preview":"max-image-preview:large","max-video-preview":"max-video-preview:-1"},"canonical":"https:\/\/www.cafbl.cat\/es\/navidad-en-comunidad-como-convivir-con-las-fiestas-sin-perder-el-espiritu\/","og_locale":"es_ES","og_type":"article","og_title":"Navidad en comunidad","og_description":"Blog del ciudadano del Col\u00b7legi d'Administradors de Finques de Barcelona-Lleida: Navidad en comunidad, c\u00f3mo convivir con las fiestas sin perder el esp\u00edritu","og_url":"https:\/\/www.cafbl.cat\/es\/navidad-en-comunidad-como-convivir-con-las-fiestas-sin-perder-el-espiritu\/","og_site_name":"Col\u00b7legi Administradors de Finques Barcelona Lleida","article_published_time":"2025-12-05T12:11:06+00:00","article_modified_time":"2025-12-05T12:19:21+00:00","og_image":[{"width":2500,"height":1700,"url":"https:\/\/www.cafbl.cat\/wp-content\/uploads\/2025\/12\/Nadal_BlogCiutada.webp","type":"image\/webp"}],"author":"adminwpcafbl","twitter_card":"summary_large_image","twitter_creator":"@CAFbcn_lleida","twitter_site":"@CAFbcn_lleida","twitter_misc":{"Escrito por":"adminwpcafbl","Tiempo de lectura":"3 minutos"},"schema":{"@context":"https:\/\/schema.org","@graph":[{"@type":"Article","@id":"https:\/\/www.cafbl.cat\/es\/navidad-en-comunidad-como-convivir-con-las-fiestas-sin-perder-el-espiritu\/#article","isPartOf":{"@id":"https:\/\/www.cafbl.cat\/es\/navidad-en-comunidad-como-convivir-con-las-fiestas-sin-perder-el-espiritu\/"},"author":{"name":"adminwpcafbl","@id":"https:\/\/www.cafbl.cat\/es\/#\/schema\/person\/bfdd3486c3f782e0fd324b2d5a98ef47"},"headline":"Navidad en comunidad: c\u00f3mo convivir con las fiestas sin perder el esp\u00edritu","datePublished":"2025-12-05T12:11:06+00:00","dateModified":"2025-12-05T12:19:21+00:00","mainEntityOfPage":{"@id":"https:\/\/www.cafbl.cat\/es\/navidad-en-comunidad-como-convivir-con-las-fiestas-sin-perder-el-espiritu\/"},"wordCount":569,"publisher":{"@id":"https:\/\/www.cafbl.cat\/es\/#organization"},"image":{"@id":"https:\/\/www.cafbl.cat\/es\/navidad-en-comunidad-como-convivir-con-las-fiestas-sin-perder-el-espiritu\/#primaryimage"},"thumbnailUrl":"https:\/\/www.cafbl.cat\/wp-content\/uploads\/2025\/12\/Nadal_BlogCiutada.webp","articleSection":["Blog del ciudadano"],"inLanguage":"es"},{"@type":"WebPage","@id":"https:\/\/www.cafbl.cat\/es\/navidad-en-comunidad-como-convivir-con-las-fiestas-sin-perder-el-espiritu\/","url":"https:\/\/www.cafbl.cat\/es\/navidad-en-comunidad-como-convivir-con-las-fiestas-sin-perder-el-espiritu\/","name":"Navidad en comunidad","isPartOf":{"@id":"https:\/\/www.cafbl.cat\/es\/#website"},"primaryImageOfPage":{"@id":"https:\/\/www.cafbl.cat\/es\/navidad-en-comunidad-como-convivir-con-las-fiestas-sin-perder-el-espiritu\/#primaryimage"},"image":{"@id":"https:\/\/www.cafbl.cat\/es\/navidad-en-comunidad-como-convivir-con-las-fiestas-sin-perder-el-espiritu\/#primaryimage"},"thumbnailUrl":"https:\/\/www.cafbl.cat\/wp-content\/uploads\/2025\/12\/Nadal_BlogCiutada.webp","datePublished":"2025-12-05T12:11:06+00:00","dateModified":"2025-12-05T12:19:21+00:00","description":"Blog del ciudadano del Col\u00b7legi d'Administradors de Finques de Barcelona-Lleida: Navidad en comunidad, c\u00f3mo convivir con las fiestas sin perder el esp\u00edritu","breadcrumb":{"@id":"https:\/\/www.cafbl.cat\/es\/navidad-en-comunidad-como-convivir-con-las-fiestas-sin-perder-el-espiritu\/#breadcrumb"},"inLanguage":"es","potentialAction":[{"@type":"ReadAction","target":["https:\/\/www.cafbl.cat\/es\/navidad-en-comunidad-como-convivir-con-las-fiestas-sin-perder-el-espiritu\/"]}]},{"@type":"ImageObject","inLanguage":"es","@id":"https:\/\/www.cafbl.cat\/es\/navidad-en-comunidad-como-convivir-con-las-fiestas-sin-perder-el-espiritu\/#primaryimage","url":"https:\/\/www.cafbl.cat\/wp-content\/uploads\/2025\/12\/Nadal_BlogCiutada.webp","contentUrl":"https:\/\/www.cafbl.cat\/wp-content\/uploads\/2025\/12\/Nadal_BlogCiutada.webp","width":2500,"height":1700},{"@type":"BreadcrumbList","@id":"https:\/\/www.cafbl.cat\/es\/navidad-en-comunidad-como-convivir-con-las-fiestas-sin-perder-el-espiritu\/#breadcrumb","itemListElement":[{"@type":"ListItem","position":1,"name":"Home","item":"https:\/\/www.cafbl.cat\/es\/"},{"@type":"ListItem","position":2,"name":"Navidad en comunidad: c\u00f3mo convivir con las fiestas sin perder el esp\u00edritu"}]},{"@type":"WebSite","@id":"https:\/\/www.cafbl.cat\/es\/#website","url":"https:\/\/www.cafbl.cat\/es\/","name":"Col\u00b7legi Administradors de Finques Barcelona Lleida","description":"Web oficial del Col\u00b7legi Administradors de Finques Barcelona Lleida","publisher":{"@id":"https:\/\/www.cafbl.cat\/es\/#organization"},"alternateName":"CAFBL - Col\u00b7legi Administradors de Finques Barcelona Lleida","potentialAction":[{"@type":"SearchAction","target":{"@type":"EntryPoint","urlTemplate":"https:\/\/www.cafbl.cat\/es\/?s={search_term_string}"},"query-input":{"@type":"PropertyValueSpecification","valueRequired":true,"valueName":"search_term_string"}}],"inLanguage":"es"},{"@type":"Organization","@id":"https:\/\/www.cafbl.cat\/es\/#organization","name":"Col\u00b7legi Administradors de Finques Barcelona Lleida","alternateName":"CAFBL - Col\u00b7legi Administradors de Finques Barcelona Lleida","url":"https:\/\/www.cafbl.cat\/es\/","logo":{"@type":"ImageObject","inLanguage":"es","@id":"https:\/\/www.cafbl.cat\/es\/#\/schema\/logo\/image\/","url":"https:\/\/www.cafbl.cat\/wp-content\/uploads\/2024\/07\/logo_cafbl.svg","contentUrl":"https:\/\/www.cafbl.cat\/wp-content\/uploads\/2024\/07\/logo_cafbl.svg","width":471,"height":116,"caption":"Col\u00b7legi Administradors de Finques Barcelona Lleida"},"image":{"@id":"https:\/\/www.cafbl.cat\/es\/#\/schema\/logo\/image\/"},"sameAs":["https:\/\/x.com\/CAFbcn_lleida","https:\/\/www.linkedin.com\/company\/administradors-finques-cafbl","https:\/\/www.instagram.com\/administradors_finques_cafbl\/"]},{"@type":"Person","@id":"https:\/\/www.cafbl.cat\/es\/#\/schema\/person\/bfdd3486c3f782e0fd324b2d5a98ef47","name":"adminwpcafbl","image":{"@type":"ImageObject","inLanguage":"es","@id":"https:\/\/secure.gravatar.com\/avatar\/b32455939fe3be4b8b0c3e83865545e13c95024ea445ea7e7e6774d5f0eebe28?s=96&d=mm&r=g","url":"https:\/\/secure.gravatar.com\/avatar\/b32455939fe3be4b8b0c3e83865545e13c95024ea445ea7e7e6774d5f0eebe28?s=96&d=mm&r=g","contentUrl":"https:\/\/secure.gravatar.com\/avatar\/b32455939fe3be4b8b0c3e83865545e13c95024ea445ea7e7e6774d5f0eebe28?s=96&d=mm&r=g","caption":"adminwpcafbl"},"sameAs":["http:\/\/cafbl.cat"],"url":"https:\/\/www.cafbl.cat\/es\/author\/adminwpcafbl\/"}]}},"_links":{"self":[{"href":"https:\/\/www.cafbl.cat\/es\/wp-json\/wp\/v2\/posts\/143194","targetHints":{"allow":["GET"]}}],"collection":[{"href":"https:\/\/www.cafbl.cat\/es\/wp-json\/wp\/v2\/posts"}],"about":[{"href":"https:\/\/www.cafbl.cat\/es\/wp-json\/wp\/v2\/types\/post"}],"author":[{"embeddable":true,"href":"https:\/\/www.cafbl.cat\/es\/wp-json\/wp\/v2\/users\/1"}],"replies":[{"embeddable":true,"href":"https:\/\/www.cafbl.cat\/es\/wp-json\/wp\/v2\/comments?post=143194"}],"version-history":[{"count":0,"href":"https:\/\/www.cafbl.cat\/es\/wp-json\/wp\/v2\/posts\/143194\/revisions"}],"wp:featuredmedia":[{"embeddable":true,"href":"https:\/\/www.cafbl.cat\/es\/wp-json\/wp\/v2\/media\/143119"}],"wp:attachment":[{"href":"https:\/\/www.cafbl.cat\/es\/wp-json\/wp\/v2\/media?parent=143194"}],"wp:term":[{"taxonomy":"category","embeddable":true,"href":"https:\/\/www.cafbl.cat\/es\/wp-json\/wp\/v2\/categories?post=143194"},{"taxonomy":"post_tag","embeddable":true,"href":"https:\/\/www.cafbl.cat\/es\/wp-json\/wp\/v2\/tags?post=143194"}],"curies":[{"name":"wp","href":"https:\/\/api.w.org\/{rel}","templated":true}]}}