{"id":149153,"date":"2026-01-08T14:36:55","date_gmt":"2026-01-08T13:36:55","guid":{"rendered":"https:\/\/www.cafbl.cat\/?p=149153"},"modified":"2026-01-08T14:36:57","modified_gmt":"2026-01-08T13:36:57","slug":"el-cambio-climatico-tambien-entra-en-nuestra-casa-pequenas-acciones-con-grandes-ahorros","status":"publish","type":"post","link":"https:\/\/www.cafbl.cat\/es\/el-cambio-climatico-tambien-entra-en-nuestra-casa-pequenas-acciones-con-grandes-ahorros\/","title":{"rendered":"El cambio clim\u00e1tico tambi\u00e9n entra en nuestra casa: peque\u00f1as acciones con grandes ahorros"},"content":{"rendered":"\t\t<div data-elementor-type=\"wp-post\" data-elementor-id=\"149153\" class=\"elementor elementor-149153 elementor-149151\" data-elementor-post-type=\"post\">\n\t\t\t\t<div class=\"elementor-element elementor-element-82bd84e e-flex e-con-boxed wpr-particle-no wpr-jarallax-no wpr-parallax-no wpr-sticky-section-no e-con e-parent\" data-id=\"82bd84e\" data-element_type=\"container\" data-e-type=\"container\">\n\t\t\t\t\t<div class=\"e-con-inner\">\n\t\t\t\t<div class=\"elementor-element elementor-element-e61c09a elementor-widget elementor-widget-image\" data-id=\"e61c09a\" data-element_type=\"widget\" data-e-type=\"widget\" data-widget_type=\"image.default\">\n\t\t\t\t<div class=\"elementor-widget-container\">\n\t\t\t\t\t\t\t\t\t\t\t\t\t\t\t<img fetchpriority=\"high\" decoding=\"async\" width=\"683\" height=\"1024\" src=\"https:\/\/www.cafbl.cat\/wp-content\/uploads\/2024\/12\/Marta_Agraz-683x1024.jpg\" class=\"attachment-large size-large wp-image-97798\" alt=\"\" srcset=\"https:\/\/www.cafbl.cat\/wp-content\/uploads\/2024\/12\/Marta_Agraz-683x1024.jpg 683w, https:\/\/www.cafbl.cat\/wp-content\/uploads\/2024\/12\/Marta_Agraz-200x300.jpg 200w, https:\/\/www.cafbl.cat\/wp-content\/uploads\/2024\/12\/Marta_Agraz-768x1151.jpg 768w, https:\/\/www.cafbl.cat\/wp-content\/uploads\/2024\/12\/Marta_Agraz-1025x1536.jpg 1025w, https:\/\/www.cafbl.cat\/wp-content\/uploads\/2024\/12\/Marta_Agraz-1366x2048.jpg 1366w, https:\/\/www.cafbl.cat\/wp-content\/uploads\/2024\/12\/Marta_Agraz-scaled.jpg 1708w\" sizes=\"(max-width: 683px) 100vw, 683px\" data-cookieconsent=\"ignore\" \/>\t\t\t\t\t\t\t\t\t\t\t\t\t\t\t<\/div>\n\t\t\t\t<\/div>\n\t\t\t\t\t<\/div>\n\t\t\t\t<\/div>\n\t\t<div class=\"elementor-element elementor-element-db494d7 e-flex e-con-boxed wpr-particle-no wpr-jarallax-no wpr-parallax-no wpr-sticky-section-no e-con e-parent\" data-id=\"db494d7\" data-element_type=\"container\" data-e-type=\"container\">\n\t\t\t\t\t<div class=\"e-con-inner\">\n\t\t\t\t<div class=\"elementor-element elementor-element-3fe5a76 elementor-widget elementor-widget-text-editor\" data-id=\"3fe5a76\" data-element_type=\"widget\" data-e-type=\"widget\" data-widget_type=\"text-editor.default\">\n\t\t\t\t<div class=\"elementor-widget-container\">\n\t\t\t\t\t\t\t\t\t<p><strong>Marta Agraz, Directora de Comunicaci\u00f3 del CAFBL<\/strong><\/p>\n<p>El cambio clim\u00e1tico ya no es una idea lejana: aumento de las temperaturas, lluvias m\u00e1s intensas, olas de calor o fr\u00edo extremo\u2026 Todo esto afecta directamente a los edificios, que deben ser m\u00e1s eficientes y resistentes para mantener el confort de las personas que viven en ellos.<\/p>\n\t\t\t\t\t\t\t\t<\/div>\n\t\t\t\t<\/div>\n\t\t\t\t<div class=\"elementor-element elementor-element-c12b01d elementor-blockquote--skin-boxed elementor-widget elementor-widget-blockquote\" data-id=\"c12b01d\" data-element_type=\"widget\" data-e-type=\"widget\" data-widget_type=\"blockquote.default\">\n\t\t\t\t<div class=\"elementor-widget-container\">\n\t\t\t\t\t\t\t<blockquote class=\"elementor-blockquote\">\n\t\t\t<p class=\"elementor-blockquote__content\">\n\t\t\t\tLos edificios son responsables de un 36-40% del consumo energ\u00e9tico total y emiten aproximadamente un 36% de los gases de efecto invernadero en Europa, siendo uno de los principales focos de emisiones relacionadas con la energ\u00eda. Adem\u00e1s, el 75% de los edificios de la Uni\u00f3n Europea siguen sin ser eficientes desde el punto de vista energ\u00e9tico.\t\t\t<\/p>\n\t\t\t\t\t\t\t<div class=\"e-q-footer\">\n\t\t\t\t\t\t\t\t\t\t\t<cite class=\"elementor-blockquote__author\">- Directiva (UE) 2024\/1275 del Parlament Europeu i del Consell, de 24 d\u2019abril de 2024, relativa a l\u2019efici\u00e8ncia energ\u00e8tica dels edificis -<\/cite>\n\t\t\t\t\t\t\t\t\t\t\t\t\t\t<\/div>\n\t\t\t\t\t<\/blockquote>\n\t\t\t\t\t\t<\/div>\n\t\t\t\t<\/div>\n\t\t\t\t<div class=\"elementor-element elementor-element-c228b90 elementor-widget elementor-widget-text-editor\" data-id=\"c228b90\" data-element_type=\"widget\" data-e-type=\"widget\" data-widget_type=\"text-editor.default\">\n\t\t\t\t<div class=\"elementor-widget-container\">\n\t\t\t\t\t\t\t\t\t<h3><strong>Peque\u00f1as acciones, grandes resultados<\/strong><\/h3>\n<p>Para hacer las viviendas m\u00e1s eficientes, hay que actuar en diversas \u00e1reas: aislamiento, climatizaci\u00f3n, agua, electricidad y h\u00e1bitos diarios. El administrador de fincas puede ayudar a gestionar algunas de estas medidas, que marcar\u00e1n la diferencia si se hacen de manera constante y coordinada.<\/p>\n<ol>\n<li><strong>Aislamiento y protecci\u00f3n t\u00e9rmica<\/strong><\/li>\n<\/ol>\n<p><\/p>\n<ul>\n<li>Persianas y cortinas:\u00a0Cierra completamente durante las horas de m\u00e1s sol en verano (entre las 11h y las 17h) para reducir hasta un\u00a030% la carga t\u00e9rmica\u00a0interior; en invierno, \u00e1brelas para aprovechar el calor solar pasivo.<\/li>\n<li>Aislantes t\u00e9rmicos:\u00a0Si el edificio lo permite, se puede proponer instalar aislantes en fachadas o techos (como poliestireno expandido o lana de roca), que pueden ahorrar un\u00a020-40%\u00a0en calefacci\u00f3n y aire acondicionado.<\/li>\n<li>Ventanas eficientes:\u00a0Sustituye vidrios simples por dobles con baja emisividad (Low-E) para mantener el calor en el interior en invierno y fuera en verano.<\/li>\n<\/ul>\n<p><\/p>\n<ol start=\"2\">\n<li><strong>Climatizaci\u00f3n inteligente<\/strong><\/li>\n<\/ol>\n<p><\/p>\n<ul>\n<li>Termostatos programables:\u00a0Mant\u00e9n 19-21\u00b0C en invierno y 25-27\u00b0C en verano; cada grado de m\u00e1s puede aumentar el consumo un\u00a07-10%.<\/li>\n<li>Mantenimiento peri\u00f3dico:\u00a0Revisa filtros y gases de calderas y splits cada 6 meses; un mantenimiento inadecuado puede elevar el consumo un\u00a015-20%. Y lo mismo para los espacios comunes, se recomienda hacer revisiones comunitarias peri\u00f3dicas.<\/li>\n<li>Alternativas sostenibles:\u00a0Valora la aerotermia en lugar de calderas de gas, que reducen emisiones hasta un\u00a070%\u00a0y aprovechan la energ\u00eda ambiental.<\/li>\n<\/ul>\n<p><\/p>\n<ol start=\"3\">\n<li><strong>Gesti\u00f3n del agua y prevenci\u00f3n de da\u00f1os<\/strong><\/li>\n<\/ol>\n<p><\/p>\n<ul>\n<li>Reparar fugas:\u00a0Un goteo puede desaprovechar\u00a020 litros diarios\u00a0por minuto; revisa lavadoras, grifos y cisterna.<\/li>\n<li>Agua reutilizada:\u00a0Instala sistemas para recoger agua de lluvia en los tejados para regar jardineras comunitarias o limpiar zonas comunes. De esta manera, se puede llegar a ahorrar hasta un\u00a050%\u00a0en consumo urbano.<\/li>\n<li>Protecci\u00f3n contra lluvias extremas: Despu\u00e9s de temporadas lluviosas, inspecciona canalones y tejados para evitar infiltraciones, un problema creciente con el cambio clim\u00e1tico.<\/li>\n<\/ul>\n<p><\/p>\n<ol start=\"4\">\n<li><strong>Electricidad e iluminaci\u00f3n<\/strong><\/li>\n<\/ol>\n<p><\/p>\n<ul>\n<li>LED y sensores:\u00a0Cambia bombillas por LED (ahorran un\u00a080% de energ\u00eda) e instala sensores de movimiento en pasillos y garajes.<\/li>\n<li>Electrodom\u00e9sticos eficientes y funci\u00f3n ECO:\u00a0Elige electrodom\u00e9sticos clase A, la m\u00e1xima expresi\u00f3n de la eficiencia; desconecta dispositivos en standby (que consumen un\u00a010% de la electricidad dom\u00e9stica), y opta por la funci\u00f3n ECO, ya que reduce el consumo de energ\u00eda y promueve un uso m\u00e1s eficiente de los recursos naturales.<\/li>\n<li>Fotovoltaica compartida:\u00a0Prop\u00f3n placas solares en los tejados para autoconsumo colectivo, con bater\u00edas para almacenar excedentes y reducir facturas un\u00a030-60%.<\/li>\n<\/ul>\n<p><\/p>\n<ol start=\"5\">\n<li><strong>H\u00e1bitos diarios<\/strong><\/li>\n<\/ol>\n<p><\/p>\n<ul>\n<li style=\"list-style-type: none;\">\n<ul>\n<li>Ventila 10-15 minutos por la ma\u00f1ana o noche, no en horas de pico t\u00e9rmico.<\/li>\n<li>Duchas de menos de 5 minutos y a una temperatura de 30\u00baC.<\/li>\n<li>Utiliza lavadoras y secadoras en horas de baja demanda (noches o fines de semana).<\/li>\n<\/ul>\n<p><\/li>\n<p><\/ul>\n<p>Estas acciones, si se aplican colectivamente, pueden reducir el consumo energ\u00e9tico de un edificio un\u00a020-50%\u00a0en menos de dos a\u00f1os.<\/p>\n<p>Convivir con el cambio clim\u00e1tico es un reto global, pero tambi\u00e9n una oportunidad para repensar c\u00f3mo vivimos y gestionamos nuestros espacios.<br \/>Lograr edificios m\u00e1s eficientes y sostenibles no es solo una cuesti\u00f3n medioambiental, sino una inversi\u00f3n en confort, salud y futuro. Y si no sabes por d\u00f3nde empezar, siempre puedes contar con el apoyo de profesionales como son los\u00a0<a href=\"https:\/\/www.cafbl.cat\/es\/ciudadania\/ciudadania-directorio-de-colegiados\/\" target=\"_blank\" rel=\"noopener\">Administradores de Fincas colegiados<\/a>, que tienen un papel esencial para acompa\u00f1ar a las comunidades en la transici\u00f3n hacia edificios m\u00e1s sostenibles, gracias a su conocimiento t\u00e9cnico, legal y econ\u00f3mico.<\/p>\n<p>&nbsp;<\/p>\n\t\t\t\t\t\t\t\t<\/div>\n\t\t\t\t<\/div>\n\t\t<div class=\"elementor-element elementor-element-89dcdb6 e-con-full e-flex wpr-particle-no wpr-jarallax-no wpr-parallax-no wpr-sticky-section-no e-con e-child\" data-id=\"89dcdb6\" data-element_type=\"container\" data-e-type=\"container\">\n\t\t\t\t<\/div>\n\t\t\t\t\t<\/div>\n\t\t\t\t<\/div>\n\t\t\t\t<\/div>\n\t\t","protected":false},"excerpt":{"rendered":"<p>Marta Agraz, Directora de Comunicaci\u00f3 del CAFBL El cambio clim\u00e1tico ya no es una idea lejana: aumento de las temperaturas, lluvias m\u00e1s intensas, olas de calor o fr\u00edo extremo\u2026 Todo esto afecta directamente a los edificios, que deben ser m\u00e1s eficientes y resistentes para mantener el confort de las personas que viven en ellos. Los edificios son responsables de un 36-40% del consumo energ\u00e9tico total y emiten aproximadamente un 36% de los gases de efecto invernadero en Europa, siendo uno de los principales focos de emisiones relacionadas con la energ\u00eda. Adem\u00e1s, el 75% de los edificios de la Uni\u00f3n Europea siguen sin ser eficientes desde el punto de vista energ\u00e9tico. &#8211; Directiva (UE) 2024\/1275 del Parlament Europeu i del Consell, de 24 d\u2019abril de 2024, relativa a l\u2019efici\u00e8ncia energ\u00e8tica dels edificis &#8211; Peque\u00f1as acciones, grandes resultados Para hacer las viviendas m\u00e1s eficientes, hay que actuar en diversas \u00e1reas: aislamiento, climatizaci\u00f3n, agua, electricidad y h\u00e1bitos diarios. El administrador de fincas puede ayudar a gestionar algunas de estas medidas, que marcar\u00e1n la diferencia si se hacen de manera constante y coordinada. Aislamiento y protecci\u00f3n t\u00e9rmica Persianas y cortinas:\u00a0Cierra completamente durante las horas de m\u00e1s sol en verano (entre las 11h y las 17h) para reducir hasta un\u00a030% la carga t\u00e9rmica\u00a0interior; en invierno, \u00e1brelas para aprovechar el calor solar pasivo. Aislantes t\u00e9rmicos:\u00a0Si el edificio lo permite, se puede proponer instalar aislantes en fachadas o techos (como poliestireno expandido o lana de roca), que pueden ahorrar un\u00a020-40%\u00a0en calefacci\u00f3n y aire acondicionado. Ventanas eficientes:\u00a0Sustituye vidrios simples por dobles con baja emisividad (Low-E) para mantener el calor en el interior en invierno y fuera en verano. Climatizaci\u00f3n inteligente Termostatos programables:\u00a0Mant\u00e9n 19-21\u00b0C en invierno y 25-27\u00b0C en verano; cada grado de m\u00e1s puede aumentar el consumo un\u00a07-10%. Mantenimiento peri\u00f3dico:\u00a0Revisa filtros y gases de calderas y splits cada 6 meses; un mantenimiento inadecuado puede elevar el consumo un\u00a015-20%. Y lo mismo para los espacios comunes, se recomienda hacer revisiones comunitarias peri\u00f3dicas. Alternativas sostenibles:\u00a0Valora la aerotermia en lugar de calderas de gas, que reducen emisiones hasta un\u00a070%\u00a0y aprovechan la energ\u00eda ambiental. Gesti\u00f3n del agua y prevenci\u00f3n de da\u00f1os Reparar fugas:\u00a0Un goteo puede desaprovechar\u00a020 litros diarios\u00a0por minuto; revisa lavadoras, grifos y cisterna. Agua reutilizada:\u00a0Instala sistemas para recoger agua de lluvia en los tejados para regar jardineras comunitarias o limpiar zonas comunes. De esta manera, se puede llegar a ahorrar hasta un\u00a050%\u00a0en consumo urbano. Protecci\u00f3n contra lluvias extremas: Despu\u00e9s de temporadas lluviosas, inspecciona canalones y tejados para evitar infiltraciones, un problema creciente con el cambio clim\u00e1tico. Electricidad e iluminaci\u00f3n LED y sensores:\u00a0Cambia bombillas por LED (ahorran un\u00a080% de energ\u00eda) e instala sensores de movimiento en pasillos y garajes. Electrodom\u00e9sticos eficientes y funci\u00f3n ECO:\u00a0Elige electrodom\u00e9sticos clase A, la m\u00e1xima expresi\u00f3n de la eficiencia; desconecta dispositivos en standby (que consumen un\u00a010% de la electricidad dom\u00e9stica), y opta por la funci\u00f3n ECO, ya que reduce el consumo de energ\u00eda y promueve un uso m\u00e1s eficiente de los recursos naturales. Fotovoltaica compartida:\u00a0Prop\u00f3n placas solares en los tejados para autoconsumo colectivo, con bater\u00edas para almacenar excedentes y reducir facturas un\u00a030-60%. H\u00e1bitos diarios Ventila 10-15 minutos por la ma\u00f1ana o noche, no en horas de pico t\u00e9rmico. Duchas de menos de 5 minutos y a una temperatura de 30\u00baC. Utiliza lavadoras y secadoras en horas de baja demanda (noches o fines de semana). Estas acciones, si se aplican colectivamente, pueden reducir el consumo energ\u00e9tico de un edificio un\u00a020-50%\u00a0en menos de dos a\u00f1os. Convivir con el cambio clim\u00e1tico es un reto global, pero tambi\u00e9n una oportunidad para repensar c\u00f3mo vivimos y gestionamos nuestros espacios.Lograr edificios m\u00e1s eficientes y sostenibles no es solo una cuesti\u00f3n medioambiental, sino una inversi\u00f3n en confort, salud y futuro. Y si no sabes por d\u00f3nde empezar, siempre puedes contar con el apoyo de profesionales como son los\u00a0Administradores de Fincas colegiados, que tienen un papel esencial para acompa\u00f1ar a las comunidades en la transici\u00f3n hacia edificios m\u00e1s sostenibles, gracias a su conocimiento t\u00e9cnico, legal y econ\u00f3mico. &nbsp;<\/p>\n","protected":false},"author":1,"featured_media":149156,"comment_status":"closed","ping_status":"closed","sticky":false,"template":"","format":"standard","meta":{"_acf_changed":false,"site-sidebar-layout":"default","site-content-layout":"","ast-site-content-layout":"default","site-content-style":"default","site-sidebar-style":"default","ast-global-header-display":"","ast-banner-title-visibility":"","ast-main-header-display":"","ast-hfb-above-header-display":"","ast-hfb-below-header-display":"","ast-hfb-mobile-header-display":"","site-post-title":"","ast-breadcrumbs-content":"","ast-featured-img":"","footer-sml-layout":"","ast-disable-related-posts":"","theme-transparent-header-meta":"","adv-header-id-meta":"","stick-header-meta":"","header-above-stick-meta":"","header-main-stick-meta":"","header-below-stick-meta":"","astra-migrate-meta-layouts":"default","ast-page-background-enabled":"default","ast-page-background-meta":{"desktop":{"background-color":"var(--ast-global-color-4)","background-image":"","background-repeat":"repeat","background-position":"center center","background-size":"auto","background-attachment":"scroll","background-type":"","background-media":"","overlay-type":"","overlay-color":"","overlay-opacity":"","overlay-gradient":""},"tablet":{"background-color":"","background-image":"","background-repeat":"repeat","background-position":"center center","background-size":"auto","background-attachment":"scroll","background-type":"","background-media":"","overlay-type":"","overlay-color":"","overlay-opacity":"","overlay-gradient":""},"mobile":{"background-color":"","background-image":"","background-repeat":"repeat","background-position":"center center","background-size":"auto","background-attachment":"scroll","background-type":"","background-media":"","overlay-type":"","overlay-color":"","overlay-opacity":"","overlay-gradient":""}},"ast-content-background-meta":{"desktop":{"background-color":"var(--ast-global-color-5)","background-image":"","background-repeat":"repeat","background-position":"center center","background-size":"auto","background-attachment":"scroll","background-type":"","background-media":"","overlay-type":"","overlay-color":"","overlay-opacity":"","overlay-gradient":""},"tablet":{"background-color":"var(--ast-global-color-5)","background-image":"","background-repeat":"repeat","background-position":"center center","background-size":"auto","background-attachment":"scroll","background-type":"","background-media":"","overlay-type":"","overlay-color":"","overlay-opacity":"","overlay-gradient":""},"mobile":{"background-color":"var(--ast-global-color-5)","background-image":"","background-repeat":"repeat","background-position":"center center","background-size":"auto","background-attachment":"scroll","background-type":"","background-media":"","overlay-type":"","overlay-color":"","overlay-opacity":"","overlay-gradient":""}},"footnotes":""},"categories":[692],"tags":[],"class_list":["post-149153","post","type-post","status-publish","format-standard","has-post-thumbnail","hentry","category-blog-del-ciudadano"],"acf":[],"yoast_head":"<!-- This site is optimized with the Yoast SEO plugin v27.5 - https:\/\/yoast.com\/product\/yoast-seo-wordpress\/ -->\n<title>Cambio clim\u00e1tico: peque\u00f1as acciones en casa con grandes ahorros<\/title>\n<meta name=\"description\" content=\"Blog del ciudadano del Col\u00b7legi d&#039;Administradors de Finques de Barcelona-Lleida: Cambio clim\u00e1tico: peque\u00f1as acciones en casa con grandes ahorros\" \/>\n<meta name=\"robots\" content=\"index, follow, max-snippet:-1, max-image-preview:large, max-video-preview:-1\" \/>\n<link rel=\"canonical\" href=\"https:\/\/www.cafbl.cat\/es\/el-cambio-climatico-tambien-entra-en-nuestra-casa-pequenas-acciones-con-grandes-ahorros\/\" \/>\n<meta property=\"og:locale\" content=\"es_ES\" \/>\n<meta property=\"og:type\" content=\"article\" \/>\n<meta property=\"og:title\" content=\"Cambio clim\u00e1tico: peque\u00f1as acciones en casa con grandes ahorros\" \/>\n<meta property=\"og:description\" content=\"Blog del ciudadano del Col\u00b7legi d&#039;Administradors de Finques de Barcelona-Lleida: Cambio clim\u00e1tico: peque\u00f1as acciones en casa con grandes ahorros\" \/>\n<meta property=\"og:url\" content=\"https:\/\/www.cafbl.cat\/es\/el-cambio-climatico-tambien-entra-en-nuestra-casa-pequenas-acciones-con-grandes-ahorros\/\" \/>\n<meta property=\"og:site_name\" content=\"Col\u00b7legi Administradors de Finques Barcelona Lleida\" \/>\n<meta property=\"article:published_time\" content=\"2026-01-08T13:36:55+00:00\" \/>\n<meta property=\"article:modified_time\" content=\"2026-01-08T13:36:57+00:00\" \/>\n<meta property=\"og:image\" content=\"https:\/\/www.cafbl.cat\/wp-content\/uploads\/2026\/01\/BlogCiutada_CanviClimatic.webp\" \/>\n\t<meta property=\"og:image:width\" content=\"2500\" \/>\n\t<meta property=\"og:image:height\" content=\"1700\" \/>\n\t<meta property=\"og:image:type\" content=\"image\/webp\" \/>\n<meta name=\"author\" content=\"adminwpcafbl\" \/>\n<meta name=\"twitter:card\" content=\"summary_large_image\" \/>\n<meta name=\"twitter:creator\" content=\"@CAFbcn_lleida\" \/>\n<meta name=\"twitter:site\" content=\"@CAFbcn_lleida\" \/>\n<meta name=\"twitter:label1\" content=\"Escrito por\" \/>\n\t<meta name=\"twitter:data1\" content=\"adminwpcafbl\" \/>\n\t<meta name=\"twitter:label2\" content=\"Tiempo de lectura\" \/>\n\t<meta name=\"twitter:data2\" content=\"4 minutos\" \/>\n<script type=\"application\/ld+json\" class=\"yoast-schema-graph\">{\"@context\":\"https:\\\/\\\/schema.org\",\"@graph\":[{\"@type\":\"Article\",\"@id\":\"https:\\\/\\\/www.cafbl.cat\\\/es\\\/el-cambio-climatico-tambien-entra-en-nuestra-casa-pequenas-acciones-con-grandes-ahorros\\\/#article\",\"isPartOf\":{\"@id\":\"https:\\\/\\\/www.cafbl.cat\\\/es\\\/el-cambio-climatico-tambien-entra-en-nuestra-casa-pequenas-acciones-con-grandes-ahorros\\\/\"},\"author\":{\"name\":\"adminwpcafbl\",\"@id\":\"https:\\\/\\\/www.cafbl.cat\\\/es\\\/#\\\/schema\\\/person\\\/bfdd3486c3f782e0fd324b2d5a98ef47\"},\"headline\":\"El cambio clim\u00e1tico tambi\u00e9n entra en nuestra casa: peque\u00f1as acciones con grandes ahorros\",\"datePublished\":\"2026-01-08T13:36:55+00:00\",\"dateModified\":\"2026-01-08T13:36:57+00:00\",\"mainEntityOfPage\":{\"@id\":\"https:\\\/\\\/www.cafbl.cat\\\/es\\\/el-cambio-climatico-tambien-entra-en-nuestra-casa-pequenas-acciones-con-grandes-ahorros\\\/\"},\"wordCount\":753,\"publisher\":{\"@id\":\"https:\\\/\\\/www.cafbl.cat\\\/es\\\/#organization\"},\"image\":{\"@id\":\"https:\\\/\\\/www.cafbl.cat\\\/es\\\/el-cambio-climatico-tambien-entra-en-nuestra-casa-pequenas-acciones-con-grandes-ahorros\\\/#primaryimage\"},\"thumbnailUrl\":\"https:\\\/\\\/www.cafbl.cat\\\/wp-content\\\/uploads\\\/2026\\\/01\\\/BlogCiutada_CanviClimatic.webp\",\"articleSection\":[\"Blog del ciudadano\"],\"inLanguage\":\"es\"},{\"@type\":\"WebPage\",\"@id\":\"https:\\\/\\\/www.cafbl.cat\\\/es\\\/el-cambio-climatico-tambien-entra-en-nuestra-casa-pequenas-acciones-con-grandes-ahorros\\\/\",\"url\":\"https:\\\/\\\/www.cafbl.cat\\\/es\\\/el-cambio-climatico-tambien-entra-en-nuestra-casa-pequenas-acciones-con-grandes-ahorros\\\/\",\"name\":\"Cambio clim\u00e1tico: peque\u00f1as acciones en casa con grandes ahorros\",\"isPartOf\":{\"@id\":\"https:\\\/\\\/www.cafbl.cat\\\/es\\\/#website\"},\"primaryImageOfPage\":{\"@id\":\"https:\\\/\\\/www.cafbl.cat\\\/es\\\/el-cambio-climatico-tambien-entra-en-nuestra-casa-pequenas-acciones-con-grandes-ahorros\\\/#primaryimage\"},\"image\":{\"@id\":\"https:\\\/\\\/www.cafbl.cat\\\/es\\\/el-cambio-climatico-tambien-entra-en-nuestra-casa-pequenas-acciones-con-grandes-ahorros\\\/#primaryimage\"},\"thumbnailUrl\":\"https:\\\/\\\/www.cafbl.cat\\\/wp-content\\\/uploads\\\/2026\\\/01\\\/BlogCiutada_CanviClimatic.webp\",\"datePublished\":\"2026-01-08T13:36:55+00:00\",\"dateModified\":\"2026-01-08T13:36:57+00:00\",\"description\":\"Blog del ciudadano del Col\u00b7legi d'Administradors de Finques de Barcelona-Lleida: Cambio clim\u00e1tico: peque\u00f1as acciones en casa con grandes ahorros\",\"breadcrumb\":{\"@id\":\"https:\\\/\\\/www.cafbl.cat\\\/es\\\/el-cambio-climatico-tambien-entra-en-nuestra-casa-pequenas-acciones-con-grandes-ahorros\\\/#breadcrumb\"},\"inLanguage\":\"es\",\"potentialAction\":[{\"@type\":\"ReadAction\",\"target\":[\"https:\\\/\\\/www.cafbl.cat\\\/es\\\/el-cambio-climatico-tambien-entra-en-nuestra-casa-pequenas-acciones-con-grandes-ahorros\\\/\"]}]},{\"@type\":\"ImageObject\",\"inLanguage\":\"es\",\"@id\":\"https:\\\/\\\/www.cafbl.cat\\\/es\\\/el-cambio-climatico-tambien-entra-en-nuestra-casa-pequenas-acciones-con-grandes-ahorros\\\/#primaryimage\",\"url\":\"https:\\\/\\\/www.cafbl.cat\\\/wp-content\\\/uploads\\\/2026\\\/01\\\/BlogCiutada_CanviClimatic.webp\",\"contentUrl\":\"https:\\\/\\\/www.cafbl.cat\\\/wp-content\\\/uploads\\\/2026\\\/01\\\/BlogCiutada_CanviClimatic.webp\",\"width\":2500,\"height\":1700,\"caption\":\"Canvi Clim\u00e0tic\"},{\"@type\":\"BreadcrumbList\",\"@id\":\"https:\\\/\\\/www.cafbl.cat\\\/es\\\/el-cambio-climatico-tambien-entra-en-nuestra-casa-pequenas-acciones-con-grandes-ahorros\\\/#breadcrumb\",\"itemListElement\":[{\"@type\":\"ListItem\",\"position\":1,\"name\":\"Home\",\"item\":\"https:\\\/\\\/www.cafbl.cat\\\/es\\\/\"},{\"@type\":\"ListItem\",\"position\":2,\"name\":\"El cambio clim\u00e1tico tambi\u00e9n entra en nuestra casa: peque\u00f1as acciones con grandes ahorros\"}]},{\"@type\":\"WebSite\",\"@id\":\"https:\\\/\\\/www.cafbl.cat\\\/es\\\/#website\",\"url\":\"https:\\\/\\\/www.cafbl.cat\\\/es\\\/\",\"name\":\"Col\u00b7legi Administradors de Finques Barcelona Lleida\",\"description\":\"Web oficial del Col\u00b7legi Administradors de Finques Barcelona Lleida\",\"publisher\":{\"@id\":\"https:\\\/\\\/www.cafbl.cat\\\/es\\\/#organization\"},\"alternateName\":\"CAFBL - Col\u00b7legi Administradors de Finques Barcelona Lleida\",\"potentialAction\":[{\"@type\":\"SearchAction\",\"target\":{\"@type\":\"EntryPoint\",\"urlTemplate\":\"https:\\\/\\\/www.cafbl.cat\\\/es\\\/?s={search_term_string}\"},\"query-input\":{\"@type\":\"PropertyValueSpecification\",\"valueRequired\":true,\"valueName\":\"search_term_string\"}}],\"inLanguage\":\"es\"},{\"@type\":\"Organization\",\"@id\":\"https:\\\/\\\/www.cafbl.cat\\\/es\\\/#organization\",\"name\":\"Col\u00b7legi Administradors de Finques Barcelona Lleida\",\"alternateName\":\"CAFBL - Col\u00b7legi Administradors de Finques Barcelona Lleida\",\"url\":\"https:\\\/\\\/www.cafbl.cat\\\/es\\\/\",\"logo\":{\"@type\":\"ImageObject\",\"inLanguage\":\"es\",\"@id\":\"https:\\\/\\\/www.cafbl.cat\\\/es\\\/#\\\/schema\\\/logo\\\/image\\\/\",\"url\":\"https:\\\/\\\/www.cafbl.cat\\\/wp-content\\\/uploads\\\/2024\\\/07\\\/logo_cafbl.svg\",\"contentUrl\":\"https:\\\/\\\/www.cafbl.cat\\\/wp-content\\\/uploads\\\/2024\\\/07\\\/logo_cafbl.svg\",\"width\":471,\"height\":116,\"caption\":\"Col\u00b7legi Administradors de Finques Barcelona Lleida\"},\"image\":{\"@id\":\"https:\\\/\\\/www.cafbl.cat\\\/es\\\/#\\\/schema\\\/logo\\\/image\\\/\"},\"sameAs\":[\"https:\\\/\\\/x.com\\\/CAFbcn_lleida\",\"https:\\\/\\\/www.linkedin.com\\\/company\\\/administradors-finques-cafbl\",\"https:\\\/\\\/www.instagram.com\\\/administradors_finques_cafbl\\\/\"]},{\"@type\":\"Person\",\"@id\":\"https:\\\/\\\/www.cafbl.cat\\\/es\\\/#\\\/schema\\\/person\\\/bfdd3486c3f782e0fd324b2d5a98ef47\",\"name\":\"adminwpcafbl\",\"image\":{\"@type\":\"ImageObject\",\"inLanguage\":\"es\",\"@id\":\"https:\\\/\\\/secure.gravatar.com\\\/avatar\\\/b32455939fe3be4b8b0c3e83865545e13c95024ea445ea7e7e6774d5f0eebe28?s=96&d=mm&r=g\",\"url\":\"https:\\\/\\\/secure.gravatar.com\\\/avatar\\\/b32455939fe3be4b8b0c3e83865545e13c95024ea445ea7e7e6774d5f0eebe28?s=96&d=mm&r=g\",\"contentUrl\":\"https:\\\/\\\/secure.gravatar.com\\\/avatar\\\/b32455939fe3be4b8b0c3e83865545e13c95024ea445ea7e7e6774d5f0eebe28?s=96&d=mm&r=g\",\"caption\":\"adminwpcafbl\"},\"sameAs\":[\"http:\\\/\\\/cafbl.cat\"],\"url\":\"https:\\\/\\\/www.cafbl.cat\\\/es\\\/author\\\/adminwpcafbl\\\/\"}]}<\/script>\n<!-- \/ Yoast SEO plugin. -->","yoast_head_json":{"title":"Cambio clim\u00e1tico: peque\u00f1as acciones en casa con grandes ahorros","description":"Blog del ciudadano del Col\u00b7legi d'Administradors de Finques de Barcelona-Lleida: Cambio clim\u00e1tico: peque\u00f1as acciones en casa con grandes ahorros","robots":{"index":"index","follow":"follow","max-snippet":"max-snippet:-1","max-image-preview":"max-image-preview:large","max-video-preview":"max-video-preview:-1"},"canonical":"https:\/\/www.cafbl.cat\/es\/el-cambio-climatico-tambien-entra-en-nuestra-casa-pequenas-acciones-con-grandes-ahorros\/","og_locale":"es_ES","og_type":"article","og_title":"Cambio clim\u00e1tico: peque\u00f1as acciones en casa con grandes ahorros","og_description":"Blog del ciudadano del Col\u00b7legi d'Administradors de Finques de Barcelona-Lleida: Cambio clim\u00e1tico: peque\u00f1as acciones en casa con grandes ahorros","og_url":"https:\/\/www.cafbl.cat\/es\/el-cambio-climatico-tambien-entra-en-nuestra-casa-pequenas-acciones-con-grandes-ahorros\/","og_site_name":"Col\u00b7legi Administradors de Finques Barcelona Lleida","article_published_time":"2026-01-08T13:36:55+00:00","article_modified_time":"2026-01-08T13:36:57+00:00","og_image":[{"width":2500,"height":1700,"url":"https:\/\/www.cafbl.cat\/wp-content\/uploads\/2026\/01\/BlogCiutada_CanviClimatic.webp","type":"image\/webp"}],"author":"adminwpcafbl","twitter_card":"summary_large_image","twitter_creator":"@CAFbcn_lleida","twitter_site":"@CAFbcn_lleida","twitter_misc":{"Escrito por":"adminwpcafbl","Tiempo de lectura":"4 minutos"},"schema":{"@context":"https:\/\/schema.org","@graph":[{"@type":"Article","@id":"https:\/\/www.cafbl.cat\/es\/el-cambio-climatico-tambien-entra-en-nuestra-casa-pequenas-acciones-con-grandes-ahorros\/#article","isPartOf":{"@id":"https:\/\/www.cafbl.cat\/es\/el-cambio-climatico-tambien-entra-en-nuestra-casa-pequenas-acciones-con-grandes-ahorros\/"},"author":{"name":"adminwpcafbl","@id":"https:\/\/www.cafbl.cat\/es\/#\/schema\/person\/bfdd3486c3f782e0fd324b2d5a98ef47"},"headline":"El cambio clim\u00e1tico tambi\u00e9n entra en nuestra casa: peque\u00f1as acciones con grandes ahorros","datePublished":"2026-01-08T13:36:55+00:00","dateModified":"2026-01-08T13:36:57+00:00","mainEntityOfPage":{"@id":"https:\/\/www.cafbl.cat\/es\/el-cambio-climatico-tambien-entra-en-nuestra-casa-pequenas-acciones-con-grandes-ahorros\/"},"wordCount":753,"publisher":{"@id":"https:\/\/www.cafbl.cat\/es\/#organization"},"image":{"@id":"https:\/\/www.cafbl.cat\/es\/el-cambio-climatico-tambien-entra-en-nuestra-casa-pequenas-acciones-con-grandes-ahorros\/#primaryimage"},"thumbnailUrl":"https:\/\/www.cafbl.cat\/wp-content\/uploads\/2026\/01\/BlogCiutada_CanviClimatic.webp","articleSection":["Blog del ciudadano"],"inLanguage":"es"},{"@type":"WebPage","@id":"https:\/\/www.cafbl.cat\/es\/el-cambio-climatico-tambien-entra-en-nuestra-casa-pequenas-acciones-con-grandes-ahorros\/","url":"https:\/\/www.cafbl.cat\/es\/el-cambio-climatico-tambien-entra-en-nuestra-casa-pequenas-acciones-con-grandes-ahorros\/","name":"Cambio clim\u00e1tico: peque\u00f1as acciones en casa con grandes ahorros","isPartOf":{"@id":"https:\/\/www.cafbl.cat\/es\/#website"},"primaryImageOfPage":{"@id":"https:\/\/www.cafbl.cat\/es\/el-cambio-climatico-tambien-entra-en-nuestra-casa-pequenas-acciones-con-grandes-ahorros\/#primaryimage"},"image":{"@id":"https:\/\/www.cafbl.cat\/es\/el-cambio-climatico-tambien-entra-en-nuestra-casa-pequenas-acciones-con-grandes-ahorros\/#primaryimage"},"thumbnailUrl":"https:\/\/www.cafbl.cat\/wp-content\/uploads\/2026\/01\/BlogCiutada_CanviClimatic.webp","datePublished":"2026-01-08T13:36:55+00:00","dateModified":"2026-01-08T13:36:57+00:00","description":"Blog del ciudadano del Col\u00b7legi d'Administradors de Finques de Barcelona-Lleida: Cambio clim\u00e1tico: peque\u00f1as acciones en casa con grandes ahorros","breadcrumb":{"@id":"https:\/\/www.cafbl.cat\/es\/el-cambio-climatico-tambien-entra-en-nuestra-casa-pequenas-acciones-con-grandes-ahorros\/#breadcrumb"},"inLanguage":"es","potentialAction":[{"@type":"ReadAction","target":["https:\/\/www.cafbl.cat\/es\/el-cambio-climatico-tambien-entra-en-nuestra-casa-pequenas-acciones-con-grandes-ahorros\/"]}]},{"@type":"ImageObject","inLanguage":"es","@id":"https:\/\/www.cafbl.cat\/es\/el-cambio-climatico-tambien-entra-en-nuestra-casa-pequenas-acciones-con-grandes-ahorros\/#primaryimage","url":"https:\/\/www.cafbl.cat\/wp-content\/uploads\/2026\/01\/BlogCiutada_CanviClimatic.webp","contentUrl":"https:\/\/www.cafbl.cat\/wp-content\/uploads\/2026\/01\/BlogCiutada_CanviClimatic.webp","width":2500,"height":1700,"caption":"Canvi Clim\u00e0tic"},{"@type":"BreadcrumbList","@id":"https:\/\/www.cafbl.cat\/es\/el-cambio-climatico-tambien-entra-en-nuestra-casa-pequenas-acciones-con-grandes-ahorros\/#breadcrumb","itemListElement":[{"@type":"ListItem","position":1,"name":"Home","item":"https:\/\/www.cafbl.cat\/es\/"},{"@type":"ListItem","position":2,"name":"El cambio clim\u00e1tico tambi\u00e9n entra en nuestra casa: peque\u00f1as acciones con grandes ahorros"}]},{"@type":"WebSite","@id":"https:\/\/www.cafbl.cat\/es\/#website","url":"https:\/\/www.cafbl.cat\/es\/","name":"Col\u00b7legi Administradors de Finques Barcelona Lleida","description":"Web oficial del Col\u00b7legi Administradors de Finques Barcelona Lleida","publisher":{"@id":"https:\/\/www.cafbl.cat\/es\/#organization"},"alternateName":"CAFBL - Col\u00b7legi Administradors de Finques Barcelona Lleida","potentialAction":[{"@type":"SearchAction","target":{"@type":"EntryPoint","urlTemplate":"https:\/\/www.cafbl.cat\/es\/?s={search_term_string}"},"query-input":{"@type":"PropertyValueSpecification","valueRequired":true,"valueName":"search_term_string"}}],"inLanguage":"es"},{"@type":"Organization","@id":"https:\/\/www.cafbl.cat\/es\/#organization","name":"Col\u00b7legi Administradors de Finques Barcelona Lleida","alternateName":"CAFBL - Col\u00b7legi Administradors de Finques Barcelona Lleida","url":"https:\/\/www.cafbl.cat\/es\/","logo":{"@type":"ImageObject","inLanguage":"es","@id":"https:\/\/www.cafbl.cat\/es\/#\/schema\/logo\/image\/","url":"https:\/\/www.cafbl.cat\/wp-content\/uploads\/2024\/07\/logo_cafbl.svg","contentUrl":"https:\/\/www.cafbl.cat\/wp-content\/uploads\/2024\/07\/logo_cafbl.svg","width":471,"height":116,"caption":"Col\u00b7legi Administradors de Finques Barcelona Lleida"},"image":{"@id":"https:\/\/www.cafbl.cat\/es\/#\/schema\/logo\/image\/"},"sameAs":["https:\/\/x.com\/CAFbcn_lleida","https:\/\/www.linkedin.com\/company\/administradors-finques-cafbl","https:\/\/www.instagram.com\/administradors_finques_cafbl\/"]},{"@type":"Person","@id":"https:\/\/www.cafbl.cat\/es\/#\/schema\/person\/bfdd3486c3f782e0fd324b2d5a98ef47","name":"adminwpcafbl","image":{"@type":"ImageObject","inLanguage":"es","@id":"https:\/\/secure.gravatar.com\/avatar\/b32455939fe3be4b8b0c3e83865545e13c95024ea445ea7e7e6774d5f0eebe28?s=96&d=mm&r=g","url":"https:\/\/secure.gravatar.com\/avatar\/b32455939fe3be4b8b0c3e83865545e13c95024ea445ea7e7e6774d5f0eebe28?s=96&d=mm&r=g","contentUrl":"https:\/\/secure.gravatar.com\/avatar\/b32455939fe3be4b8b0c3e83865545e13c95024ea445ea7e7e6774d5f0eebe28?s=96&d=mm&r=g","caption":"adminwpcafbl"},"sameAs":["http:\/\/cafbl.cat"],"url":"https:\/\/www.cafbl.cat\/es\/author\/adminwpcafbl\/"}]}},"_links":{"self":[{"href":"https:\/\/www.cafbl.cat\/es\/wp-json\/wp\/v2\/posts\/149153","targetHints":{"allow":["GET"]}}],"collection":[{"href":"https:\/\/www.cafbl.cat\/es\/wp-json\/wp\/v2\/posts"}],"about":[{"href":"https:\/\/www.cafbl.cat\/es\/wp-json\/wp\/v2\/types\/post"}],"author":[{"embeddable":true,"href":"https:\/\/www.cafbl.cat\/es\/wp-json\/wp\/v2\/users\/1"}],"replies":[{"embeddable":true,"href":"https:\/\/www.cafbl.cat\/es\/wp-json\/wp\/v2\/comments?post=149153"}],"version-history":[{"count":0,"href":"https:\/\/www.cafbl.cat\/es\/wp-json\/wp\/v2\/posts\/149153\/revisions"}],"wp:featuredmedia":[{"embeddable":true,"href":"https:\/\/www.cafbl.cat\/es\/wp-json\/wp\/v2\/media\/149156"}],"wp:attachment":[{"href":"https:\/\/www.cafbl.cat\/es\/wp-json\/wp\/v2\/media?parent=149153"}],"wp:term":[{"taxonomy":"category","embeddable":true,"href":"https:\/\/www.cafbl.cat\/es\/wp-json\/wp\/v2\/categories?post=149153"},{"taxonomy":"post_tag","embeddable":true,"href":"https:\/\/www.cafbl.cat\/es\/wp-json\/wp\/v2\/tags?post=149153"}],"curies":[{"name":"wp","href":"https:\/\/api.w.org\/{rel}","templated":true}]}}