{"id":149302,"date":"2026-01-23T14:48:09","date_gmt":"2026-01-23T13:48:09","guid":{"rendered":"https:\/\/www.cafbl.cat\/vecinos-en-guerra-descubre-como-la-mediacion-puede-devolver-la-paz-a-tu-comunidad\/"},"modified":"2026-01-26T13:24:59","modified_gmt":"2026-01-26T12:24:59","slug":"vecinos-en-guerra-descubre-como-la-mediacion-puede-devolver-la-paz-a-tu-comunidad","status":"publish","type":"post","link":"https:\/\/www.cafbl.cat\/es\/vecinos-en-guerra-descubre-como-la-mediacion-puede-devolver-la-paz-a-tu-comunidad\/","title":{"rendered":"\u00bfVecinos en guerra? Descubre c\u00f3mo la mediaci\u00f3n puede devolver la paz a tu comunidad"},"content":{"rendered":"\t\t<div data-elementor-type=\"wp-post\" data-elementor-id=\"149302\" class=\"elementor elementor-149302 elementor-149292\" data-elementor-post-type=\"post\">\n\t\t\t\t<div class=\"elementor-element elementor-element-82bd84e e-flex e-con-boxed wpr-particle-no wpr-jarallax-no wpr-parallax-no wpr-sticky-section-no e-con e-parent\" data-id=\"82bd84e\" data-element_type=\"container\" data-e-type=\"container\">\n\t\t\t\t\t<div class=\"e-con-inner\">\n\t\t\t\t<div class=\"elementor-element elementor-element-e61c09a elementor-widget elementor-widget-image\" data-id=\"e61c09a\" data-element_type=\"widget\" data-e-type=\"widget\" data-widget_type=\"image.default\">\n\t\t\t\t<div class=\"elementor-widget-container\">\n\t\t\t\t\t\t\t\t\t\t\t\t\t\t\t<img fetchpriority=\"high\" decoding=\"async\" width=\"683\" height=\"1024\" src=\"https:\/\/www.cafbl.cat\/wp-content\/uploads\/2024\/12\/Marta_Agraz-683x1024.jpg\" class=\"attachment-large size-large wp-image-97798\" alt=\"\" srcset=\"https:\/\/www.cafbl.cat\/wp-content\/uploads\/2024\/12\/Marta_Agraz-683x1024.jpg 683w, https:\/\/www.cafbl.cat\/wp-content\/uploads\/2024\/12\/Marta_Agraz-200x300.jpg 200w, https:\/\/www.cafbl.cat\/wp-content\/uploads\/2024\/12\/Marta_Agraz-768x1151.jpg 768w, https:\/\/www.cafbl.cat\/wp-content\/uploads\/2024\/12\/Marta_Agraz-1025x1536.jpg 1025w, https:\/\/www.cafbl.cat\/wp-content\/uploads\/2024\/12\/Marta_Agraz-1366x2048.jpg 1366w, https:\/\/www.cafbl.cat\/wp-content\/uploads\/2024\/12\/Marta_Agraz-scaled.jpg 1708w\" sizes=\"(max-width: 683px) 100vw, 683px\" data-cookieconsent=\"ignore\" \/>\t\t\t\t\t\t\t\t\t\t\t\t\t\t\t<\/div>\n\t\t\t\t<\/div>\n\t\t\t\t\t<\/div>\n\t\t\t\t<\/div>\n\t\t<div class=\"elementor-element elementor-element-db494d7 e-flex e-con-boxed wpr-particle-no wpr-jarallax-no wpr-parallax-no wpr-sticky-section-no e-con e-parent\" data-id=\"db494d7\" data-element_type=\"container\" data-e-type=\"container\">\n\t\t\t\t\t<div class=\"e-con-inner\">\n\t\t\t\t<div class=\"elementor-element elementor-element-3fe5a76 elementor-widget elementor-widget-text-editor\" data-id=\"3fe5a76\" data-element_type=\"widget\" data-e-type=\"widget\" data-widget_type=\"text-editor.default\">\n\t\t\t\t<div class=\"elementor-widget-container\">\n\t\t\t\t\t\t\t\t\t<p><strong>Marta Agraz, Directora de Comunicaci\u00f3 del CAFBL<\/strong><\/p>\n<p class=\"my-2 [&amp;+p]:mt-4 [&amp;_strong:has(+br)]:inline-block [&amp;_strong:has(+br)]:pb-2\">\u00bfEst\u00e1s molesto con el vecino del piso de arriba por los ruidos nocturnos o con el inquilino que no paga la cuota de la comunidad? Antes, el \u00fanico camino era el juzgado, con largas colas, abogados y meses de espera. Ahora, gracias a los m\u00e9todos adecuados de soluci\u00f3n de controversias (MASC), existe la opci\u00f3n de resolverlo dialogando, de forma m\u00e1s r\u00e1pida y sin gastar una fortuna.<\/p>\n<p><\/p>\n<p class=\"my-2 [&amp;+p]:mt-4 [&amp;_strong:has(+br)]:inline-block [&amp;_strong:has(+br)]:pb-2\">Y si quieres saber c\u00f3mo, \u00a1sigue leyendo!<\/p>\n<p>&nbsp;<\/p>\n\t\t\t\t\t\t\t\t<\/div>\n\t\t\t\t<\/div>\n\t\t\t\t<div class=\"elementor-element elementor-element-c228b90 elementor-widget elementor-widget-text-editor\" data-id=\"c228b90\" data-element_type=\"widget\" data-e-type=\"widget\" data-widget_type=\"text-editor.default\">\n\t\t\t\t<div class=\"elementor-widget-container\">\n\t\t\t\t\t\t\t\t\t<h3 class=\"my-2 [&amp;+p]:mt-4 [&amp;_strong:has(+br)]:inline-block [&amp;_strong:has(+br)]:pb-2\"><strong>Una ley que invita a hablar<\/strong><\/h3>\n<p><\/p>\n<p class=\"my-2 [&amp;+p]:mt-4 [&amp;_strong:has(+br)]:inline-block [&amp;_strong:has(+br)]:pb-2\">Desde la entrada en vigor de la Ley Org\u00e1nica 1\/2021, antes de ir a juicio es necesario intentar una soluci\u00f3n dialogada mediante estos m\u00e9todos adecuados de soluci\u00f3n de controversias (MASC). El objetivo es claro: menos colapso en los juzgados, respuestas m\u00e1s r\u00e1pidas y menos desgaste emocional y econ\u00f3mico para la ciudadan\u00eda.<\/p>\n<h3 class=\"my-2 [&amp;+p]:mt-4 [&amp;_strong:has(+br)]:inline-block [&amp;_strong:has(+br)]:pb-2\"><strong>\u00bfY c\u00f3mo puedo hacerlo?<\/strong><\/h3>\n<p><\/p>\n<p class=\"my-2 [&amp;+p]:mt-4 [&amp;_strong:has(+br)]:inline-block [&amp;_strong:has(+br)]:pb-2\">El\u00a0<strong><a href=\"https:\/\/www.cafbl.cat\/es\/ciudadania\/ciudadania-mediacion\/\" target=\"_blank\" rel=\"noopener\">Centro de Mediaci\u00f3n Inmobiliaria de los Colegios de Administradores de Fincas de Catalu\u00f1a\u00a0(CEMCAF)<\/a><\/strong> es un centro creado para impulsar la mediaci\u00f3n en el sector inmobiliario en Catalu\u00f1a. Pone a disposici\u00f3n de quien lo necesite un equipo de profesionales mediadores que se encargan de encontrar, de manera neutral, acuerdos voluntarios que todos acepten, fomentando una cultura de respeto mutuo.<\/p>\n<h3 class=\"my-2 [&amp;+p]:mt-4 [&amp;_strong:has(+br)]:inline-block [&amp;_strong:has(+br)]:pb-2\"><strong>Tu mediador, como un amigo neutral<\/strong><\/h3>\n<p><\/p>\n<p class=\"my-2 [&amp;+p]:mt-4 [&amp;_strong:has(+br)]:inline-block [&amp;_strong:has(+br)]:pb-2\">Estos mediadores del CEMCAF son administradores de fincas colegiados, expertos en el mundo inmobiliario, que te escuchan sin tomar partido. Facilitan el di\u00e1logo, ayudan a entenderse y a encontrar soluciones duraderas, sin imponer nada, como un \u00e1rbitro sabio que conoce los entresijos de las comunidades.<\/p>\n<p><\/p>\n<p class=\"my-2 [&amp;+p]:mt-4 [&amp;_strong:has(+br)]:inline-block [&amp;_strong:has(+br)]:pb-2\">La mediaci\u00f3n es especialmente \u00fatil en conflictos en los que las personas deber\u00e1n seguir conviviendo: entre vecinos, entre propietarios e inquilinos o entre comunidades. Es un espacio donde todos pueden hablar, escucharse y, sobre todo, encontrar una soluci\u00f3n sin perder la convivencia por el camino.<\/p>\n<h3 class=\"my-2 [&amp;+p]:mt-4 [&amp;_strong:has(+br)]:inline-block [&amp;_strong:has(+br)]:pb-2\"><strong>Mediaci\u00f3n o conciliaci\u00f3n: dos caras del mismo di\u00e1logo<\/strong><\/h3>\n<p><\/p>\n<p class=\"my-2 [&amp;+p]:mt-4 [&amp;_strong:has(+br)]:inline-block [&amp;_strong:has(+br)]:pb-2\">En el CEMCAF se trabaja principalmente con dos mecanismos:<\/p>\n<ul class=\"marker:text-quiet list-disc\">\n<li class=\"py-0 my-0 prose-p:pt-0 prose-p:mb-2 prose-p:my-0 [&amp;&gt;p]:pt-0 [&amp;&gt;p]:mb-2 [&amp;&gt;p]:my-0\">\n<p class=\"my-2 [&amp;+p]:mt-4 [&amp;_strong:has(+br)]:inline-block [&amp;_strong:has(+br)]:pb-2\"><strong>La mediaci\u00f3n<\/strong>, un proceso confidencial en el que un mediador ayuda a mejorar la comunicaci\u00f3n y a construir acuerdos.<\/p>\n<\/li>\n<li class=\"py-0 my-0 prose-p:pt-0 prose-p:mb-2 prose-p:my-0 [&amp;&gt;p]:pt-0 [&amp;&gt;p]:mb-2 [&amp;&gt;p]:my-0\">\n<p class=\"my-2 [&amp;+p]:mt-4 [&amp;_strong:has(+br)]:inline-block [&amp;_strong:has(+br)]:pb-2\"><strong>La conciliaci\u00f3n<\/strong>, una v\u00eda algo m\u00e1s directa, pensada para casos en los que hace falta un impulso para acercar posiciones y cerrar un acuerdo r\u00e1pidamente.<\/p>\n<\/li>\n<\/ul>\n<p><\/p>\n<p class=\"my-2 [&amp;+p]:mt-4 [&amp;_strong:has(+br)]:inline-block [&amp;_strong:has(+br)]:pb-2\">Ambos procedimientos son especialmente \u00fatiles para resolver problemas habituales como ruidos, obras, uso de espacios comunes, impagos, discrepancias en contratos de alquiler o reclamaciones por desperfectos, entre otros.<\/p>\n<p><\/p>\n<p class=\"my-2 [&amp;+p]:mt-4 [&amp;_strong:has(+br)]:inline-block [&amp;_strong:has(+br)]:pb-2\">Si est\u00e1s viviendo una situaci\u00f3n conflictiva como alguna de las que hemos comentado, no dejes que este problema te robe la tranquilidad. Lo mejor que puedes hacer es intentar poner paz a trav\u00e9s del di\u00e1logo.<\/p>\n<p>Porque, al final, vivir en comunidad significa convivir, y eso solo es posible si somos capaces de encontrar puntos en com\u00fan en lugar de muros.<\/p>\n<p class=\"my-2 [&amp;+p]:mt-4 [&amp;_strong:has(+br)]:inline-block [&amp;_strong:has(+br)]:pb-2\">As\u00ed que no lo pienses m\u00e1s y contacta con el CEMCAF. Puedes hacerlo llamando al 934 510 202 o enviando un correo a\u00a0<a class=\"reset interactable cursor-pointer decoration-1 underline-offset-1 text-super hover:underline font-semibold\" href=\"mailto:centredemediacio@cafbl.cat\" target=\"_blank\" rel=\"nofollow noopener\"><span class=\"text-box-trim-both\">centredemediacio@cafbl.cat<\/span><\/a>.<\/p>\n\t\t\t\t\t\t\t\t<\/div>\n\t\t\t\t<\/div>\n\t\t<div class=\"elementor-element elementor-element-89dcdb6 e-con-full e-flex wpr-particle-no wpr-jarallax-no wpr-parallax-no wpr-sticky-section-no e-con e-child\" data-id=\"89dcdb6\" data-element_type=\"container\" data-e-type=\"container\">\n\t\t\t\t<\/div>\n\t\t\t\t\t<\/div>\n\t\t\t\t<\/div>\n\t\t\t\t<\/div>\n\t\t","protected":false},"excerpt":{"rendered":"<p>Marta Agraz, Directora de Comunicaci\u00f3 del CAFBL \u00bfEst\u00e1s molesto con el vecino del piso de arriba por los ruidos nocturnos o con el inquilino que no paga la cuota de la comunidad? Antes, el \u00fanico camino era el juzgado, con largas colas, abogados y meses de espera. Ahora, gracias a los m\u00e9todos adecuados de soluci\u00f3n de controversias (MASC), existe la opci\u00f3n de resolverlo dialogando, de forma m\u00e1s r\u00e1pida y sin gastar una fortuna. Y si quieres saber c\u00f3mo, \u00a1sigue leyendo! &nbsp; Una ley que invita a hablar Desde la entrada en vigor de la Ley Org\u00e1nica 1\/2021, antes de ir a juicio es necesario intentar una soluci\u00f3n dialogada mediante estos m\u00e9todos adecuados de soluci\u00f3n de controversias (MASC). El objetivo es claro: menos colapso en los juzgados, respuestas m\u00e1s r\u00e1pidas y menos desgaste emocional y econ\u00f3mico para la ciudadan\u00eda. \u00bfY c\u00f3mo puedo hacerlo? El\u00a0Centro de Mediaci\u00f3n Inmobiliaria de los Colegios de Administradores de Fincas de Catalu\u00f1a\u00a0(CEMCAF) es un centro creado para impulsar la mediaci\u00f3n en el sector inmobiliario en Catalu\u00f1a. Pone a disposici\u00f3n de quien lo necesite un equipo de profesionales mediadores que se encargan de encontrar, de manera neutral, acuerdos voluntarios que todos acepten, fomentando una cultura de respeto mutuo. Tu mediador, como un amigo neutral Estos mediadores del CEMCAF son administradores de fincas colegiados, expertos en el mundo inmobiliario, que te escuchan sin tomar partido. Facilitan el di\u00e1logo, ayudan a entenderse y a encontrar soluciones duraderas, sin imponer nada, como un \u00e1rbitro sabio que conoce los entresijos de las comunidades. La mediaci\u00f3n es especialmente \u00fatil en conflictos en los que las personas deber\u00e1n seguir conviviendo: entre vecinos, entre propietarios e inquilinos o entre comunidades. Es un espacio donde todos pueden hablar, escucharse y, sobre todo, encontrar una soluci\u00f3n sin perder la convivencia por el camino. Mediaci\u00f3n o conciliaci\u00f3n: dos caras del mismo di\u00e1logo En el CEMCAF se trabaja principalmente con dos mecanismos: La mediaci\u00f3n, un proceso confidencial en el que un mediador ayuda a mejorar la comunicaci\u00f3n y a construir acuerdos. La conciliaci\u00f3n, una v\u00eda algo m\u00e1s directa, pensada para casos en los que hace falta un impulso para acercar posiciones y cerrar un acuerdo r\u00e1pidamente. Ambos procedimientos son especialmente \u00fatiles para resolver problemas habituales como ruidos, obras, uso de espacios comunes, impagos, discrepancias en contratos de alquiler o reclamaciones por desperfectos, entre otros. Si est\u00e1s viviendo una situaci\u00f3n conflictiva como alguna de las que hemos comentado, no dejes que este problema te robe la tranquilidad. Lo mejor que puedes hacer es intentar poner paz a trav\u00e9s del di\u00e1logo. Porque, al final, vivir en comunidad significa convivir, y eso solo es posible si somos capaces de encontrar puntos en com\u00fan en lugar de muros. As\u00ed que no lo pienses m\u00e1s y contacta con el CEMCAF. Puedes hacerlo llamando al 934 510 202 o enviando un correo a\u00a0centredemediacio@cafbl.cat.<\/p>\n","protected":false},"author":1,"featured_media":149298,"comment_status":"closed","ping_status":"open","sticky":false,"template":"","format":"standard","meta":{"_acf_changed":false,"site-sidebar-layout":"default","site-content-layout":"","ast-site-content-layout":"default","site-content-style":"default","site-sidebar-style":"default","ast-global-header-display":"","ast-banner-title-visibility":"","ast-main-header-display":"","ast-hfb-above-header-display":"","ast-hfb-below-header-display":"","ast-hfb-mobile-header-display":"","site-post-title":"","ast-breadcrumbs-content":"","ast-featured-img":"","footer-sml-layout":"","ast-disable-related-posts":"","theme-transparent-header-meta":"","adv-header-id-meta":"","stick-header-meta":"","header-above-stick-meta":"","header-main-stick-meta":"","header-below-stick-meta":"","astra-migrate-meta-layouts":"default","ast-page-background-enabled":"default","ast-page-background-meta":{"desktop":{"background-color":"var(--ast-global-color-4)","background-image":"","background-repeat":"repeat","background-position":"center center","background-size":"auto","background-attachment":"scroll","background-type":"","background-media":"","overlay-type":"","overlay-color":"","overlay-opacity":"","overlay-gradient":""},"tablet":{"background-color":"","background-image":"","background-repeat":"repeat","background-position":"center center","background-size":"auto","background-attachment":"scroll","background-type":"","background-media":"","overlay-type":"","overlay-color":"","overlay-opacity":"","overlay-gradient":""},"mobile":{"background-color":"","background-image":"","background-repeat":"repeat","background-position":"center center","background-size":"auto","background-attachment":"scroll","background-type":"","background-media":"","overlay-type":"","overlay-color":"","overlay-opacity":"","overlay-gradient":""}},"ast-content-background-meta":{"desktop":{"background-color":"var(--ast-global-color-5)","background-image":"","background-repeat":"repeat","background-position":"center center","background-size":"auto","background-attachment":"scroll","background-type":"","background-media":"","overlay-type":"","overlay-color":"","overlay-opacity":"","overlay-gradient":""},"tablet":{"background-color":"var(--ast-global-color-5)","background-image":"","background-repeat":"repeat","background-position":"center center","background-size":"auto","background-attachment":"scroll","background-type":"","background-media":"","overlay-type":"","overlay-color":"","overlay-opacity":"","overlay-gradient":""},"mobile":{"background-color":"var(--ast-global-color-5)","background-image":"","background-repeat":"repeat","background-position":"center center","background-size":"auto","background-attachment":"scroll","background-type":"","background-media":"","overlay-type":"","overlay-color":"","overlay-opacity":"","overlay-gradient":""}},"footnotes":""},"categories":[692],"tags":[],"class_list":["post-149302","post","type-post","status-publish","format-standard","has-post-thumbnail","hentry","category-blog-del-ciudadano"],"acf":[],"yoast_head":"<!-- This site is optimized with the Yoast SEO plugin v27.5 - https:\/\/yoast.com\/product\/yoast-seo-wordpress\/ -->\n<title>Descubre c\u00f3mo la mediaci\u00f3n puede devolver la paz a tu comunidad<\/title>\n<meta name=\"description\" content=\"Blog del ciudadano del Col\u00b7legi d&#039;Administradors de Finques de Barcelona-Lleida: Blog del ciutad\u00e0 del Col\u00b7legi d&#039;Administradors de Finques de Barcelona-Lleida: \u00bfVecinos en guerra? La mediaci\u00f3n es una soluci\u00f3n.\" \/>\n<meta name=\"robots\" content=\"index, follow, max-snippet:-1, max-image-preview:large, max-video-preview:-1\" \/>\n<link rel=\"canonical\" href=\"https:\/\/www.cafbl.cat\/es\/vecinos-en-guerra-descubre-como-la-mediacion-puede-devolver-la-paz-a-tu-comunidad\/\" \/>\n<meta property=\"og:locale\" content=\"es_ES\" \/>\n<meta property=\"og:type\" content=\"article\" \/>\n<meta property=\"og:title\" content=\"Descubre c\u00f3mo la mediaci\u00f3n puede devolver la paz a tu comunidad\" \/>\n<meta property=\"og:description\" content=\"Blog del ciudadano del Col\u00b7legi d&#039;Administradors de Finques de Barcelona-Lleida: Blog del ciutad\u00e0 del Col\u00b7legi d&#039;Administradors de Finques de Barcelona-Lleida: \u00bfVecinos en guerra? La mediaci\u00f3n es una soluci\u00f3n.\" \/>\n<meta property=\"og:url\" content=\"https:\/\/www.cafbl.cat\/es\/vecinos-en-guerra-descubre-como-la-mediacion-puede-devolver-la-paz-a-tu-comunidad\/\" \/>\n<meta property=\"og:site_name\" content=\"Col\u00b7legi Administradors de Finques Barcelona Lleida\" \/>\n<meta property=\"article:published_time\" content=\"2026-01-23T13:48:09+00:00\" \/>\n<meta property=\"article:modified_time\" content=\"2026-01-26T12:24:59+00:00\" \/>\n<meta property=\"og:image\" content=\"https:\/\/www.cafbl.cat\/wp-content\/uploads\/2026\/01\/BlogCiutada_Mediacio.webp\" \/>\n\t<meta property=\"og:image:width\" content=\"2500\" \/>\n\t<meta property=\"og:image:height\" content=\"1700\" \/>\n\t<meta property=\"og:image:type\" content=\"image\/webp\" \/>\n<meta name=\"author\" content=\"adminwpcafbl\" \/>\n<meta name=\"twitter:card\" content=\"summary_large_image\" \/>\n<meta name=\"twitter:creator\" content=\"@CAFbcn_lleida\" \/>\n<meta name=\"twitter:site\" content=\"@CAFbcn_lleida\" \/>\n<meta name=\"twitter:label1\" content=\"Escrito por\" \/>\n\t<meta name=\"twitter:data1\" content=\"adminwpcafbl\" \/>\n\t<meta name=\"twitter:label2\" content=\"Tiempo de lectura\" \/>\n\t<meta name=\"twitter:data2\" content=\"3 minutos\" \/>\n<script type=\"application\/ld+json\" class=\"yoast-schema-graph\">{\"@context\":\"https:\\\/\\\/schema.org\",\"@graph\":[{\"@type\":\"Article\",\"@id\":\"https:\\\/\\\/www.cafbl.cat\\\/es\\\/vecinos-en-guerra-descubre-como-la-mediacion-puede-devolver-la-paz-a-tu-comunidad\\\/#article\",\"isPartOf\":{\"@id\":\"https:\\\/\\\/www.cafbl.cat\\\/es\\\/vecinos-en-guerra-descubre-como-la-mediacion-puede-devolver-la-paz-a-tu-comunidad\\\/\"},\"author\":{\"name\":\"adminwpcafbl\",\"@id\":\"https:\\\/\\\/www.cafbl.cat\\\/es\\\/#\\\/schema\\\/person\\\/bfdd3486c3f782e0fd324b2d5a98ef47\"},\"headline\":\"\u00bfVecinos en guerra? Descubre c\u00f3mo la mediaci\u00f3n puede devolver la paz a tu comunidad\",\"datePublished\":\"2026-01-23T13:48:09+00:00\",\"dateModified\":\"2026-01-26T12:24:59+00:00\",\"mainEntityOfPage\":{\"@id\":\"https:\\\/\\\/www.cafbl.cat\\\/es\\\/vecinos-en-guerra-descubre-como-la-mediacion-puede-devolver-la-paz-a-tu-comunidad\\\/\"},\"wordCount\":525,\"publisher\":{\"@id\":\"https:\\\/\\\/www.cafbl.cat\\\/es\\\/#organization\"},\"image\":{\"@id\":\"https:\\\/\\\/www.cafbl.cat\\\/es\\\/vecinos-en-guerra-descubre-como-la-mediacion-puede-devolver-la-paz-a-tu-comunidad\\\/#primaryimage\"},\"thumbnailUrl\":\"https:\\\/\\\/www.cafbl.cat\\\/wp-content\\\/uploads\\\/2026\\\/01\\\/BlogCiutada_Mediacio.webp\",\"articleSection\":[\"Blog del ciudadano\"],\"inLanguage\":\"es\"},{\"@type\":\"WebPage\",\"@id\":\"https:\\\/\\\/www.cafbl.cat\\\/es\\\/vecinos-en-guerra-descubre-como-la-mediacion-puede-devolver-la-paz-a-tu-comunidad\\\/\",\"url\":\"https:\\\/\\\/www.cafbl.cat\\\/es\\\/vecinos-en-guerra-descubre-como-la-mediacion-puede-devolver-la-paz-a-tu-comunidad\\\/\",\"name\":\"Descubre c\u00f3mo la mediaci\u00f3n puede devolver la paz a tu comunidad\",\"isPartOf\":{\"@id\":\"https:\\\/\\\/www.cafbl.cat\\\/es\\\/#website\"},\"primaryImageOfPage\":{\"@id\":\"https:\\\/\\\/www.cafbl.cat\\\/es\\\/vecinos-en-guerra-descubre-como-la-mediacion-puede-devolver-la-paz-a-tu-comunidad\\\/#primaryimage\"},\"image\":{\"@id\":\"https:\\\/\\\/www.cafbl.cat\\\/es\\\/vecinos-en-guerra-descubre-como-la-mediacion-puede-devolver-la-paz-a-tu-comunidad\\\/#primaryimage\"},\"thumbnailUrl\":\"https:\\\/\\\/www.cafbl.cat\\\/wp-content\\\/uploads\\\/2026\\\/01\\\/BlogCiutada_Mediacio.webp\",\"datePublished\":\"2026-01-23T13:48:09+00:00\",\"dateModified\":\"2026-01-26T12:24:59+00:00\",\"description\":\"Blog del ciudadano del Col\u00b7legi d'Administradors de Finques de Barcelona-Lleida: Blog del ciutad\u00e0 del Col\u00b7legi d'Administradors de Finques de Barcelona-Lleida: \u00bfVecinos en guerra? La mediaci\u00f3n es una soluci\u00f3n.\",\"breadcrumb\":{\"@id\":\"https:\\\/\\\/www.cafbl.cat\\\/es\\\/vecinos-en-guerra-descubre-como-la-mediacion-puede-devolver-la-paz-a-tu-comunidad\\\/#breadcrumb\"},\"inLanguage\":\"es\",\"potentialAction\":[{\"@type\":\"ReadAction\",\"target\":[\"https:\\\/\\\/www.cafbl.cat\\\/es\\\/vecinos-en-guerra-descubre-como-la-mediacion-puede-devolver-la-paz-a-tu-comunidad\\\/\"]}]},{\"@type\":\"ImageObject\",\"inLanguage\":\"es\",\"@id\":\"https:\\\/\\\/www.cafbl.cat\\\/es\\\/vecinos-en-guerra-descubre-como-la-mediacion-puede-devolver-la-paz-a-tu-comunidad\\\/#primaryimage\",\"url\":\"https:\\\/\\\/www.cafbl.cat\\\/wp-content\\\/uploads\\\/2026\\\/01\\\/BlogCiutada_Mediacio.webp\",\"contentUrl\":\"https:\\\/\\\/www.cafbl.cat\\\/wp-content\\\/uploads\\\/2026\\\/01\\\/BlogCiutada_Mediacio.webp\",\"width\":2500,\"height\":1700},{\"@type\":\"BreadcrumbList\",\"@id\":\"https:\\\/\\\/www.cafbl.cat\\\/es\\\/vecinos-en-guerra-descubre-como-la-mediacion-puede-devolver-la-paz-a-tu-comunidad\\\/#breadcrumb\",\"itemListElement\":[{\"@type\":\"ListItem\",\"position\":1,\"name\":\"Home\",\"item\":\"https:\\\/\\\/www.cafbl.cat\\\/es\\\/\"},{\"@type\":\"ListItem\",\"position\":2,\"name\":\"\u00bfVecinos en guerra? Descubre c\u00f3mo la mediaci\u00f3n puede devolver la paz a tu comunidad\"}]},{\"@type\":\"WebSite\",\"@id\":\"https:\\\/\\\/www.cafbl.cat\\\/es\\\/#website\",\"url\":\"https:\\\/\\\/www.cafbl.cat\\\/es\\\/\",\"name\":\"Col\u00b7legi Administradors de Finques Barcelona Lleida\",\"description\":\"Web oficial del Col\u00b7legi Administradors de Finques Barcelona Lleida\",\"publisher\":{\"@id\":\"https:\\\/\\\/www.cafbl.cat\\\/es\\\/#organization\"},\"alternateName\":\"CAFBL - Col\u00b7legi Administradors de Finques Barcelona Lleida\",\"potentialAction\":[{\"@type\":\"SearchAction\",\"target\":{\"@type\":\"EntryPoint\",\"urlTemplate\":\"https:\\\/\\\/www.cafbl.cat\\\/es\\\/?s={search_term_string}\"},\"query-input\":{\"@type\":\"PropertyValueSpecification\",\"valueRequired\":true,\"valueName\":\"search_term_string\"}}],\"inLanguage\":\"es\"},{\"@type\":\"Organization\",\"@id\":\"https:\\\/\\\/www.cafbl.cat\\\/es\\\/#organization\",\"name\":\"Col\u00b7legi Administradors de Finques Barcelona Lleida\",\"alternateName\":\"CAFBL - Col\u00b7legi Administradors de Finques Barcelona Lleida\",\"url\":\"https:\\\/\\\/www.cafbl.cat\\\/es\\\/\",\"logo\":{\"@type\":\"ImageObject\",\"inLanguage\":\"es\",\"@id\":\"https:\\\/\\\/www.cafbl.cat\\\/es\\\/#\\\/schema\\\/logo\\\/image\\\/\",\"url\":\"https:\\\/\\\/www.cafbl.cat\\\/wp-content\\\/uploads\\\/2024\\\/07\\\/logo_cafbl.svg\",\"contentUrl\":\"https:\\\/\\\/www.cafbl.cat\\\/wp-content\\\/uploads\\\/2024\\\/07\\\/logo_cafbl.svg\",\"width\":471,\"height\":116,\"caption\":\"Col\u00b7legi Administradors de Finques Barcelona Lleida\"},\"image\":{\"@id\":\"https:\\\/\\\/www.cafbl.cat\\\/es\\\/#\\\/schema\\\/logo\\\/image\\\/\"},\"sameAs\":[\"https:\\\/\\\/x.com\\\/CAFbcn_lleida\",\"https:\\\/\\\/www.linkedin.com\\\/company\\\/administradors-finques-cafbl\",\"https:\\\/\\\/www.instagram.com\\\/administradors_finques_cafbl\\\/\"]},{\"@type\":\"Person\",\"@id\":\"https:\\\/\\\/www.cafbl.cat\\\/es\\\/#\\\/schema\\\/person\\\/bfdd3486c3f782e0fd324b2d5a98ef47\",\"name\":\"adminwpcafbl\",\"image\":{\"@type\":\"ImageObject\",\"inLanguage\":\"es\",\"@id\":\"https:\\\/\\\/secure.gravatar.com\\\/avatar\\\/b32455939fe3be4b8b0c3e83865545e13c95024ea445ea7e7e6774d5f0eebe28?s=96&d=mm&r=g\",\"url\":\"https:\\\/\\\/secure.gravatar.com\\\/avatar\\\/b32455939fe3be4b8b0c3e83865545e13c95024ea445ea7e7e6774d5f0eebe28?s=96&d=mm&r=g\",\"contentUrl\":\"https:\\\/\\\/secure.gravatar.com\\\/avatar\\\/b32455939fe3be4b8b0c3e83865545e13c95024ea445ea7e7e6774d5f0eebe28?s=96&d=mm&r=g\",\"caption\":\"adminwpcafbl\"},\"sameAs\":[\"http:\\\/\\\/cafbl.cat\"],\"url\":\"https:\\\/\\\/www.cafbl.cat\\\/es\\\/author\\\/adminwpcafbl\\\/\"}]}<\/script>\n<!-- \/ Yoast SEO plugin. -->","yoast_head_json":{"title":"Descubre c\u00f3mo la mediaci\u00f3n puede devolver la paz a tu comunidad","description":"Blog del ciudadano del Col\u00b7legi d'Administradors de Finques de Barcelona-Lleida: Blog del ciutad\u00e0 del Col\u00b7legi d'Administradors de Finques de Barcelona-Lleida: \u00bfVecinos en guerra? La mediaci\u00f3n es una soluci\u00f3n.","robots":{"index":"index","follow":"follow","max-snippet":"max-snippet:-1","max-image-preview":"max-image-preview:large","max-video-preview":"max-video-preview:-1"},"canonical":"https:\/\/www.cafbl.cat\/es\/vecinos-en-guerra-descubre-como-la-mediacion-puede-devolver-la-paz-a-tu-comunidad\/","og_locale":"es_ES","og_type":"article","og_title":"Descubre c\u00f3mo la mediaci\u00f3n puede devolver la paz a tu comunidad","og_description":"Blog del ciudadano del Col\u00b7legi d'Administradors de Finques de Barcelona-Lleida: Blog del ciutad\u00e0 del Col\u00b7legi d'Administradors de Finques de Barcelona-Lleida: \u00bfVecinos en guerra? La mediaci\u00f3n es una soluci\u00f3n.","og_url":"https:\/\/www.cafbl.cat\/es\/vecinos-en-guerra-descubre-como-la-mediacion-puede-devolver-la-paz-a-tu-comunidad\/","og_site_name":"Col\u00b7legi Administradors de Finques Barcelona Lleida","article_published_time":"2026-01-23T13:48:09+00:00","article_modified_time":"2026-01-26T12:24:59+00:00","og_image":[{"width":2500,"height":1700,"url":"https:\/\/www.cafbl.cat\/wp-content\/uploads\/2026\/01\/BlogCiutada_Mediacio.webp","type":"image\/webp"}],"author":"adminwpcafbl","twitter_card":"summary_large_image","twitter_creator":"@CAFbcn_lleida","twitter_site":"@CAFbcn_lleida","twitter_misc":{"Escrito por":"adminwpcafbl","Tiempo de lectura":"3 minutos"},"schema":{"@context":"https:\/\/schema.org","@graph":[{"@type":"Article","@id":"https:\/\/www.cafbl.cat\/es\/vecinos-en-guerra-descubre-como-la-mediacion-puede-devolver-la-paz-a-tu-comunidad\/#article","isPartOf":{"@id":"https:\/\/www.cafbl.cat\/es\/vecinos-en-guerra-descubre-como-la-mediacion-puede-devolver-la-paz-a-tu-comunidad\/"},"author":{"name":"adminwpcafbl","@id":"https:\/\/www.cafbl.cat\/es\/#\/schema\/person\/bfdd3486c3f782e0fd324b2d5a98ef47"},"headline":"\u00bfVecinos en guerra? Descubre c\u00f3mo la mediaci\u00f3n puede devolver la paz a tu comunidad","datePublished":"2026-01-23T13:48:09+00:00","dateModified":"2026-01-26T12:24:59+00:00","mainEntityOfPage":{"@id":"https:\/\/www.cafbl.cat\/es\/vecinos-en-guerra-descubre-como-la-mediacion-puede-devolver-la-paz-a-tu-comunidad\/"},"wordCount":525,"publisher":{"@id":"https:\/\/www.cafbl.cat\/es\/#organization"},"image":{"@id":"https:\/\/www.cafbl.cat\/es\/vecinos-en-guerra-descubre-como-la-mediacion-puede-devolver-la-paz-a-tu-comunidad\/#primaryimage"},"thumbnailUrl":"https:\/\/www.cafbl.cat\/wp-content\/uploads\/2026\/01\/BlogCiutada_Mediacio.webp","articleSection":["Blog del ciudadano"],"inLanguage":"es"},{"@type":"WebPage","@id":"https:\/\/www.cafbl.cat\/es\/vecinos-en-guerra-descubre-como-la-mediacion-puede-devolver-la-paz-a-tu-comunidad\/","url":"https:\/\/www.cafbl.cat\/es\/vecinos-en-guerra-descubre-como-la-mediacion-puede-devolver-la-paz-a-tu-comunidad\/","name":"Descubre c\u00f3mo la mediaci\u00f3n puede devolver la paz a tu comunidad","isPartOf":{"@id":"https:\/\/www.cafbl.cat\/es\/#website"},"primaryImageOfPage":{"@id":"https:\/\/www.cafbl.cat\/es\/vecinos-en-guerra-descubre-como-la-mediacion-puede-devolver-la-paz-a-tu-comunidad\/#primaryimage"},"image":{"@id":"https:\/\/www.cafbl.cat\/es\/vecinos-en-guerra-descubre-como-la-mediacion-puede-devolver-la-paz-a-tu-comunidad\/#primaryimage"},"thumbnailUrl":"https:\/\/www.cafbl.cat\/wp-content\/uploads\/2026\/01\/BlogCiutada_Mediacio.webp","datePublished":"2026-01-23T13:48:09+00:00","dateModified":"2026-01-26T12:24:59+00:00","description":"Blog del ciudadano del Col\u00b7legi d'Administradors de Finques de Barcelona-Lleida: Blog del ciutad\u00e0 del Col\u00b7legi d'Administradors de Finques de Barcelona-Lleida: \u00bfVecinos en guerra? La mediaci\u00f3n es una soluci\u00f3n.","breadcrumb":{"@id":"https:\/\/www.cafbl.cat\/es\/vecinos-en-guerra-descubre-como-la-mediacion-puede-devolver-la-paz-a-tu-comunidad\/#breadcrumb"},"inLanguage":"es","potentialAction":[{"@type":"ReadAction","target":["https:\/\/www.cafbl.cat\/es\/vecinos-en-guerra-descubre-como-la-mediacion-puede-devolver-la-paz-a-tu-comunidad\/"]}]},{"@type":"ImageObject","inLanguage":"es","@id":"https:\/\/www.cafbl.cat\/es\/vecinos-en-guerra-descubre-como-la-mediacion-puede-devolver-la-paz-a-tu-comunidad\/#primaryimage","url":"https:\/\/www.cafbl.cat\/wp-content\/uploads\/2026\/01\/BlogCiutada_Mediacio.webp","contentUrl":"https:\/\/www.cafbl.cat\/wp-content\/uploads\/2026\/01\/BlogCiutada_Mediacio.webp","width":2500,"height":1700},{"@type":"BreadcrumbList","@id":"https:\/\/www.cafbl.cat\/es\/vecinos-en-guerra-descubre-como-la-mediacion-puede-devolver-la-paz-a-tu-comunidad\/#breadcrumb","itemListElement":[{"@type":"ListItem","position":1,"name":"Home","item":"https:\/\/www.cafbl.cat\/es\/"},{"@type":"ListItem","position":2,"name":"\u00bfVecinos en guerra? Descubre c\u00f3mo la mediaci\u00f3n puede devolver la paz a tu comunidad"}]},{"@type":"WebSite","@id":"https:\/\/www.cafbl.cat\/es\/#website","url":"https:\/\/www.cafbl.cat\/es\/","name":"Col\u00b7legi Administradors de Finques Barcelona Lleida","description":"Web oficial del Col\u00b7legi Administradors de Finques Barcelona Lleida","publisher":{"@id":"https:\/\/www.cafbl.cat\/es\/#organization"},"alternateName":"CAFBL - Col\u00b7legi Administradors de Finques Barcelona Lleida","potentialAction":[{"@type":"SearchAction","target":{"@type":"EntryPoint","urlTemplate":"https:\/\/www.cafbl.cat\/es\/?s={search_term_string}"},"query-input":{"@type":"PropertyValueSpecification","valueRequired":true,"valueName":"search_term_string"}}],"inLanguage":"es"},{"@type":"Organization","@id":"https:\/\/www.cafbl.cat\/es\/#organization","name":"Col\u00b7legi Administradors de Finques Barcelona Lleida","alternateName":"CAFBL - Col\u00b7legi Administradors de Finques Barcelona Lleida","url":"https:\/\/www.cafbl.cat\/es\/","logo":{"@type":"ImageObject","inLanguage":"es","@id":"https:\/\/www.cafbl.cat\/es\/#\/schema\/logo\/image\/","url":"https:\/\/www.cafbl.cat\/wp-content\/uploads\/2024\/07\/logo_cafbl.svg","contentUrl":"https:\/\/www.cafbl.cat\/wp-content\/uploads\/2024\/07\/logo_cafbl.svg","width":471,"height":116,"caption":"Col\u00b7legi Administradors de Finques Barcelona Lleida"},"image":{"@id":"https:\/\/www.cafbl.cat\/es\/#\/schema\/logo\/image\/"},"sameAs":["https:\/\/x.com\/CAFbcn_lleida","https:\/\/www.linkedin.com\/company\/administradors-finques-cafbl","https:\/\/www.instagram.com\/administradors_finques_cafbl\/"]},{"@type":"Person","@id":"https:\/\/www.cafbl.cat\/es\/#\/schema\/person\/bfdd3486c3f782e0fd324b2d5a98ef47","name":"adminwpcafbl","image":{"@type":"ImageObject","inLanguage":"es","@id":"https:\/\/secure.gravatar.com\/avatar\/b32455939fe3be4b8b0c3e83865545e13c95024ea445ea7e7e6774d5f0eebe28?s=96&d=mm&r=g","url":"https:\/\/secure.gravatar.com\/avatar\/b32455939fe3be4b8b0c3e83865545e13c95024ea445ea7e7e6774d5f0eebe28?s=96&d=mm&r=g","contentUrl":"https:\/\/secure.gravatar.com\/avatar\/b32455939fe3be4b8b0c3e83865545e13c95024ea445ea7e7e6774d5f0eebe28?s=96&d=mm&r=g","caption":"adminwpcafbl"},"sameAs":["http:\/\/cafbl.cat"],"url":"https:\/\/www.cafbl.cat\/es\/author\/adminwpcafbl\/"}]}},"_links":{"self":[{"href":"https:\/\/www.cafbl.cat\/es\/wp-json\/wp\/v2\/posts\/149302","targetHints":{"allow":["GET"]}}],"collection":[{"href":"https:\/\/www.cafbl.cat\/es\/wp-json\/wp\/v2\/posts"}],"about":[{"href":"https:\/\/www.cafbl.cat\/es\/wp-json\/wp\/v2\/types\/post"}],"author":[{"embeddable":true,"href":"https:\/\/www.cafbl.cat\/es\/wp-json\/wp\/v2\/users\/1"}],"replies":[{"embeddable":true,"href":"https:\/\/www.cafbl.cat\/es\/wp-json\/wp\/v2\/comments?post=149302"}],"version-history":[{"count":0,"href":"https:\/\/www.cafbl.cat\/es\/wp-json\/wp\/v2\/posts\/149302\/revisions"}],"wp:featuredmedia":[{"embeddable":true,"href":"https:\/\/www.cafbl.cat\/es\/wp-json\/wp\/v2\/media\/149298"}],"wp:attachment":[{"href":"https:\/\/www.cafbl.cat\/es\/wp-json\/wp\/v2\/media?parent=149302"}],"wp:term":[{"taxonomy":"category","embeddable":true,"href":"https:\/\/www.cafbl.cat\/es\/wp-json\/wp\/v2\/categories?post=149302"},{"taxonomy":"post_tag","embeddable":true,"href":"https:\/\/www.cafbl.cat\/es\/wp-json\/wp\/v2\/tags?post=149302"}],"curies":[{"name":"wp","href":"https:\/\/api.w.org\/{rel}","templated":true}]}}