{"id":156308,"date":"2026-03-18T13:44:57","date_gmt":"2026-03-18T12:44:57","guid":{"rendered":"https:\/\/www.cafbl.cat\/90-anos-de-administradores-de-fincas-el-cafbl-reclama-seguridad-juridica-y-mas-voz-en-las-politicas-de-vivienda-2\/"},"modified":"2026-03-18T14:03:42","modified_gmt":"2026-03-18T13:03:42","slug":"90-anos-de-administradores-de-fincas-el-cafbl-reclama-seguridad-juridica-y-mas-voz-en-las-politicas-de-vivienda-2","status":"publish","type":"post","link":"https:\/\/www.cafbl.cat\/es\/90-anos-de-administradores-de-fincas-el-cafbl-reclama-seguridad-juridica-y-mas-voz-en-las-politicas-de-vivienda-2\/","title":{"rendered":"90 a\u00f1os de Administradores de Fincas: el CAFBL reclama seguridad jur\u00eddica y m\u00e1s voz en las pol\u00edticas de vivienda"},"content":{"rendered":"\t\t<div data-elementor-type=\"wp-post\" data-elementor-id=\"156308\" class=\"elementor elementor-156308 elementor-156303\" data-elementor-post-type=\"post\">\n\t\t\t\t<div class=\"elementor-element elementor-element-212abacb e-flex e-con-boxed wpr-particle-no wpr-jarallax-no wpr-parallax-no wpr-sticky-section-no e-con e-parent\" data-id=\"212abacb\" data-element_type=\"container\" data-e-type=\"container\">\n\t\t\t\t\t<div class=\"e-con-inner\">\n\t\t\t\t<div class=\"elementor-element elementor-element-5ee422db elementor-widget elementor-widget-text-editor\" data-id=\"5ee422db\" data-element_type=\"widget\" data-e-type=\"widget\" data-widget_type=\"text-editor.default\">\n\t\t\t\t<div class=\"elementor-widget-container\">\n\t\t\t\t\t\t\t\t\t<p>Barcelona, 18 de marzo de 2026<\/p>\n<ul>\n<li><em>El CAFBL <\/em><em>re\u00fane presidentes hist\u00f3ricos y <\/em><em>al conseller <\/em><em>de Just<\/em><em>\u00ed<\/em><em>cia para abrir el a\u00f1o conmemorativo del 90 <\/em><em>aniversario<\/em><em> de la profesi\u00f3n<\/em><\/li>\n<li><em>Seg\u00fan el Centro de Datos y Estudios Inmobiliarios del Colegio, el 90% de los contratos finalizados responde a la voluntad del <\/em><em>inquilino<\/em><em> y no del propietario<\/em><\/li>\n<\/ul>\n<p>El <strong>Col\u00b7legi d\u2019Administradors de Finques de Barcelona i Lleida (CAFBL)<\/strong> celebr\u00f3 ayer martes 17 de marzo el <strong>acto institucional de inicio del 90\u00ba aniversario de la profesi\u00f3n de Administradores de Fincas<\/strong>, que cont\u00f3 con la asistencia del <strong>H. Sr. Ramon Espadaler, conseller de Just\u00edcia y Qualitat Democr\u00e0tica.<\/strong><\/p>\n<p>La <strong>periodista S\u00edlvia\u00a0C\u00f3ppulo<\/strong>\u00a0fue la conductora del acto, dando voz a los diferentes protagonistas de la jornada y moderando una mesa sobre el pasado, presente y futuro de la profesi\u00f3n.<\/p>\n<p>En esta mesa participaron cuatro de los presidentes y presidenta que han ejercido el cargo a lo largo de la historia del Colegio: Sr. Josep M. Gual, Sr. Enrique Vendrell, Sra.\u00a0Anabel\u00a0Mir\u00f3 y Sr. Lorenzo Vi\u00f1as. Durante la charla, comentaron los hitos m\u00e1s importantes de sus mandatos y la evoluci\u00f3n de la profesi\u00f3n hasta d\u00eda de hoy.<\/p>\n<p>En el decurso del acto, el <strong>presidente actual del\u00a0CAFBL, el Sr. Vi\u00f1as<\/strong>, quiso agradecer el esfuerzo de todas las juntas anteriores \u201c<em>para construir un futuro mejor, hay que reconocer el legado de todas las personas que han hecho posible un Colegio plural, din\u00e1mico y comprometido con sus colegiados\u201d<\/em>. Y al mismo tiempo,<strong> reivindic\u00f3 el papel del Colegio<\/strong> como instituci\u00f3n de <strong>referencia en el \u00e1mbito de la vivienda<\/strong> y como pieza clave en la gesti\u00f3n de miles de comunidades de propietarios y de inquilinos en Barcelona y Lleida. Se ha subrayado la <strong>funci\u00f3n social de los Administradores de Fincas<\/strong> en \u00e1mbitos como la convivencia vecinal, la rehabilitaci\u00f3n y mantenimiento de los edificios y el impulso de la sostenibilidad en el parque residencial.<\/p>\n<h4><strong>Los datos del\u00a0CDEI\u00a0revelan que el 90% de los contratos acabados lo hacen por decisi\u00f3n del inquilino<\/strong><\/h4>\n<p>Durante la jornada tambi\u00e9n se presentaron datos y contenidos elaborados por el <strong>Centro de Datos y Estudios Inmobiliarios (CDEI)\u00a0<\/strong>del propio Colegio, con el objetivo de aportar una base de informaci\u00f3n rigurosa al debate sobre la vivienda. A partir de estos datos y de la experiencia diaria de los colegiados, el\u00a0CAFBL\u00a0ha puesto de manifiesto la preocupaci\u00f3n creciente por la dificultad de acceso a la vivienda y por la alta complejidad del actual marco normativo.<\/p>\n<p>Seg\u00fan el\u00a0CDEI, en cuanto a la <strong>vida del contrato de alquiler<\/strong>, se ha demostrado que el <strong>60% de contratos finalizan antes de su vencimiento<\/strong> y que, de estos, el <strong>90% lo hace a voluntad del inquilino.<\/strong> Por lo tanto, los inquilinos tienden a no agotar toda la vigencia del contrato.<\/p>\n<p>Por otro lado, de los contratos que s\u00ed que llegan a su vencimiento, as\u00ed como de sus pr\u00f3rrogas, el <strong>29% se encuentran en t\u00e1cita reconducci\u00f3n<\/strong>, es decir, se contin\u00faan renovando autom\u00e1ticamente mes a mes. Hecho que provoca que aumente la <strong>precarizaci\u00f3n del inquilino<\/strong>, porque el propietario en cualquier momento puede reclamar la posesi\u00f3n de la vivienda.<\/p>\n<p><em>\u201cEstos datos evidencian que las personas con m\u00e1s poder adquisitivo salen beneficiadas, ya que pueden acceder a viviendas iguales o mejores que las que ya tienen alquiladas, y a menudo a un precio m\u00e1s bajo por el tope de alquiler. En cambio, las personas con menos recursos econ\u00f3micos tienen m\u00e1s dificultades para encontrar un nuevo alquiler, ya que, de primeras, no son los candidatos con mayor solvencia y, por eso, se ven obligados a mantenerse en el piso donde ya viven con esta inquietud de la que hablamos de la t\u00e1cita reconducci\u00f3n\u201d<\/em>, explica <strong>Montse Bassas, vicepresidenta del\u00a0CAFBL\u00a0y miembro del\u00a0CDEI.<\/strong><\/p>\n<h4><strong>Cr\u00edtica al marco normativo y a la criminalizaci\u00f3n del propietario<\/strong><\/h4>\n<p>El Colegio ha denunciado la <strong>inseguridad jur\u00eddica<\/strong> que sufren muchos propietarios, especialmente peque\u00f1os tenedores, a ra\u00edz de una sucesi\u00f3n de normas e interpretaciones cambiantes y de un relato pol\u00edtico y social que a menudo tiende a la<strong> criminalizaci\u00f3n de la propiedad privada.<\/strong> En esta l\u00ednea, se ha reclamado que la voz y la experiencia de los Administradores de Fincas sea tenida en cuenta en la elaboraci\u00f3n de las leyes de vivienda, para asegurar un marco legal que proteja el derecho a la vivienda sin debilitar la seguridad jur\u00eddica ni desincentivar la oferta de alquiler.<\/p>\n<p>Con este acto, el\u00a0CAFBL\u00a0abre un a\u00f1o conmemorativo que quiere servir para poner en valor y reivindicar el papel de los Administradores de Fincas como profesionales esenciales en la gesti\u00f3n de la vivienda y en la cohesi\u00f3n social de nuestras ciudades.<\/p>\n\t\t\t\t\t\t\t\t<\/div>\n\t\t\t\t<\/div>\n\t\t\t\t\t<\/div>\n\t\t\t\t<\/div>\n\t\t\t\t<\/div>\n\t\t","protected":false},"excerpt":{"rendered":"<p>Barcelona, 18 de marzo de 2026 El CAFBL re\u00fane presidentes hist\u00f3ricos y al conseller de Just\u00edcia para abrir el a\u00f1o conmemorativo del 90 aniversario de la profesi\u00f3n Seg\u00fan el Centro de Datos y Estudios Inmobiliarios del Colegio, el 90% de los contratos finalizados responde a la voluntad del inquilino y no del propietario El Col\u00b7legi d\u2019Administradors de Finques de Barcelona i Lleida (CAFBL) celebr\u00f3 ayer martes 17 de marzo el acto institucional de inicio del 90\u00ba aniversario de la profesi\u00f3n de Administradores de Fincas, que cont\u00f3 con la asistencia del H. Sr. Ramon Espadaler, conseller de Just\u00edcia y Qualitat Democr\u00e0tica. La periodista S\u00edlvia\u00a0C\u00f3ppulo\u00a0fue la conductora del acto, dando voz a los diferentes protagonistas de la jornada y moderando una mesa sobre el pasado, presente y futuro de la profesi\u00f3n. En esta mesa participaron cuatro de los presidentes y presidenta que han ejercido el cargo a lo largo de la historia del Colegio: Sr. Josep M. Gual, Sr. Enrique Vendrell, Sra.\u00a0Anabel\u00a0Mir\u00f3 y Sr. Lorenzo Vi\u00f1as. Durante la charla, comentaron los hitos m\u00e1s importantes de sus mandatos y la evoluci\u00f3n de la profesi\u00f3n hasta d\u00eda de hoy. En el decurso del acto, el presidente actual del\u00a0CAFBL, el Sr. Vi\u00f1as, quiso agradecer el esfuerzo de todas las juntas anteriores \u201cpara construir un futuro mejor, hay que reconocer el legado de todas las personas que han hecho posible un Colegio plural, din\u00e1mico y comprometido con sus colegiados\u201d. Y al mismo tiempo, reivindic\u00f3 el papel del Colegio como instituci\u00f3n de referencia en el \u00e1mbito de la vivienda y como pieza clave en la gesti\u00f3n de miles de comunidades de propietarios y de inquilinos en Barcelona y Lleida. Se ha subrayado la funci\u00f3n social de los Administradores de Fincas en \u00e1mbitos como la convivencia vecinal, la rehabilitaci\u00f3n y mantenimiento de los edificios y el impulso de la sostenibilidad en el parque residencial. Los datos del\u00a0CDEI\u00a0revelan que el 90% de los contratos acabados lo hacen por decisi\u00f3n del inquilino Durante la jornada tambi\u00e9n se presentaron datos y contenidos elaborados por el Centro de Datos y Estudios Inmobiliarios (CDEI)\u00a0del propio Colegio, con el objetivo de aportar una base de informaci\u00f3n rigurosa al debate sobre la vivienda. A partir de estos datos y de la experiencia diaria de los colegiados, el\u00a0CAFBL\u00a0ha puesto de manifiesto la preocupaci\u00f3n creciente por la dificultad de acceso a la vivienda y por la alta complejidad del actual marco normativo. Seg\u00fan el\u00a0CDEI, en cuanto a la vida del contrato de alquiler, se ha demostrado que el 60% de contratos finalizan antes de su vencimiento y que, de estos, el 90% lo hace a voluntad del inquilino. Por lo tanto, los inquilinos tienden a no agotar toda la vigencia del contrato. Por otro lado, de los contratos que s\u00ed que llegan a su vencimiento, as\u00ed como de sus pr\u00f3rrogas, el 29% se encuentran en t\u00e1cita reconducci\u00f3n, es decir, se contin\u00faan renovando autom\u00e1ticamente mes a mes. Hecho que provoca que aumente la precarizaci\u00f3n del inquilino, porque el propietario en cualquier momento puede reclamar la posesi\u00f3n de la vivienda. \u201cEstos datos evidencian que las personas con m\u00e1s poder adquisitivo salen beneficiadas, ya que pueden acceder a viviendas iguales o mejores que las que ya tienen alquiladas, y a menudo a un precio m\u00e1s bajo por el tope de alquiler. En cambio, las personas con menos recursos econ\u00f3micos tienen m\u00e1s dificultades para encontrar un nuevo alquiler, ya que, de primeras, no son los candidatos con mayor solvencia y, por eso, se ven obligados a mantenerse en el piso donde ya viven con esta inquietud de la que hablamos de la t\u00e1cita reconducci\u00f3n\u201d, explica Montse Bassas, vicepresidenta del\u00a0CAFBL\u00a0y miembro del\u00a0CDEI. Cr\u00edtica al marco normativo y a la criminalizaci\u00f3n del propietario El Colegio ha denunciado la inseguridad jur\u00eddica que sufren muchos propietarios, especialmente peque\u00f1os tenedores, a ra\u00edz de una sucesi\u00f3n de normas e interpretaciones cambiantes y de un relato pol\u00edtico y social que a menudo tiende a la criminalizaci\u00f3n de la propiedad privada. En esta l\u00ednea, se ha reclamado que la voz y la experiencia de los Administradores de Fincas sea tenida en cuenta en la elaboraci\u00f3n de las leyes de vivienda, para asegurar un marco legal que proteja el derecho a la vivienda sin debilitar la seguridad jur\u00eddica ni desincentivar la oferta de alquiler. Con este acto, el\u00a0CAFBL\u00a0abre un a\u00f1o conmemorativo que quiere servir para poner en valor y reivindicar el papel de los Administradores de Fincas como profesionales esenciales en la gesti\u00f3n de la vivienda y en la cohesi\u00f3n social de nuestras ciudades.<\/p>\n","protected":false},"author":1,"featured_media":77936,"comment_status":"closed","ping_status":"closed","sticky":false,"template":"","format":"standard","meta":{"_acf_changed":false,"site-sidebar-layout":"default","site-content-layout":"","ast-site-content-layout":"default","site-content-style":"default","site-sidebar-style":"default","ast-global-header-display":"","ast-banner-title-visibility":"","ast-main-header-display":"","ast-hfb-above-header-display":"","ast-hfb-below-header-display":"","ast-hfb-mobile-header-display":"","site-post-title":"","ast-breadcrumbs-content":"","ast-featured-img":"","footer-sml-layout":"","ast-disable-related-posts":"","theme-transparent-header-meta":"","adv-header-id-meta":"","stick-header-meta":"","header-above-stick-meta":"","header-main-stick-meta":"","header-below-stick-meta":"","astra-migrate-meta-layouts":"default","ast-page-background-enabled":"default","ast-page-background-meta":{"desktop":{"background-color":"var(--ast-global-color-4)","background-image":"","background-repeat":"repeat","background-position":"center center","background-size":"auto","background-attachment":"scroll","background-type":"","background-media":"","overlay-type":"","overlay-color":"","overlay-opacity":"","overlay-gradient":""},"tablet":{"background-color":"","background-image":"","background-repeat":"repeat","background-position":"center center","background-size":"auto","background-attachment":"scroll","background-type":"","background-media":"","overlay-type":"","overlay-color":"","overlay-opacity":"","overlay-gradient":""},"mobile":{"background-color":"","background-image":"","background-repeat":"repeat","background-position":"center center","background-size":"auto","background-attachment":"scroll","background-type":"","background-media":"","overlay-type":"","overlay-color":"","overlay-opacity":"","overlay-gradient":""}},"ast-content-background-meta":{"desktop":{"background-color":"var(--ast-global-color-5)","background-image":"","background-repeat":"repeat","background-position":"center center","background-size":"auto","background-attachment":"scroll","background-type":"","background-media":"","overlay-type":"","overlay-color":"","overlay-opacity":"","overlay-gradient":""},"tablet":{"background-color":"var(--ast-global-color-5)","background-image":"","background-repeat":"repeat","background-position":"center center","background-size":"auto","background-attachment":"scroll","background-type":"","background-media":"","overlay-type":"","overlay-color":"","overlay-opacity":"","overlay-gradient":""},"mobile":{"background-color":"var(--ast-global-color-5)","background-image":"","background-repeat":"repeat","background-position":"center center","background-size":"auto","background-attachment":"scroll","background-type":"","background-media":"","overlay-type":"","overlay-color":"","overlay-opacity":"","overlay-gradient":""}},"footnotes":""},"categories":[680],"tags":[],"class_list":["post-156308","post","type-post","status-publish","format-standard","has-post-thumbnail","hentry","category-notas-de-prensa"],"acf":[],"yoast_head":"<!-- This site is optimized with the Yoast SEO plugin v27.5 - https:\/\/yoast.com\/product\/yoast-seo-wordpress\/ -->\n<title>90 a\u00f1os de Administradores de Fincas: el CAFBL reclama seguridad jur\u00eddica<\/title>\n<meta name=\"description\" content=\"El CAFBL celebra 90 a\u00f1os reivindicando la seguridad jur\u00eddica y el papel de los Administradores de Fincas en la gesti\u00f3n de alquileres y la vivienda.\" \/>\n<meta name=\"robots\" content=\"index, follow, max-snippet:-1, max-image-preview:large, max-video-preview:-1\" \/>\n<link rel=\"canonical\" href=\"https:\/\/www.cafbl.cat\/es\/90-anos-de-administradores-de-fincas-el-cafbl-reclama-seguridad-juridica-y-mas-voz-en-las-politicas-de-vivienda-2\/\" \/>\n<meta property=\"og:locale\" content=\"es_ES\" \/>\n<meta property=\"og:type\" content=\"article\" \/>\n<meta property=\"og:title\" content=\"90 a\u00f1os de Administradores de Fincas: el CAFBL reclama seguridad jur\u00eddica\" \/>\n<meta property=\"og:description\" content=\"El CAFBL celebra 90 a\u00f1os reivindicando la seguridad jur\u00eddica y el papel de los Administradores de Fincas en la gesti\u00f3n de alquileres y la vivienda.\" \/>\n<meta property=\"og:url\" content=\"https:\/\/www.cafbl.cat\/es\/90-anos-de-administradores-de-fincas-el-cafbl-reclama-seguridad-juridica-y-mas-voz-en-las-politicas-de-vivienda-2\/\" \/>\n<meta property=\"og:site_name\" content=\"Col\u00b7legi Administradors de Finques Barcelona Lleida\" \/>\n<meta property=\"article:published_time\" content=\"2026-03-18T12:44:57+00:00\" \/>\n<meta property=\"article:modified_time\" content=\"2026-03-18T13:03:42+00:00\" \/>\n<meta property=\"og:image\" content=\"https:\/\/www.cafbl.cat\/wp-content\/uploads\/2024\/12\/Premsa-CAFBL-1.png\" \/>\n\t<meta property=\"og:image:width\" content=\"1080\" \/>\n\t<meta property=\"og:image:height\" content=\"1080\" \/>\n\t<meta property=\"og:image:type\" content=\"image\/png\" \/>\n<meta name=\"author\" content=\"adminwpcafbl\" \/>\n<meta name=\"twitter:card\" content=\"summary_large_image\" \/>\n<meta name=\"twitter:creator\" content=\"@CAFbcn_lleida\" \/>\n<meta name=\"twitter:site\" content=\"@CAFbcn_lleida\" \/>\n<meta name=\"twitter:label1\" content=\"Escrito por\" \/>\n\t<meta name=\"twitter:data1\" content=\"adminwpcafbl\" \/>\n\t<meta name=\"twitter:label2\" content=\"Tiempo de lectura\" \/>\n\t<meta name=\"twitter:data2\" content=\"4 minutos\" \/>\n<script type=\"application\/ld+json\" class=\"yoast-schema-graph\">{\"@context\":\"https:\\\/\\\/schema.org\",\"@graph\":[{\"@type\":\"Article\",\"@id\":\"https:\\\/\\\/www.cafbl.cat\\\/es\\\/90-anos-de-administradores-de-fincas-el-cafbl-reclama-seguridad-juridica-y-mas-voz-en-las-politicas-de-vivienda-2\\\/#article\",\"isPartOf\":{\"@id\":\"https:\\\/\\\/www.cafbl.cat\\\/es\\\/90-anos-de-administradores-de-fincas-el-cafbl-reclama-seguridad-juridica-y-mas-voz-en-las-politicas-de-vivienda-2\\\/\"},\"author\":{\"name\":\"adminwpcafbl\",\"@id\":\"https:\\\/\\\/www.cafbl.cat\\\/es\\\/#\\\/schema\\\/person\\\/bfdd3486c3f782e0fd324b2d5a98ef47\"},\"headline\":\"90 a\u00f1os de Administradores de Fincas: el CAFBL reclama seguridad jur\u00eddica y m\u00e1s voz en las pol\u00edticas de vivienda\",\"datePublished\":\"2026-03-18T12:44:57+00:00\",\"dateModified\":\"2026-03-18T13:03:42+00:00\",\"mainEntityOfPage\":{\"@id\":\"https:\\\/\\\/www.cafbl.cat\\\/es\\\/90-anos-de-administradores-de-fincas-el-cafbl-reclama-seguridad-juridica-y-mas-voz-en-las-politicas-de-vivienda-2\\\/\"},\"wordCount\":829,\"publisher\":{\"@id\":\"https:\\\/\\\/www.cafbl.cat\\\/es\\\/#organization\"},\"image\":{\"@id\":\"https:\\\/\\\/www.cafbl.cat\\\/es\\\/90-anos-de-administradores-de-fincas-el-cafbl-reclama-seguridad-juridica-y-mas-voz-en-las-politicas-de-vivienda-2\\\/#primaryimage\"},\"thumbnailUrl\":\"https:\\\/\\\/www.cafbl.cat\\\/wp-content\\\/uploads\\\/2024\\\/12\\\/Premsa-CAFBL-1.png\",\"articleSection\":[\"Notas de prensa\"],\"inLanguage\":\"es\"},{\"@type\":\"WebPage\",\"@id\":\"https:\\\/\\\/www.cafbl.cat\\\/es\\\/90-anos-de-administradores-de-fincas-el-cafbl-reclama-seguridad-juridica-y-mas-voz-en-las-politicas-de-vivienda-2\\\/\",\"url\":\"https:\\\/\\\/www.cafbl.cat\\\/es\\\/90-anos-de-administradores-de-fincas-el-cafbl-reclama-seguridad-juridica-y-mas-voz-en-las-politicas-de-vivienda-2\\\/\",\"name\":\"90 a\u00f1os de Administradores de Fincas: el CAFBL reclama seguridad jur\u00eddica\",\"isPartOf\":{\"@id\":\"https:\\\/\\\/www.cafbl.cat\\\/es\\\/#website\"},\"primaryImageOfPage\":{\"@id\":\"https:\\\/\\\/www.cafbl.cat\\\/es\\\/90-anos-de-administradores-de-fincas-el-cafbl-reclama-seguridad-juridica-y-mas-voz-en-las-politicas-de-vivienda-2\\\/#primaryimage\"},\"image\":{\"@id\":\"https:\\\/\\\/www.cafbl.cat\\\/es\\\/90-anos-de-administradores-de-fincas-el-cafbl-reclama-seguridad-juridica-y-mas-voz-en-las-politicas-de-vivienda-2\\\/#primaryimage\"},\"thumbnailUrl\":\"https:\\\/\\\/www.cafbl.cat\\\/wp-content\\\/uploads\\\/2024\\\/12\\\/Premsa-CAFBL-1.png\",\"datePublished\":\"2026-03-18T12:44:57+00:00\",\"dateModified\":\"2026-03-18T13:03:42+00:00\",\"description\":\"El CAFBL celebra 90 a\u00f1os reivindicando la seguridad jur\u00eddica y el papel de los Administradores de Fincas en la gesti\u00f3n de alquileres y la vivienda.\",\"breadcrumb\":{\"@id\":\"https:\\\/\\\/www.cafbl.cat\\\/es\\\/90-anos-de-administradores-de-fincas-el-cafbl-reclama-seguridad-juridica-y-mas-voz-en-las-politicas-de-vivienda-2\\\/#breadcrumb\"},\"inLanguage\":\"es\",\"potentialAction\":[{\"@type\":\"ReadAction\",\"target\":[\"https:\\\/\\\/www.cafbl.cat\\\/es\\\/90-anos-de-administradores-de-fincas-el-cafbl-reclama-seguridad-juridica-y-mas-voz-en-las-politicas-de-vivienda-2\\\/\"]}]},{\"@type\":\"ImageObject\",\"inLanguage\":\"es\",\"@id\":\"https:\\\/\\\/www.cafbl.cat\\\/es\\\/90-anos-de-administradores-de-fincas-el-cafbl-reclama-seguridad-juridica-y-mas-voz-en-las-politicas-de-vivienda-2\\\/#primaryimage\",\"url\":\"https:\\\/\\\/www.cafbl.cat\\\/wp-content\\\/uploads\\\/2024\\\/12\\\/Premsa-CAFBL-1.png\",\"contentUrl\":\"https:\\\/\\\/www.cafbl.cat\\\/wp-content\\\/uploads\\\/2024\\\/12\\\/Premsa-CAFBL-1.png\",\"width\":1080,\"height\":1080},{\"@type\":\"BreadcrumbList\",\"@id\":\"https:\\\/\\\/www.cafbl.cat\\\/es\\\/90-anos-de-administradores-de-fincas-el-cafbl-reclama-seguridad-juridica-y-mas-voz-en-las-politicas-de-vivienda-2\\\/#breadcrumb\",\"itemListElement\":[{\"@type\":\"ListItem\",\"position\":1,\"name\":\"Home\",\"item\":\"https:\\\/\\\/www.cafbl.cat\\\/es\\\/\"},{\"@type\":\"ListItem\",\"position\":2,\"name\":\"90 a\u00f1os de Administradores de Fincas: el CAFBL reclama seguridad jur\u00eddica y m\u00e1s voz en las pol\u00edticas de vivienda\"}]},{\"@type\":\"WebSite\",\"@id\":\"https:\\\/\\\/www.cafbl.cat\\\/es\\\/#website\",\"url\":\"https:\\\/\\\/www.cafbl.cat\\\/es\\\/\",\"name\":\"Col\u00b7legi Administradors de Finques Barcelona Lleida\",\"description\":\"Web oficial del Col\u00b7legi Administradors de Finques Barcelona Lleida\",\"publisher\":{\"@id\":\"https:\\\/\\\/www.cafbl.cat\\\/es\\\/#organization\"},\"alternateName\":\"CAFBL - Col\u00b7legi Administradors de Finques Barcelona Lleida\",\"potentialAction\":[{\"@type\":\"SearchAction\",\"target\":{\"@type\":\"EntryPoint\",\"urlTemplate\":\"https:\\\/\\\/www.cafbl.cat\\\/es\\\/?s={search_term_string}\"},\"query-input\":{\"@type\":\"PropertyValueSpecification\",\"valueRequired\":true,\"valueName\":\"search_term_string\"}}],\"inLanguage\":\"es\"},{\"@type\":\"Organization\",\"@id\":\"https:\\\/\\\/www.cafbl.cat\\\/es\\\/#organization\",\"name\":\"Col\u00b7legi Administradors de Finques Barcelona Lleida\",\"alternateName\":\"CAFBL - Col\u00b7legi Administradors de Finques Barcelona Lleida\",\"url\":\"https:\\\/\\\/www.cafbl.cat\\\/es\\\/\",\"logo\":{\"@type\":\"ImageObject\",\"inLanguage\":\"es\",\"@id\":\"https:\\\/\\\/www.cafbl.cat\\\/es\\\/#\\\/schema\\\/logo\\\/image\\\/\",\"url\":\"https:\\\/\\\/www.cafbl.cat\\\/wp-content\\\/uploads\\\/2024\\\/07\\\/logo_cafbl.svg\",\"contentUrl\":\"https:\\\/\\\/www.cafbl.cat\\\/wp-content\\\/uploads\\\/2024\\\/07\\\/logo_cafbl.svg\",\"width\":471,\"height\":116,\"caption\":\"Col\u00b7legi Administradors de Finques Barcelona Lleida\"},\"image\":{\"@id\":\"https:\\\/\\\/www.cafbl.cat\\\/es\\\/#\\\/schema\\\/logo\\\/image\\\/\"},\"sameAs\":[\"https:\\\/\\\/x.com\\\/CAFbcn_lleida\",\"https:\\\/\\\/www.linkedin.com\\\/company\\\/administradors-finques-cafbl\",\"https:\\\/\\\/www.instagram.com\\\/administradors_finques_cafbl\\\/\"]},{\"@type\":\"Person\",\"@id\":\"https:\\\/\\\/www.cafbl.cat\\\/es\\\/#\\\/schema\\\/person\\\/bfdd3486c3f782e0fd324b2d5a98ef47\",\"name\":\"adminwpcafbl\",\"image\":{\"@type\":\"ImageObject\",\"inLanguage\":\"es\",\"@id\":\"https:\\\/\\\/secure.gravatar.com\\\/avatar\\\/b32455939fe3be4b8b0c3e83865545e13c95024ea445ea7e7e6774d5f0eebe28?s=96&d=mm&r=g\",\"url\":\"https:\\\/\\\/secure.gravatar.com\\\/avatar\\\/b32455939fe3be4b8b0c3e83865545e13c95024ea445ea7e7e6774d5f0eebe28?s=96&d=mm&r=g\",\"contentUrl\":\"https:\\\/\\\/secure.gravatar.com\\\/avatar\\\/b32455939fe3be4b8b0c3e83865545e13c95024ea445ea7e7e6774d5f0eebe28?s=96&d=mm&r=g\",\"caption\":\"adminwpcafbl\"},\"sameAs\":[\"http:\\\/\\\/cafbl.cat\"],\"url\":\"https:\\\/\\\/www.cafbl.cat\\\/es\\\/author\\\/adminwpcafbl\\\/\"}]}<\/script>\n<!-- \/ Yoast SEO plugin. -->","yoast_head_json":{"title":"90 a\u00f1os de Administradores de Fincas: el CAFBL reclama seguridad jur\u00eddica","description":"El CAFBL celebra 90 a\u00f1os reivindicando la seguridad jur\u00eddica y el papel de los Administradores de Fincas en la gesti\u00f3n de alquileres y la vivienda.","robots":{"index":"index","follow":"follow","max-snippet":"max-snippet:-1","max-image-preview":"max-image-preview:large","max-video-preview":"max-video-preview:-1"},"canonical":"https:\/\/www.cafbl.cat\/es\/90-anos-de-administradores-de-fincas-el-cafbl-reclama-seguridad-juridica-y-mas-voz-en-las-politicas-de-vivienda-2\/","og_locale":"es_ES","og_type":"article","og_title":"90 a\u00f1os de Administradores de Fincas: el CAFBL reclama seguridad jur\u00eddica","og_description":"El CAFBL celebra 90 a\u00f1os reivindicando la seguridad jur\u00eddica y el papel de los Administradores de Fincas en la gesti\u00f3n de alquileres y la vivienda.","og_url":"https:\/\/www.cafbl.cat\/es\/90-anos-de-administradores-de-fincas-el-cafbl-reclama-seguridad-juridica-y-mas-voz-en-las-politicas-de-vivienda-2\/","og_site_name":"Col\u00b7legi Administradors de Finques Barcelona Lleida","article_published_time":"2026-03-18T12:44:57+00:00","article_modified_time":"2026-03-18T13:03:42+00:00","og_image":[{"width":1080,"height":1080,"url":"https:\/\/www.cafbl.cat\/wp-content\/uploads\/2024\/12\/Premsa-CAFBL-1.png","type":"image\/png"}],"author":"adminwpcafbl","twitter_card":"summary_large_image","twitter_creator":"@CAFbcn_lleida","twitter_site":"@CAFbcn_lleida","twitter_misc":{"Escrito por":"adminwpcafbl","Tiempo de lectura":"4 minutos"},"schema":{"@context":"https:\/\/schema.org","@graph":[{"@type":"Article","@id":"https:\/\/www.cafbl.cat\/es\/90-anos-de-administradores-de-fincas-el-cafbl-reclama-seguridad-juridica-y-mas-voz-en-las-politicas-de-vivienda-2\/#article","isPartOf":{"@id":"https:\/\/www.cafbl.cat\/es\/90-anos-de-administradores-de-fincas-el-cafbl-reclama-seguridad-juridica-y-mas-voz-en-las-politicas-de-vivienda-2\/"},"author":{"name":"adminwpcafbl","@id":"https:\/\/www.cafbl.cat\/es\/#\/schema\/person\/bfdd3486c3f782e0fd324b2d5a98ef47"},"headline":"90 a\u00f1os de Administradores de Fincas: el CAFBL reclama seguridad jur\u00eddica y m\u00e1s voz en las pol\u00edticas de vivienda","datePublished":"2026-03-18T12:44:57+00:00","dateModified":"2026-03-18T13:03:42+00:00","mainEntityOfPage":{"@id":"https:\/\/www.cafbl.cat\/es\/90-anos-de-administradores-de-fincas-el-cafbl-reclama-seguridad-juridica-y-mas-voz-en-las-politicas-de-vivienda-2\/"},"wordCount":829,"publisher":{"@id":"https:\/\/www.cafbl.cat\/es\/#organization"},"image":{"@id":"https:\/\/www.cafbl.cat\/es\/90-anos-de-administradores-de-fincas-el-cafbl-reclama-seguridad-juridica-y-mas-voz-en-las-politicas-de-vivienda-2\/#primaryimage"},"thumbnailUrl":"https:\/\/www.cafbl.cat\/wp-content\/uploads\/2024\/12\/Premsa-CAFBL-1.png","articleSection":["Notas de prensa"],"inLanguage":"es"},{"@type":"WebPage","@id":"https:\/\/www.cafbl.cat\/es\/90-anos-de-administradores-de-fincas-el-cafbl-reclama-seguridad-juridica-y-mas-voz-en-las-politicas-de-vivienda-2\/","url":"https:\/\/www.cafbl.cat\/es\/90-anos-de-administradores-de-fincas-el-cafbl-reclama-seguridad-juridica-y-mas-voz-en-las-politicas-de-vivienda-2\/","name":"90 a\u00f1os de Administradores de Fincas: el CAFBL reclama seguridad jur\u00eddica","isPartOf":{"@id":"https:\/\/www.cafbl.cat\/es\/#website"},"primaryImageOfPage":{"@id":"https:\/\/www.cafbl.cat\/es\/90-anos-de-administradores-de-fincas-el-cafbl-reclama-seguridad-juridica-y-mas-voz-en-las-politicas-de-vivienda-2\/#primaryimage"},"image":{"@id":"https:\/\/www.cafbl.cat\/es\/90-anos-de-administradores-de-fincas-el-cafbl-reclama-seguridad-juridica-y-mas-voz-en-las-politicas-de-vivienda-2\/#primaryimage"},"thumbnailUrl":"https:\/\/www.cafbl.cat\/wp-content\/uploads\/2024\/12\/Premsa-CAFBL-1.png","datePublished":"2026-03-18T12:44:57+00:00","dateModified":"2026-03-18T13:03:42+00:00","description":"El CAFBL celebra 90 a\u00f1os reivindicando la seguridad jur\u00eddica y el papel de los Administradores de Fincas en la gesti\u00f3n de alquileres y la vivienda.","breadcrumb":{"@id":"https:\/\/www.cafbl.cat\/es\/90-anos-de-administradores-de-fincas-el-cafbl-reclama-seguridad-juridica-y-mas-voz-en-las-politicas-de-vivienda-2\/#breadcrumb"},"inLanguage":"es","potentialAction":[{"@type":"ReadAction","target":["https:\/\/www.cafbl.cat\/es\/90-anos-de-administradores-de-fincas-el-cafbl-reclama-seguridad-juridica-y-mas-voz-en-las-politicas-de-vivienda-2\/"]}]},{"@type":"ImageObject","inLanguage":"es","@id":"https:\/\/www.cafbl.cat\/es\/90-anos-de-administradores-de-fincas-el-cafbl-reclama-seguridad-juridica-y-mas-voz-en-las-politicas-de-vivienda-2\/#primaryimage","url":"https:\/\/www.cafbl.cat\/wp-content\/uploads\/2024\/12\/Premsa-CAFBL-1.png","contentUrl":"https:\/\/www.cafbl.cat\/wp-content\/uploads\/2024\/12\/Premsa-CAFBL-1.png","width":1080,"height":1080},{"@type":"BreadcrumbList","@id":"https:\/\/www.cafbl.cat\/es\/90-anos-de-administradores-de-fincas-el-cafbl-reclama-seguridad-juridica-y-mas-voz-en-las-politicas-de-vivienda-2\/#breadcrumb","itemListElement":[{"@type":"ListItem","position":1,"name":"Home","item":"https:\/\/www.cafbl.cat\/es\/"},{"@type":"ListItem","position":2,"name":"90 a\u00f1os de Administradores de Fincas: el CAFBL reclama seguridad jur\u00eddica y m\u00e1s voz en las pol\u00edticas de vivienda"}]},{"@type":"WebSite","@id":"https:\/\/www.cafbl.cat\/es\/#website","url":"https:\/\/www.cafbl.cat\/es\/","name":"Col\u00b7legi Administradors de Finques Barcelona Lleida","description":"Web oficial del Col\u00b7legi Administradors de Finques Barcelona Lleida","publisher":{"@id":"https:\/\/www.cafbl.cat\/es\/#organization"},"alternateName":"CAFBL - Col\u00b7legi Administradors de Finques Barcelona Lleida","potentialAction":[{"@type":"SearchAction","target":{"@type":"EntryPoint","urlTemplate":"https:\/\/www.cafbl.cat\/es\/?s={search_term_string}"},"query-input":{"@type":"PropertyValueSpecification","valueRequired":true,"valueName":"search_term_string"}}],"inLanguage":"es"},{"@type":"Organization","@id":"https:\/\/www.cafbl.cat\/es\/#organization","name":"Col\u00b7legi Administradors de Finques Barcelona Lleida","alternateName":"CAFBL - Col\u00b7legi Administradors de Finques Barcelona Lleida","url":"https:\/\/www.cafbl.cat\/es\/","logo":{"@type":"ImageObject","inLanguage":"es","@id":"https:\/\/www.cafbl.cat\/es\/#\/schema\/logo\/image\/","url":"https:\/\/www.cafbl.cat\/wp-content\/uploads\/2024\/07\/logo_cafbl.svg","contentUrl":"https:\/\/www.cafbl.cat\/wp-content\/uploads\/2024\/07\/logo_cafbl.svg","width":471,"height":116,"caption":"Col\u00b7legi Administradors de Finques Barcelona Lleida"},"image":{"@id":"https:\/\/www.cafbl.cat\/es\/#\/schema\/logo\/image\/"},"sameAs":["https:\/\/x.com\/CAFbcn_lleida","https:\/\/www.linkedin.com\/company\/administradors-finques-cafbl","https:\/\/www.instagram.com\/administradors_finques_cafbl\/"]},{"@type":"Person","@id":"https:\/\/www.cafbl.cat\/es\/#\/schema\/person\/bfdd3486c3f782e0fd324b2d5a98ef47","name":"adminwpcafbl","image":{"@type":"ImageObject","inLanguage":"es","@id":"https:\/\/secure.gravatar.com\/avatar\/b32455939fe3be4b8b0c3e83865545e13c95024ea445ea7e7e6774d5f0eebe28?s=96&d=mm&r=g","url":"https:\/\/secure.gravatar.com\/avatar\/b32455939fe3be4b8b0c3e83865545e13c95024ea445ea7e7e6774d5f0eebe28?s=96&d=mm&r=g","contentUrl":"https:\/\/secure.gravatar.com\/avatar\/b32455939fe3be4b8b0c3e83865545e13c95024ea445ea7e7e6774d5f0eebe28?s=96&d=mm&r=g","caption":"adminwpcafbl"},"sameAs":["http:\/\/cafbl.cat"],"url":"https:\/\/www.cafbl.cat\/es\/author\/adminwpcafbl\/"}]}},"_links":{"self":[{"href":"https:\/\/www.cafbl.cat\/es\/wp-json\/wp\/v2\/posts\/156308","targetHints":{"allow":["GET"]}}],"collection":[{"href":"https:\/\/www.cafbl.cat\/es\/wp-json\/wp\/v2\/posts"}],"about":[{"href":"https:\/\/www.cafbl.cat\/es\/wp-json\/wp\/v2\/types\/post"}],"author":[{"embeddable":true,"href":"https:\/\/www.cafbl.cat\/es\/wp-json\/wp\/v2\/users\/1"}],"replies":[{"embeddable":true,"href":"https:\/\/www.cafbl.cat\/es\/wp-json\/wp\/v2\/comments?post=156308"}],"version-history":[{"count":0,"href":"https:\/\/www.cafbl.cat\/es\/wp-json\/wp\/v2\/posts\/156308\/revisions"}],"wp:featuredmedia":[{"embeddable":true,"href":"https:\/\/www.cafbl.cat\/es\/wp-json\/wp\/v2\/media\/77936"}],"wp:attachment":[{"href":"https:\/\/www.cafbl.cat\/es\/wp-json\/wp\/v2\/media?parent=156308"}],"wp:term":[{"taxonomy":"category","embeddable":true,"href":"https:\/\/www.cafbl.cat\/es\/wp-json\/wp\/v2\/categories?post=156308"},{"taxonomy":"post_tag","embeddable":true,"href":"https:\/\/www.cafbl.cat\/es\/wp-json\/wp\/v2\/tags?post=156308"}],"curies":[{"name":"wp","href":"https:\/\/api.w.org\/{rel}","templated":true}]}}