{"id":156326,"date":"2026-03-18T14:31:15","date_gmt":"2026-03-18T13:31:15","guid":{"rendered":"https:\/\/www.cafbl.cat\/tres-de-cada-10-alquileres-ya-se-prolongan-por-tacita-reconduccion-es-una-inseguridad-maxima\/"},"modified":"2026-03-18T15:02:58","modified_gmt":"2026-03-18T14:02:58","slug":"tres-de-cada-10-alquileres-ya-se-prolongan-por-tacita-reconduccion-es-una-inseguridad-maxima","status":"publish","type":"post","link":"https:\/\/www.cafbl.cat\/es\/tres-de-cada-10-alquileres-ya-se-prolongan-por-tacita-reconduccion-es-una-inseguridad-maxima\/","title":{"rendered":"Tres de cada 10 alquileres ya se prolongan por t\u00e1cita reconducci\u00f3n: \u201cEs una inseguridad m\u00e1xima\u201d"},"content":{"rendered":"\t\t<div data-elementor-type=\"wp-post\" data-elementor-id=\"156326\" class=\"elementor elementor-156326 elementor-156321\" data-elementor-post-type=\"post\">\n\t\t\t\t<div class=\"elementor-element elementor-element-ed910 e-flex e-con-boxed wpr-particle-no wpr-jarallax-no wpr-parallax-no wpr-sticky-section-no e-con e-parent\" data-id=\"ed910\" data-element_type=\"container\" data-e-type=\"container\">\n\t\t\t\t\t<div class=\"e-con-inner\">\n\t\t\t\t<div class=\"elementor-element elementor-element-66d61f6e elementor-widget elementor-widget-text-editor\" data-id=\"66d61f6e\" data-element_type=\"widget\" data-e-type=\"widget\" data-widget_type=\"text-editor.default\">\n\t\t\t\t<div class=\"elementor-widget-container\">\n\t\t\t\t\t\t\t\t\t<p data-start=\"44\" data-end=\"423\">Barcelona, 18 de marzo de 2026<\/p>\n<p><\/p>\n<p data-start=\"425\" data-end=\"1058\">Actualmente, los <a href=\"https:\/\/beteve.cat\/economia\/preu-lloguer-barcelona-augmenta-fins-1153-euros-ultim-trimestre-2025\/\">contratos de alquiler<\/a> tienen una duraci\u00f3n de cinco a\u00f1os si el arrendador es persona f\u00edsica y de siete si es persona jur\u00eddica y, una vez vencido este plazo, si ninguna de las dos partes dice nada, el contrato se prorroga hasta un m\u00e1ximo de tres a\u00f1os. Cuando pasa este tiempo, se abren varias v\u00edas para continuar en esa vivienda de forma legal. La t\u00e1cita reconducci\u00f3n es la m\u00e1s perjudicial para el inquilino y, precisamente, la que \u00faltimamente est\u00e1 ganando peso. Ya se produce en el 29% de los contratos, cuando en 2015 eran el 6%, seg\u00fan alerta a la ACN el Colegio de Administradores de Fincas de Barcelona y Lleida.<\/p>\n<h4 data-section-id=\"nc3ude\" data-start=\"1060\" data-end=\"1112\">\u00bfQu\u00e9 opciones hay cuando finaliza el contrato?<\/h4>\n<p><\/p>\n<p data-start=\"1113\" data-end=\"1234\">Cuando finaliza el contrato de cinco o siete a\u00f1os y las pr\u00f3rrogas legales de hasta tres m\u00e1s, pueden suceder tres cosas:<\/p>\n<ul data-start=\"1236\" data-end=\"2077\">\n<li data-section-id=\"14zjs0z\" data-start=\"1236\" data-end=\"1445\">\n<p data-start=\"1238\" data-end=\"1445\"><strong data-start=\"1238\" data-end=\"1253\">Renovaci\u00f3n:<\/strong> firmar un nuevo contrato por otros cinco o siete a\u00f1os que respete el<a href=\"https:\/\/beteve.cat\/economia\/quin-preu-lloguer-teu-pis-nou-index\/\"> l\u00edmite de alquileres establecido<\/a> y con los incrementos anuales correspondientes al <a href=\"https:\/\/www.ine.es\/dyngs\/INEbase\/es\/operacion.htm?c=Estadistica_C&amp;cid=1254736177110&amp;menu=ultiDatos&amp;idp=1254735976607\">IRAV<\/a> (similar al IPC de la vivienda).<\/p>\n<\/li>\n<li data-section-id=\"1uclyo7\" data-start=\"1446\" data-end=\"1598\">\n<p data-start=\"1448\" data-end=\"1598\"><strong data-start=\"1448\" data-end=\"1461\">Pr\u00f3rroga:<\/strong> acordar una nueva pr\u00f3rroga con las mismas condiciones del contrato que se extingue por el tiempo que acuerden propietario e inquilino.<\/p>\n<\/li>\n<li data-section-id=\"nasube\" data-start=\"1599\" data-end=\"2077\">\n<p data-start=\"1601\" data-end=\"2077\"><strong data-start=\"1601\" data-end=\"1625\">T\u00e1cita reconducci\u00f3n:<\/strong> es la opci\u00f3n que se produce cuando nadie dice nada. Si no se renueva el contrato ni se prorroga el actual y el inquilino sigue pagando, el contrato se va renovando mes a mes o a\u00f1o a a\u00f1o, seg\u00fan c\u00f3mo est\u00e9 redactado en el contrato original. A grandes rasgos, si el contrato indica que el importe a pagar es, por ejemplo, de 1.000 euros al mes, la renovaci\u00f3n ser\u00e1 mensual. Pero si establece un precio anual de 12.000 euros, esta reconducci\u00f3n ser\u00e1 anual.<\/p>\n<\/li>\n<\/ul>\n<p><\/p>\n<h4 data-section-id=\"1m7byco\" data-start=\"2079\" data-end=\"2127\">\u201cTe pueden echar con tres meses de margen\u201d<\/h4>\n<p><\/p>\n<p data-start=\"2128\" data-end=\"2591\">Los administradores de fincas explican que el mecanismo de la t\u00e1cita reconducci\u00f3n \u2014para evitar renovar el contrato\u2014 ya afecta al 29% de las 20.000 viviendas que gestionan. Esto supone 23 puntos m\u00e1s que en 2015. Esta tendencia al alza se observa desde la regulaci\u00f3n estatal del alquiler de vivienda de 2023, que permiti\u00f3 la contenci\u00f3n de rentas en zonas tensionadas de Catalunya. \u201cSupone una precarizaci\u00f3n del mercado\u201d, alertan a la Agencia Catalana de Noticias.<\/p>\n<p><\/p>\n<p data-start=\"2593\" data-end=\"2892\">El Sindicat de Llogateres a\u00f1ade que esto implica que se puede echar al inquilino con tres meses de margen. \u201cEs una inseguridad m\u00e1xima, porque de un momento a otro te pueden decir que te vayas de casa\u201d. Lamentan adem\u00e1s que t\u00e9cnicamente la ley no obliga a los propietarios a firmar nuevos contratos.<\/p>\n<h4 data-section-id=\"1tndtpw\" data-start=\"2894\" data-end=\"2935\">Motivos para no renovar el contrato<\/h4>\n<p><\/p>\n<p data-start=\"2936\" data-end=\"3046\">Hay varias razones que pueden llevar a optar por no renovar el contrato y recurrir a la t\u00e1cita reconducci\u00f3n:<\/p>\n<ul data-start=\"3048\" data-end=\"3954\">\n<li data-section-id=\"1uire25\" data-start=\"3048\" data-end=\"3380\">\n<p data-start=\"3050\" data-end=\"3380\"><strong data-start=\"3050\" data-end=\"3082\">No querer bajar el alquiler:<\/strong> en el caso de los grandes tenedores, al formalizar un nuevo contrato pueden verse obligados a reducir el precio. La ley establece que en contratos nuevos debe aplicarse el importe m\u00e1s bajo entre el \u00edndice estatal de referencia o el precio del contrato anterior vigente en los \u00faltimos cinco a\u00f1os.<\/p>\n<\/li>\n<li data-section-id=\"7uc4f7\" data-start=\"3381\" data-end=\"3730\">\n<p data-start=\"3383\" data-end=\"3730\"><strong data-start=\"3383\" data-end=\"3407\">Falta de incentivos:<\/strong> \u201cSe ha disparado la precariedad del inquilino porque el propietario no tiene ning\u00fan incentivo para firmar un contrato nuevo\u201d, afirma Joan Raldiris, del Colegio de Administradores. \u201cHay muchos inquilinos que est\u00e1n pagando mes a mes porque el propietario no los quiere echar, pero tampoco quiere firmar un nuevo contrato\u201d.<\/p>\n<\/li>\n<li data-section-id=\"1ns6u26\" data-start=\"3731\" data-end=\"3954\">\n<p data-start=\"3733\" data-end=\"3954\"><strong data-start=\"3733\" data-end=\"3774\">Dudas sobre el futuro de la vivienda:<\/strong> si un propietario no sabe qu\u00e9 hacer con el piso, es una forma de ganar tiempo y mantener la disponibilidad del inmueble. Tambi\u00e9n puede estar esperando cambios en la legislaci\u00f3n.<\/p>\n<\/li>\n<\/ul>\n<p><\/p>\n<p data-start=\"3956\" data-end=\"4295\">De hecho, los administradores de fincas tambi\u00e9n han detectado una <a href=\"https:\/\/beteve.cat\/economia\/empreses-pisos-venen-mes-que-compren\/\">\u201cfuga\u201d de propietarios del mercado del alquiler<\/a>, tanto de grandes tenedores como de peque\u00f1os arrendadores. \u201cEl propietario que tiene uno o dos pisos y los alquilaba con normalidad se est\u00e1 planteando venderlos. Esto est\u00e1 drenando la oferta de alquiler\u201d, concluye Raldiris.<\/p>\n<h4 data-section-id=\"1oauccl\" data-start=\"4297\" data-end=\"4351\">\u00bfQu\u00e9 opciones tiene el inquilino en estos casos?<\/h4>\n<p><\/p>\n<p data-start=\"4352\" data-end=\"4732\">Las opciones del inquilino en estos casos son limitadas. Puede aceptar la situaci\u00f3n con todo lo que implica o marcharse y buscar otra vivienda de alquiler, algo que tambi\u00e9n resulta muy complicado. \u201cNo hay oferta de pisos\u201d, alertan los administradores. Por ello, muchos inquilinos optan por quedarse, incluso sabiendo que con la nueva ley podr\u00edan estar pagando precios m\u00e1s bajos.<\/p>\n<p><\/p>\n<p data-start=\"4734\" data-end=\"4984\">Los datos reflejan esta falta de oferta. \u201cDesde la entrada en vigor de la ley de 2023 estamos viendo un descenso en los contratos que se firman cada mes\u201d, explican. As\u00ed, si en 2020 se tramitaron 12.000 altas de contratos, en 2025 solo fueron 6.500.<\/p>\n<p><\/p>\n<p data-start=\"4986\" data-end=\"5079\">Toda la informaci\u00f3n oficial sobre los contratos de alquiler est\u00e1 disponible en <a href=\"https:\/\/habitatge.gencat.cat\/ca\/ambits\/lloguer\/contracte\/\">esta p\u00e1gina.<\/a><\/p>\n<p><\/p>\n<p data-start=\"5081\" data-end=\"5188\" data-is-last-node=\"\" data-is-only-node=\"\">Puedes leer la noticia completa en: <a href=\"https:\/\/beteve.cat\/economia\/3-cada-10-lloguers-allarguen-tacita-reconduccio\/\">3 de cada 10 lloguers ja s&#8217;allarguen per la t\u00e0cita reconducci\u00f3<\/a>.<\/p>\n\t\t\t\t\t\t\t\t<\/div>\n\t\t\t\t<\/div>\n\t\t\t\t\t<\/div>\n\t\t\t\t<\/div>\n\t\t<div class=\"elementor-element elementor-element-913c7d8 e-flex e-con-boxed wpr-particle-no wpr-jarallax-no wpr-parallax-no wpr-sticky-section-no e-con e-parent\" data-id=\"913c7d8\" data-element_type=\"container\" data-e-type=\"container\">\n\t\t\t\t\t<div class=\"e-con-inner\">\n\t\t\t\t\t<\/div>\n\t\t\t\t<\/div>\n\t\t<div class=\"elementor-element elementor-element-125c2f7 e-flex e-con-boxed wpr-particle-no wpr-jarallax-no wpr-parallax-no wpr-sticky-section-no e-con e-parent\" data-id=\"125c2f7\" data-element_type=\"container\" data-e-type=\"container\">\n\t\t\t\t\t<div class=\"e-con-inner\">\n\t\t\t\t\t<\/div>\n\t\t\t\t<\/div>\n\t\t\t\t<\/div>\n\t\t","protected":false},"excerpt":{"rendered":"<p>Barcelona, 18 de marzo de 2026 Actualmente, los contratos de alquiler tienen una duraci\u00f3n de cinco a\u00f1os si el arrendador es persona f\u00edsica y de siete si es persona jur\u00eddica y, una vez vencido este plazo, si ninguna de las dos partes dice nada, el contrato se prorroga hasta un m\u00e1ximo de tres a\u00f1os. Cuando pasa este tiempo, se abren varias v\u00edas para continuar en esa vivienda de forma legal. La t\u00e1cita reconducci\u00f3n es la m\u00e1s perjudicial para el inquilino y, precisamente, la que \u00faltimamente est\u00e1 ganando peso. Ya se produce en el 29% de los contratos, cuando en 2015 eran el 6%, seg\u00fan alerta a la ACN el Colegio de Administradores de Fincas de Barcelona y Lleida. \u00bfQu\u00e9 opciones hay cuando finaliza el contrato? Cuando finaliza el contrato de cinco o siete a\u00f1os y las pr\u00f3rrogas legales de hasta tres m\u00e1s, pueden suceder tres cosas: Renovaci\u00f3n: firmar un nuevo contrato por otros cinco o siete a\u00f1os que respete el l\u00edmite de alquileres establecido y con los incrementos anuales correspondientes al IRAV (similar al IPC de la vivienda). Pr\u00f3rroga: acordar una nueva pr\u00f3rroga con las mismas condiciones del contrato que se extingue por el tiempo que acuerden propietario e inquilino. T\u00e1cita reconducci\u00f3n: es la opci\u00f3n que se produce cuando nadie dice nada. Si no se renueva el contrato ni se prorroga el actual y el inquilino sigue pagando, el contrato se va renovando mes a mes o a\u00f1o a a\u00f1o, seg\u00fan c\u00f3mo est\u00e9 redactado en el contrato original. A grandes rasgos, si el contrato indica que el importe a pagar es, por ejemplo, de 1.000 euros al mes, la renovaci\u00f3n ser\u00e1 mensual. Pero si establece un precio anual de 12.000 euros, esta reconducci\u00f3n ser\u00e1 anual. \u201cTe pueden echar con tres meses de margen\u201d Los administradores de fincas explican que el mecanismo de la t\u00e1cita reconducci\u00f3n \u2014para evitar renovar el contrato\u2014 ya afecta al 29% de las 20.000 viviendas que gestionan. Esto supone 23 puntos m\u00e1s que en 2015. Esta tendencia al alza se observa desde la regulaci\u00f3n estatal del alquiler de vivienda de 2023, que permiti\u00f3 la contenci\u00f3n de rentas en zonas tensionadas de Catalunya. \u201cSupone una precarizaci\u00f3n del mercado\u201d, alertan a la Agencia Catalana de Noticias. El Sindicat de Llogateres a\u00f1ade que esto implica que se puede echar al inquilino con tres meses de margen. \u201cEs una inseguridad m\u00e1xima, porque de un momento a otro te pueden decir que te vayas de casa\u201d. Lamentan adem\u00e1s que t\u00e9cnicamente la ley no obliga a los propietarios a firmar nuevos contratos. Motivos para no renovar el contrato Hay varias razones que pueden llevar a optar por no renovar el contrato y recurrir a la t\u00e1cita reconducci\u00f3n: No querer bajar el alquiler: en el caso de los grandes tenedores, al formalizar un nuevo contrato pueden verse obligados a reducir el precio. La ley establece que en contratos nuevos debe aplicarse el importe m\u00e1s bajo entre el \u00edndice estatal de referencia o el precio del contrato anterior vigente en los \u00faltimos cinco a\u00f1os. Falta de incentivos: \u201cSe ha disparado la precariedad del inquilino porque el propietario no tiene ning\u00fan incentivo para firmar un contrato nuevo\u201d, afirma Joan Raldiris, del Colegio de Administradores. \u201cHay muchos inquilinos que est\u00e1n pagando mes a mes porque el propietario no los quiere echar, pero tampoco quiere firmar un nuevo contrato\u201d. Dudas sobre el futuro de la vivienda: si un propietario no sabe qu\u00e9 hacer con el piso, es una forma de ganar tiempo y mantener la disponibilidad del inmueble. Tambi\u00e9n puede estar esperando cambios en la legislaci\u00f3n. De hecho, los administradores de fincas tambi\u00e9n han detectado una \u201cfuga\u201d de propietarios del mercado del alquiler, tanto de grandes tenedores como de peque\u00f1os arrendadores. \u201cEl propietario que tiene uno o dos pisos y los alquilaba con normalidad se est\u00e1 planteando venderlos. Esto est\u00e1 drenando la oferta de alquiler\u201d, concluye Raldiris. \u00bfQu\u00e9 opciones tiene el inquilino en estos casos? Las opciones del inquilino en estos casos son limitadas. Puede aceptar la situaci\u00f3n con todo lo que implica o marcharse y buscar otra vivienda de alquiler, algo que tambi\u00e9n resulta muy complicado. \u201cNo hay oferta de pisos\u201d, alertan los administradores. Por ello, muchos inquilinos optan por quedarse, incluso sabiendo que con la nueva ley podr\u00edan estar pagando precios m\u00e1s bajos. Los datos reflejan esta falta de oferta. \u201cDesde la entrada en vigor de la ley de 2023 estamos viendo un descenso en los contratos que se firman cada mes\u201d, explican. As\u00ed, si en 2020 se tramitaron 12.000 altas de contratos, en 2025 solo fueron 6.500. Toda la informaci\u00f3n oficial sobre los contratos de alquiler est\u00e1 disponible en esta p\u00e1gina. Puedes leer la noticia completa en: 3 de cada 10 lloguers ja s&#8217;allarguen per la t\u00e0cita reconducci\u00f3.<\/p>\n","protected":false},"author":1,"featured_media":96892,"comment_status":"closed","ping_status":"closed","sticky":false,"template":"","format":"standard","meta":{"_acf_changed":false,"site-sidebar-layout":"default","site-content-layout":"","ast-site-content-layout":"default","site-content-style":"default","site-sidebar-style":"default","ast-global-header-display":"","ast-banner-title-visibility":"","ast-main-header-display":"","ast-hfb-above-header-display":"","ast-hfb-below-header-display":"","ast-hfb-mobile-header-display":"","site-post-title":"","ast-breadcrumbs-content":"","ast-featured-img":"","footer-sml-layout":"","ast-disable-related-posts":"","theme-transparent-header-meta":"","adv-header-id-meta":"","stick-header-meta":"","header-above-stick-meta":"","header-main-stick-meta":"","header-below-stick-meta":"","astra-migrate-meta-layouts":"default","ast-page-background-enabled":"default","ast-page-background-meta":{"desktop":{"background-color":"var(--ast-global-color-4)","background-image":"","background-repeat":"repeat","background-position":"center center","background-size":"auto","background-attachment":"scroll","background-type":"","background-media":"","overlay-type":"","overlay-color":"","overlay-opacity":"","overlay-gradient":""},"tablet":{"background-color":"","background-image":"","background-repeat":"repeat","background-position":"center center","background-size":"auto","background-attachment":"scroll","background-type":"","background-media":"","overlay-type":"","overlay-color":"","overlay-opacity":"","overlay-gradient":""},"mobile":{"background-color":"","background-image":"","background-repeat":"repeat","background-position":"center center","background-size":"auto","background-attachment":"scroll","background-type":"","background-media":"","overlay-type":"","overlay-color":"","overlay-opacity":"","overlay-gradient":""}},"ast-content-background-meta":{"desktop":{"background-color":"var(--ast-global-color-5)","background-image":"","background-repeat":"repeat","background-position":"center center","background-size":"auto","background-attachment":"scroll","background-type":"","background-media":"","overlay-type":"","overlay-color":"","overlay-opacity":"","overlay-gradient":""},"tablet":{"background-color":"var(--ast-global-color-5)","background-image":"","background-repeat":"repeat","background-position":"center center","background-size":"auto","background-attachment":"scroll","background-type":"","background-media":"","overlay-type":"","overlay-color":"","overlay-opacity":"","overlay-gradient":""},"mobile":{"background-color":"var(--ast-global-color-5)","background-image":"","background-repeat":"repeat","background-position":"center center","background-size":"auto","background-attachment":"scroll","background-type":"","background-media":"","overlay-type":"","overlay-color":"","overlay-opacity":"","overlay-gradient":""}},"footnotes":""},"categories":[771,676],"tags":[1277],"class_list":["post-156326","post","type-post","status-publish","format-standard","has-post-thumbnail","hentry","category-normativa-y-legislacion-es","category-prensa-es","tag-prensa"],"acf":[],"yoast_head":"<!-- This site is optimized with the Yoast SEO plugin v27.5 - https:\/\/yoast.com\/product\/yoast-seo-wordpress\/ -->\n<title>Alquileres t\u00e1citos al 29%: precariedad y fuga de propietarios.<\/title>\n<meta name=\"description\" content=\"a t\u00e1cita reconducci\u00f3n del alquiler ya alcanza el 29% e incrementa la inseguridad de los inquilinos, que pueden ser expulsados en cualquier momento.\" \/>\n<meta name=\"robots\" content=\"index, follow, max-snippet:-1, max-image-preview:large, max-video-preview:-1\" \/>\n<link rel=\"canonical\" href=\"https:\/\/www.cafbl.cat\/es\/tres-de-cada-10-alquileres-ya-se-prolongan-por-tacita-reconduccion-es-una-inseguridad-maxima\/\" \/>\n<meta property=\"og:locale\" content=\"es_ES\" \/>\n<meta property=\"og:type\" content=\"article\" \/>\n<meta property=\"og:title\" content=\"Alquileres t\u00e1citos al 29%: precariedad y fuga de propietarios.\" \/>\n<meta property=\"og:description\" content=\"a t\u00e1cita reconducci\u00f3n del alquiler ya alcanza el 29% e incrementa la inseguridad de los inquilinos, que pueden ser expulsados en cualquier momento.\" \/>\n<meta property=\"og:url\" content=\"https:\/\/www.cafbl.cat\/es\/tres-de-cada-10-alquileres-ya-se-prolongan-por-tacita-reconduccion-es-una-inseguridad-maxima\/\" \/>\n<meta property=\"og:site_name\" content=\"Col\u00b7legi Administradors de Finques Barcelona Lleida\" \/>\n<meta property=\"article:published_time\" content=\"2026-03-18T13:31:15+00:00\" \/>\n<meta property=\"article:modified_time\" content=\"2026-03-18T14:02:58+00:00\" \/>\n<meta property=\"og:image\" content=\"https:\/\/www.cafbl.cat\/wp-content\/uploads\/2025\/04\/TV-Beteve.png\" \/>\n\t<meta property=\"og:image:width\" content=\"1080\" \/>\n\t<meta property=\"og:image:height\" content=\"1080\" \/>\n\t<meta property=\"og:image:type\" content=\"image\/png\" \/>\n<meta name=\"author\" content=\"adminwpcafbl\" \/>\n<meta name=\"twitter:card\" content=\"summary_large_image\" \/>\n<meta name=\"twitter:creator\" content=\"@CAFbcn_lleida\" \/>\n<meta name=\"twitter:site\" content=\"@CAFbcn_lleida\" \/>\n<meta name=\"twitter:label1\" content=\"Escrito por\" \/>\n\t<meta name=\"twitter:data1\" content=\"adminwpcafbl\" \/>\n\t<meta name=\"twitter:label2\" content=\"Tiempo de lectura\" \/>\n\t<meta name=\"twitter:data2\" content=\"4 minutos\" \/>\n<script type=\"application\/ld+json\" class=\"yoast-schema-graph\">{\"@context\":\"https:\\\/\\\/schema.org\",\"@graph\":[{\"@type\":\"Article\",\"@id\":\"https:\\\/\\\/www.cafbl.cat\\\/es\\\/tres-de-cada-10-alquileres-ya-se-prolongan-por-tacita-reconduccion-es-una-inseguridad-maxima\\\/#article\",\"isPartOf\":{\"@id\":\"https:\\\/\\\/www.cafbl.cat\\\/es\\\/tres-de-cada-10-alquileres-ya-se-prolongan-por-tacita-reconduccion-es-una-inseguridad-maxima\\\/\"},\"author\":{\"name\":\"adminwpcafbl\",\"@id\":\"https:\\\/\\\/www.cafbl.cat\\\/es\\\/#\\\/schema\\\/person\\\/bfdd3486c3f782e0fd324b2d5a98ef47\"},\"headline\":\"Tres de cada 10 alquileres ya se prolongan por t\u00e1cita reconducci\u00f3n: \u201cEs una inseguridad m\u00e1xima\u201d\",\"datePublished\":\"2026-03-18T13:31:15+00:00\",\"dateModified\":\"2026-03-18T14:02:58+00:00\",\"mainEntityOfPage\":{\"@id\":\"https:\\\/\\\/www.cafbl.cat\\\/es\\\/tres-de-cada-10-alquileres-ya-se-prolongan-por-tacita-reconduccion-es-una-inseguridad-maxima\\\/\"},\"wordCount\":837,\"publisher\":{\"@id\":\"https:\\\/\\\/www.cafbl.cat\\\/es\\\/#organization\"},\"image\":{\"@id\":\"https:\\\/\\\/www.cafbl.cat\\\/es\\\/tres-de-cada-10-alquileres-ya-se-prolongan-por-tacita-reconduccion-es-una-inseguridad-maxima\\\/#primaryimage\"},\"thumbnailUrl\":\"https:\\\/\\\/www.cafbl.cat\\\/wp-content\\\/uploads\\\/2025\\\/04\\\/TV-Beteve.png\",\"keywords\":[\"Prensa\"],\"articleSection\":[\"Normativa y Legislaci\u00f3n\",\"Prensa\"],\"inLanguage\":\"es\"},{\"@type\":\"WebPage\",\"@id\":\"https:\\\/\\\/www.cafbl.cat\\\/es\\\/tres-de-cada-10-alquileres-ya-se-prolongan-por-tacita-reconduccion-es-una-inseguridad-maxima\\\/\",\"url\":\"https:\\\/\\\/www.cafbl.cat\\\/es\\\/tres-de-cada-10-alquileres-ya-se-prolongan-por-tacita-reconduccion-es-una-inseguridad-maxima\\\/\",\"name\":\"Alquileres t\u00e1citos al 29%: precariedad y fuga de propietarios.\",\"isPartOf\":{\"@id\":\"https:\\\/\\\/www.cafbl.cat\\\/es\\\/#website\"},\"primaryImageOfPage\":{\"@id\":\"https:\\\/\\\/www.cafbl.cat\\\/es\\\/tres-de-cada-10-alquileres-ya-se-prolongan-por-tacita-reconduccion-es-una-inseguridad-maxima\\\/#primaryimage\"},\"image\":{\"@id\":\"https:\\\/\\\/www.cafbl.cat\\\/es\\\/tres-de-cada-10-alquileres-ya-se-prolongan-por-tacita-reconduccion-es-una-inseguridad-maxima\\\/#primaryimage\"},\"thumbnailUrl\":\"https:\\\/\\\/www.cafbl.cat\\\/wp-content\\\/uploads\\\/2025\\\/04\\\/TV-Beteve.png\",\"datePublished\":\"2026-03-18T13:31:15+00:00\",\"dateModified\":\"2026-03-18T14:02:58+00:00\",\"description\":\"a t\u00e1cita reconducci\u00f3n del alquiler ya alcanza el 29% e incrementa la inseguridad de los inquilinos, que pueden ser expulsados en cualquier momento.\",\"breadcrumb\":{\"@id\":\"https:\\\/\\\/www.cafbl.cat\\\/es\\\/tres-de-cada-10-alquileres-ya-se-prolongan-por-tacita-reconduccion-es-una-inseguridad-maxima\\\/#breadcrumb\"},\"inLanguage\":\"es\",\"potentialAction\":[{\"@type\":\"ReadAction\",\"target\":[\"https:\\\/\\\/www.cafbl.cat\\\/es\\\/tres-de-cada-10-alquileres-ya-se-prolongan-por-tacita-reconduccion-es-una-inseguridad-maxima\\\/\"]}]},{\"@type\":\"ImageObject\",\"inLanguage\":\"es\",\"@id\":\"https:\\\/\\\/www.cafbl.cat\\\/es\\\/tres-de-cada-10-alquileres-ya-se-prolongan-por-tacita-reconduccion-es-una-inseguridad-maxima\\\/#primaryimage\",\"url\":\"https:\\\/\\\/www.cafbl.cat\\\/wp-content\\\/uploads\\\/2025\\\/04\\\/TV-Beteve.png\",\"contentUrl\":\"https:\\\/\\\/www.cafbl.cat\\\/wp-content\\\/uploads\\\/2025\\\/04\\\/TV-Beteve.png\",\"width\":1080,\"height\":1080},{\"@type\":\"BreadcrumbList\",\"@id\":\"https:\\\/\\\/www.cafbl.cat\\\/es\\\/tres-de-cada-10-alquileres-ya-se-prolongan-por-tacita-reconduccion-es-una-inseguridad-maxima\\\/#breadcrumb\",\"itemListElement\":[{\"@type\":\"ListItem\",\"position\":1,\"name\":\"Home\",\"item\":\"https:\\\/\\\/www.cafbl.cat\\\/es\\\/\"},{\"@type\":\"ListItem\",\"position\":2,\"name\":\"Tres de cada 10 alquileres ya se prolongan por t\u00e1cita reconducci\u00f3n: \u201cEs una inseguridad m\u00e1xima\u201d\"}]},{\"@type\":\"WebSite\",\"@id\":\"https:\\\/\\\/www.cafbl.cat\\\/es\\\/#website\",\"url\":\"https:\\\/\\\/www.cafbl.cat\\\/es\\\/\",\"name\":\"Col\u00b7legi Administradors de Finques Barcelona Lleida\",\"description\":\"Web oficial del Col\u00b7legi Administradors de Finques Barcelona Lleida\",\"publisher\":{\"@id\":\"https:\\\/\\\/www.cafbl.cat\\\/es\\\/#organization\"},\"alternateName\":\"CAFBL - Col\u00b7legi Administradors de Finques Barcelona Lleida\",\"potentialAction\":[{\"@type\":\"SearchAction\",\"target\":{\"@type\":\"EntryPoint\",\"urlTemplate\":\"https:\\\/\\\/www.cafbl.cat\\\/es\\\/?s={search_term_string}\"},\"query-input\":{\"@type\":\"PropertyValueSpecification\",\"valueRequired\":true,\"valueName\":\"search_term_string\"}}],\"inLanguage\":\"es\"},{\"@type\":\"Organization\",\"@id\":\"https:\\\/\\\/www.cafbl.cat\\\/es\\\/#organization\",\"name\":\"Col\u00b7legi Administradors de Finques Barcelona Lleida\",\"alternateName\":\"CAFBL - Col\u00b7legi Administradors de Finques Barcelona Lleida\",\"url\":\"https:\\\/\\\/www.cafbl.cat\\\/es\\\/\",\"logo\":{\"@type\":\"ImageObject\",\"inLanguage\":\"es\",\"@id\":\"https:\\\/\\\/www.cafbl.cat\\\/es\\\/#\\\/schema\\\/logo\\\/image\\\/\",\"url\":\"https:\\\/\\\/www.cafbl.cat\\\/wp-content\\\/uploads\\\/2024\\\/07\\\/logo_cafbl.svg\",\"contentUrl\":\"https:\\\/\\\/www.cafbl.cat\\\/wp-content\\\/uploads\\\/2024\\\/07\\\/logo_cafbl.svg\",\"width\":471,\"height\":116,\"caption\":\"Col\u00b7legi Administradors de Finques Barcelona Lleida\"},\"image\":{\"@id\":\"https:\\\/\\\/www.cafbl.cat\\\/es\\\/#\\\/schema\\\/logo\\\/image\\\/\"},\"sameAs\":[\"https:\\\/\\\/x.com\\\/CAFbcn_lleida\",\"https:\\\/\\\/www.linkedin.com\\\/company\\\/administradors-finques-cafbl\",\"https:\\\/\\\/www.instagram.com\\\/administradors_finques_cafbl\\\/\"]},{\"@type\":\"Person\",\"@id\":\"https:\\\/\\\/www.cafbl.cat\\\/es\\\/#\\\/schema\\\/person\\\/bfdd3486c3f782e0fd324b2d5a98ef47\",\"name\":\"adminwpcafbl\",\"image\":{\"@type\":\"ImageObject\",\"inLanguage\":\"es\",\"@id\":\"https:\\\/\\\/secure.gravatar.com\\\/avatar\\\/b32455939fe3be4b8b0c3e83865545e13c95024ea445ea7e7e6774d5f0eebe28?s=96&d=mm&r=g\",\"url\":\"https:\\\/\\\/secure.gravatar.com\\\/avatar\\\/b32455939fe3be4b8b0c3e83865545e13c95024ea445ea7e7e6774d5f0eebe28?s=96&d=mm&r=g\",\"contentUrl\":\"https:\\\/\\\/secure.gravatar.com\\\/avatar\\\/b32455939fe3be4b8b0c3e83865545e13c95024ea445ea7e7e6774d5f0eebe28?s=96&d=mm&r=g\",\"caption\":\"adminwpcafbl\"},\"sameAs\":[\"http:\\\/\\\/cafbl.cat\"],\"url\":\"https:\\\/\\\/www.cafbl.cat\\\/es\\\/author\\\/adminwpcafbl\\\/\"}]}<\/script>\n<!-- \/ Yoast SEO plugin. -->","yoast_head_json":{"title":"Alquileres t\u00e1citos al 29%: precariedad y fuga de propietarios.","description":"a t\u00e1cita reconducci\u00f3n del alquiler ya alcanza el 29% e incrementa la inseguridad de los inquilinos, que pueden ser expulsados en cualquier momento.","robots":{"index":"index","follow":"follow","max-snippet":"max-snippet:-1","max-image-preview":"max-image-preview:large","max-video-preview":"max-video-preview:-1"},"canonical":"https:\/\/www.cafbl.cat\/es\/tres-de-cada-10-alquileres-ya-se-prolongan-por-tacita-reconduccion-es-una-inseguridad-maxima\/","og_locale":"es_ES","og_type":"article","og_title":"Alquileres t\u00e1citos al 29%: precariedad y fuga de propietarios.","og_description":"a t\u00e1cita reconducci\u00f3n del alquiler ya alcanza el 29% e incrementa la inseguridad de los inquilinos, que pueden ser expulsados en cualquier momento.","og_url":"https:\/\/www.cafbl.cat\/es\/tres-de-cada-10-alquileres-ya-se-prolongan-por-tacita-reconduccion-es-una-inseguridad-maxima\/","og_site_name":"Col\u00b7legi Administradors de Finques Barcelona Lleida","article_published_time":"2026-03-18T13:31:15+00:00","article_modified_time":"2026-03-18T14:02:58+00:00","og_image":[{"width":1080,"height":1080,"url":"https:\/\/www.cafbl.cat\/wp-content\/uploads\/2025\/04\/TV-Beteve.png","type":"image\/png"}],"author":"adminwpcafbl","twitter_card":"summary_large_image","twitter_creator":"@CAFbcn_lleida","twitter_site":"@CAFbcn_lleida","twitter_misc":{"Escrito por":"adminwpcafbl","Tiempo de lectura":"4 minutos"},"schema":{"@context":"https:\/\/schema.org","@graph":[{"@type":"Article","@id":"https:\/\/www.cafbl.cat\/es\/tres-de-cada-10-alquileres-ya-se-prolongan-por-tacita-reconduccion-es-una-inseguridad-maxima\/#article","isPartOf":{"@id":"https:\/\/www.cafbl.cat\/es\/tres-de-cada-10-alquileres-ya-se-prolongan-por-tacita-reconduccion-es-una-inseguridad-maxima\/"},"author":{"name":"adminwpcafbl","@id":"https:\/\/www.cafbl.cat\/es\/#\/schema\/person\/bfdd3486c3f782e0fd324b2d5a98ef47"},"headline":"Tres de cada 10 alquileres ya se prolongan por t\u00e1cita reconducci\u00f3n: \u201cEs una inseguridad m\u00e1xima\u201d","datePublished":"2026-03-18T13:31:15+00:00","dateModified":"2026-03-18T14:02:58+00:00","mainEntityOfPage":{"@id":"https:\/\/www.cafbl.cat\/es\/tres-de-cada-10-alquileres-ya-se-prolongan-por-tacita-reconduccion-es-una-inseguridad-maxima\/"},"wordCount":837,"publisher":{"@id":"https:\/\/www.cafbl.cat\/es\/#organization"},"image":{"@id":"https:\/\/www.cafbl.cat\/es\/tres-de-cada-10-alquileres-ya-se-prolongan-por-tacita-reconduccion-es-una-inseguridad-maxima\/#primaryimage"},"thumbnailUrl":"https:\/\/www.cafbl.cat\/wp-content\/uploads\/2025\/04\/TV-Beteve.png","keywords":["Prensa"],"articleSection":["Normativa y Legislaci\u00f3n","Prensa"],"inLanguage":"es"},{"@type":"WebPage","@id":"https:\/\/www.cafbl.cat\/es\/tres-de-cada-10-alquileres-ya-se-prolongan-por-tacita-reconduccion-es-una-inseguridad-maxima\/","url":"https:\/\/www.cafbl.cat\/es\/tres-de-cada-10-alquileres-ya-se-prolongan-por-tacita-reconduccion-es-una-inseguridad-maxima\/","name":"Alquileres t\u00e1citos al 29%: precariedad y fuga de propietarios.","isPartOf":{"@id":"https:\/\/www.cafbl.cat\/es\/#website"},"primaryImageOfPage":{"@id":"https:\/\/www.cafbl.cat\/es\/tres-de-cada-10-alquileres-ya-se-prolongan-por-tacita-reconduccion-es-una-inseguridad-maxima\/#primaryimage"},"image":{"@id":"https:\/\/www.cafbl.cat\/es\/tres-de-cada-10-alquileres-ya-se-prolongan-por-tacita-reconduccion-es-una-inseguridad-maxima\/#primaryimage"},"thumbnailUrl":"https:\/\/www.cafbl.cat\/wp-content\/uploads\/2025\/04\/TV-Beteve.png","datePublished":"2026-03-18T13:31:15+00:00","dateModified":"2026-03-18T14:02:58+00:00","description":"a t\u00e1cita reconducci\u00f3n del alquiler ya alcanza el 29% e incrementa la inseguridad de los inquilinos, que pueden ser expulsados en cualquier momento.","breadcrumb":{"@id":"https:\/\/www.cafbl.cat\/es\/tres-de-cada-10-alquileres-ya-se-prolongan-por-tacita-reconduccion-es-una-inseguridad-maxima\/#breadcrumb"},"inLanguage":"es","potentialAction":[{"@type":"ReadAction","target":["https:\/\/www.cafbl.cat\/es\/tres-de-cada-10-alquileres-ya-se-prolongan-por-tacita-reconduccion-es-una-inseguridad-maxima\/"]}]},{"@type":"ImageObject","inLanguage":"es","@id":"https:\/\/www.cafbl.cat\/es\/tres-de-cada-10-alquileres-ya-se-prolongan-por-tacita-reconduccion-es-una-inseguridad-maxima\/#primaryimage","url":"https:\/\/www.cafbl.cat\/wp-content\/uploads\/2025\/04\/TV-Beteve.png","contentUrl":"https:\/\/www.cafbl.cat\/wp-content\/uploads\/2025\/04\/TV-Beteve.png","width":1080,"height":1080},{"@type":"BreadcrumbList","@id":"https:\/\/www.cafbl.cat\/es\/tres-de-cada-10-alquileres-ya-se-prolongan-por-tacita-reconduccion-es-una-inseguridad-maxima\/#breadcrumb","itemListElement":[{"@type":"ListItem","position":1,"name":"Home","item":"https:\/\/www.cafbl.cat\/es\/"},{"@type":"ListItem","position":2,"name":"Tres de cada 10 alquileres ya se prolongan por t\u00e1cita reconducci\u00f3n: \u201cEs una inseguridad m\u00e1xima\u201d"}]},{"@type":"WebSite","@id":"https:\/\/www.cafbl.cat\/es\/#website","url":"https:\/\/www.cafbl.cat\/es\/","name":"Col\u00b7legi Administradors de Finques Barcelona Lleida","description":"Web oficial del Col\u00b7legi Administradors de Finques Barcelona Lleida","publisher":{"@id":"https:\/\/www.cafbl.cat\/es\/#organization"},"alternateName":"CAFBL - Col\u00b7legi Administradors de Finques Barcelona Lleida","potentialAction":[{"@type":"SearchAction","target":{"@type":"EntryPoint","urlTemplate":"https:\/\/www.cafbl.cat\/es\/?s={search_term_string}"},"query-input":{"@type":"PropertyValueSpecification","valueRequired":true,"valueName":"search_term_string"}}],"inLanguage":"es"},{"@type":"Organization","@id":"https:\/\/www.cafbl.cat\/es\/#organization","name":"Col\u00b7legi Administradors de Finques Barcelona Lleida","alternateName":"CAFBL - Col\u00b7legi Administradors de Finques Barcelona Lleida","url":"https:\/\/www.cafbl.cat\/es\/","logo":{"@type":"ImageObject","inLanguage":"es","@id":"https:\/\/www.cafbl.cat\/es\/#\/schema\/logo\/image\/","url":"https:\/\/www.cafbl.cat\/wp-content\/uploads\/2024\/07\/logo_cafbl.svg","contentUrl":"https:\/\/www.cafbl.cat\/wp-content\/uploads\/2024\/07\/logo_cafbl.svg","width":471,"height":116,"caption":"Col\u00b7legi Administradors de Finques Barcelona Lleida"},"image":{"@id":"https:\/\/www.cafbl.cat\/es\/#\/schema\/logo\/image\/"},"sameAs":["https:\/\/x.com\/CAFbcn_lleida","https:\/\/www.linkedin.com\/company\/administradors-finques-cafbl","https:\/\/www.instagram.com\/administradors_finques_cafbl\/"]},{"@type":"Person","@id":"https:\/\/www.cafbl.cat\/es\/#\/schema\/person\/bfdd3486c3f782e0fd324b2d5a98ef47","name":"adminwpcafbl","image":{"@type":"ImageObject","inLanguage":"es","@id":"https:\/\/secure.gravatar.com\/avatar\/b32455939fe3be4b8b0c3e83865545e13c95024ea445ea7e7e6774d5f0eebe28?s=96&d=mm&r=g","url":"https:\/\/secure.gravatar.com\/avatar\/b32455939fe3be4b8b0c3e83865545e13c95024ea445ea7e7e6774d5f0eebe28?s=96&d=mm&r=g","contentUrl":"https:\/\/secure.gravatar.com\/avatar\/b32455939fe3be4b8b0c3e83865545e13c95024ea445ea7e7e6774d5f0eebe28?s=96&d=mm&r=g","caption":"adminwpcafbl"},"sameAs":["http:\/\/cafbl.cat"],"url":"https:\/\/www.cafbl.cat\/es\/author\/adminwpcafbl\/"}]}},"_links":{"self":[{"href":"https:\/\/www.cafbl.cat\/es\/wp-json\/wp\/v2\/posts\/156326","targetHints":{"allow":["GET"]}}],"collection":[{"href":"https:\/\/www.cafbl.cat\/es\/wp-json\/wp\/v2\/posts"}],"about":[{"href":"https:\/\/www.cafbl.cat\/es\/wp-json\/wp\/v2\/types\/post"}],"author":[{"embeddable":true,"href":"https:\/\/www.cafbl.cat\/es\/wp-json\/wp\/v2\/users\/1"}],"replies":[{"embeddable":true,"href":"https:\/\/www.cafbl.cat\/es\/wp-json\/wp\/v2\/comments?post=156326"}],"version-history":[{"count":0,"href":"https:\/\/www.cafbl.cat\/es\/wp-json\/wp\/v2\/posts\/156326\/revisions"}],"wp:featuredmedia":[{"embeddable":true,"href":"https:\/\/www.cafbl.cat\/es\/wp-json\/wp\/v2\/media\/96892"}],"wp:attachment":[{"href":"https:\/\/www.cafbl.cat\/es\/wp-json\/wp\/v2\/media?parent=156326"}],"wp:term":[{"taxonomy":"category","embeddable":true,"href":"https:\/\/www.cafbl.cat\/es\/wp-json\/wp\/v2\/categories?post=156326"},{"taxonomy":"post_tag","embeddable":true,"href":"https:\/\/www.cafbl.cat\/es\/wp-json\/wp\/v2\/tags?post=156326"}],"curies":[{"name":"wp","href":"https:\/\/api.w.org\/{rel}","templated":true}]}}