{"id":77634,"date":"2021-03-01T11:29:33","date_gmt":"2021-03-01T10:29:33","guid":{"rendered":"https:\/\/www.cafbl.cat\/las-entidades-inmobiliarias-denuncian-ante-la-fiscalia-al-manual-okupa-de-arran-porque-incita-a-la-delincuencia\/"},"modified":"2021-03-01T11:29:33","modified_gmt":"2021-03-01T10:29:33","slug":"las-entidades-inmobiliarias-denuncian-ante-la-fiscalia-al-manual-okupa-de-arran-porque-incita-a-la-delincuencia","status":"publish","type":"post","link":"https:\/\/www.cafbl.cat\/es\/las-entidades-inmobiliarias-denuncian-ante-la-fiscalia-al-manual-okupa-de-arran-porque-incita-a-la-delincuencia\/","title":{"rendered":"Las entidades inmobiliarias denuncian ante la Fiscal\u00eda al &#8216;manual okupa&#8217; de Arran porque \u00abincita a la delincuencia\u00bb"},"content":{"rendered":"<ul>\n<li>\n<h5>Las entidades critican \u00abla expansi\u00f3n de la okupaci\u00f3n en Catalu\u00f1a\u00bb en los \u00faltimos a\u00f1os.<\/h5>\n<\/li>\n<li>\n<h5>A ra\u00edz asegura que solo dos de cada 10 j\u00f3venes pueden emanciparse, pagando m\u00e1s de 60% de su salario.<\/h5>\n<\/li>\n<\/ul>\n<p>&nbsp;<\/p>\n<p>Entidades del sector inmobiliario y de la vivienda de Catalu\u00f1a anunciaron este lunes una denuncia en la Fiscal\u00eda contra el <strong>&#8216;Manual de Okupaci\u00f3n&#8217; de Arran<\/strong> porque consideran que \u00absin duda, incita a la delincuencia\u00bb.<\/p>\n<p>&nbsp;<\/p>\n<p><strong>LEER NOTICIA COMPLETA A \u00ab20 MINUTOS\u00bb:<\/strong> <a href=\"https:\/\/www.20minutos.es\/noticia\/4603818\/0\/entidades-inmobiliarias-denuncian-ante-fiscalia-manual-okupa-arran-incita-delincuencia\/\" target=\"_blank\" rel=\"noopener\">https:\/\/www.20minutos.es\/noticia\/4603818\/0\/entidades-inmobiliarias-denuncian-ante-fiscalia-manual-okupa-arran-incita-delincuencia\/<\/a><\/p>\n","protected":false},"excerpt":{"rendered":"<p>Las entidades critican \u00abla expansi\u00f3n de la okupaci\u00f3n en Catalu\u00f1a\u00bb en los \u00faltimos a\u00f1os. A ra\u00edz asegura que solo dos de cada 10 j\u00f3venes pueden emanciparse, pagando m\u00e1s de 60% de su salario. &nbsp; Entidades del sector inmobiliario y de la vivienda de Catalu\u00f1a anunciaron este lunes una denuncia en la Fiscal\u00eda contra el &#8216;Manual de Okupaci\u00f3n&#8217; de Arran porque consideran que \u00absin duda, incita a la delincuencia\u00bb. &nbsp; LEER NOTICIA COMPLETA A \u00ab20 MINUTOS\u00bb: https:\/\/www.20minutos.es\/noticia\/4603818\/0\/entidades-inmobiliarias-denuncian-ante-fiscalia-manual-okupa-arran-incita-delincuencia\/<\/p>\n","protected":false},"author":3,"featured_media":77635,"comment_status":"closed","ping_status":"closed","sticky":false,"template":"","format":"standard","meta":{"_acf_changed":false,"site-sidebar-layout":"default","site-content-layout":"","ast-site-content-layout":"default","site-content-style":"default","site-sidebar-style":"default","ast-global-header-display":"","ast-banner-title-visibility":"","ast-main-header-display":"","ast-hfb-above-header-display":"","ast-hfb-below-header-display":"","ast-hfb-mobile-header-display":"","site-post-title":"","ast-breadcrumbs-content":"","ast-featured-img":"","footer-sml-layout":"","ast-disable-related-posts":"","theme-transparent-header-meta":"","adv-header-id-meta":"","stick-header-meta":"","header-above-stick-meta":"","header-main-stick-meta":"","header-below-stick-meta":"","astra-migrate-meta-layouts":"default","ast-page-background-enabled":"default","ast-page-background-meta":{"desktop":{"background-color":"var(--ast-global-color-4)","background-image":"","background-repeat":"repeat","background-position":"center center","background-size":"auto","background-attachment":"scroll","background-type":"","background-media":"","overlay-type":"","overlay-color":"","overlay-opacity":"","overlay-gradient":""},"tablet":{"background-color":"","background-image":"","background-repeat":"repeat","background-position":"center center","background-size":"auto","background-attachment":"scroll","background-type":"","background-media":"","overlay-type":"","overlay-color":"","overlay-opacity":"","overlay-gradient":""},"mobile":{"background-color":"","background-image":"","background-repeat":"repeat","background-position":"center center","background-size":"auto","background-attachment":"scroll","background-type":"","background-media":"","overlay-type":"","overlay-color":"","overlay-opacity":"","overlay-gradient":""}},"ast-content-background-meta":{"desktop":{"background-color":"var(--ast-global-color-5)","background-image":"","background-repeat":"repeat","background-position":"center center","background-size":"auto","background-attachment":"scroll","background-type":"","background-media":"","overlay-type":"","overlay-color":"","overlay-opacity":"","overlay-gradient":""},"tablet":{"background-color":"var(--ast-global-color-5)","background-image":"","background-repeat":"repeat","background-position":"center center","background-size":"auto","background-attachment":"scroll","background-type":"","background-media":"","overlay-type":"","overlay-color":"","overlay-opacity":"","overlay-gradient":""},"mobile":{"background-color":"var(--ast-global-color-5)","background-image":"","background-repeat":"repeat","background-position":"center center","background-size":"auto","background-attachment":"scroll","background-type":"","background-media":"","overlay-type":"","overlay-color":"","overlay-opacity":"","overlay-gradient":""}},"footnotes":""},"categories":[684,685],"tags":[],"class_list":["post-77634","post","type-post","status-publish","format-standard","has-post-thumbnail","hentry","category-apariciones-en-medios-es","category-prensa-es-2"],"acf":[],"yoast_head":"<!-- This site is optimized with the Yoast SEO plugin v27.5 - https:\/\/yoast.com\/product\/yoast-seo-wordpress\/ -->\n<title>Las entidades inmobiliarias denuncian ante la Fiscal\u00eda al &#039;manual okupa&#039; de Arran porque &quot;incita a la delincuencia&quot; - Col\u00b7legi Administradors de Finques Barcelona Lleida<\/title>\n<meta name=\"description\" content=\"Canal oficial de not\u00edcies del CAFBL: Las entidades inmobiliarias denuncian ante la Fiscal\u00eda al &#039;manual okupa&#039; de Arran porque &quot;incita a la delincuencia&quot;\" \/>\n<meta name=\"robots\" content=\"index, follow, max-snippet:-1, max-image-preview:large, max-video-preview:-1\" \/>\n<link rel=\"canonical\" href=\"https:\/\/www.cafbl.cat\/es\/las-entidades-inmobiliarias-denuncian-ante-la-fiscalia-al-manual-okupa-de-arran-porque-incita-a-la-delincuencia\/\" \/>\n<meta property=\"og:locale\" content=\"es_ES\" \/>\n<meta property=\"og:type\" content=\"article\" \/>\n<meta property=\"og:title\" content=\"Las entidades inmobiliarias denuncian ante la Fiscal\u00eda al &#039;manual okupa&#039; de Arran porque &quot;incita a la delincuencia&quot; - Col\u00b7legi Administradors de Finques Barcelona Lleida\" \/>\n<meta property=\"og:description\" content=\"Canal oficial de not\u00edcies del CAFBL: Las entidades inmobiliarias denuncian ante la Fiscal\u00eda al &#039;manual okupa&#039; de Arran porque &quot;incita a la delincuencia&quot;\" \/>\n<meta property=\"og:url\" content=\"https:\/\/www.cafbl.cat\/es\/las-entidades-inmobiliarias-denuncian-ante-la-fiscalia-al-manual-okupa-de-arran-porque-incita-a-la-delincuencia\/\" \/>\n<meta property=\"og:site_name\" content=\"Col\u00b7legi Administradors de Finques Barcelona Lleida\" \/>\n<meta property=\"article:published_time\" content=\"2021-03-01T10:29:33+00:00\" \/>\n<meta property=\"og:image\" content=\"https:\/\/www.cafbl.cat\/wp-content\/uploads\/2021\/04\/20_minutos.svg_.png\" \/>\n\t<meta property=\"og:image:width\" content=\"245\" \/>\n\t<meta property=\"og:image:height\" content=\"245\" \/>\n\t<meta property=\"og:image:type\" content=\"image\/png\" \/>\n<meta name=\"author\" content=\"CAFBL\" \/>\n<meta name=\"twitter:card\" content=\"summary_large_image\" \/>\n<meta name=\"twitter:creator\" content=\"@CAFbcn_lleida\" \/>\n<meta name=\"twitter:site\" content=\"@CAFbcn_lleida\" \/>\n<meta name=\"twitter:label1\" content=\"Escrito por\" \/>\n\t<meta name=\"twitter:data1\" content=\"CAFBL\" \/>\n<script type=\"application\/ld+json\" class=\"yoast-schema-graph\">{\"@context\":\"https:\\\/\\\/schema.org\",\"@graph\":[{\"@type\":\"Article\",\"@id\":\"https:\\\/\\\/www.cafbl.cat\\\/es\\\/las-entidades-inmobiliarias-denuncian-ante-la-fiscalia-al-manual-okupa-de-arran-porque-incita-a-la-delincuencia\\\/#article\",\"isPartOf\":{\"@id\":\"https:\\\/\\\/www.cafbl.cat\\\/es\\\/las-entidades-inmobiliarias-denuncian-ante-la-fiscalia-al-manual-okupa-de-arran-porque-incita-a-la-delincuencia\\\/\"},\"author\":{\"name\":\"CAFBL\",\"@id\":\"https:\\\/\\\/www.cafbl.cat\\\/es\\\/#\\\/schema\\\/person\\\/b0d11debb81717541c72c7a4019887e8\"},\"headline\":\"Las entidades inmobiliarias denuncian ante la Fiscal\u00eda al &#8216;manual okupa&#8217; de Arran porque \u00abincita a la delincuencia\u00bb\",\"datePublished\":\"2021-03-01T10:29:33+00:00\",\"mainEntityOfPage\":{\"@id\":\"https:\\\/\\\/www.cafbl.cat\\\/es\\\/las-entidades-inmobiliarias-denuncian-ante-la-fiscalia-al-manual-okupa-de-arran-porque-incita-a-la-delincuencia\\\/\"},\"wordCount\":106,\"publisher\":{\"@id\":\"https:\\\/\\\/www.cafbl.cat\\\/es\\\/#organization\"},\"image\":{\"@id\":\"https:\\\/\\\/www.cafbl.cat\\\/es\\\/las-entidades-inmobiliarias-denuncian-ante-la-fiscalia-al-manual-okupa-de-arran-porque-incita-a-la-delincuencia\\\/#primaryimage\"},\"thumbnailUrl\":\"https:\\\/\\\/www.cafbl.cat\\\/wp-content\\\/uploads\\\/2021\\\/04\\\/20_minutos.svg_.png\",\"articleSection\":[\"Apariciones en medios\",\"Prensa\"],\"inLanguage\":\"es\"},{\"@type\":\"WebPage\",\"@id\":\"https:\\\/\\\/www.cafbl.cat\\\/es\\\/las-entidades-inmobiliarias-denuncian-ante-la-fiscalia-al-manual-okupa-de-arran-porque-incita-a-la-delincuencia\\\/\",\"url\":\"https:\\\/\\\/www.cafbl.cat\\\/es\\\/las-entidades-inmobiliarias-denuncian-ante-la-fiscalia-al-manual-okupa-de-arran-porque-incita-a-la-delincuencia\\\/\",\"name\":\"Las entidades inmobiliarias denuncian ante la Fiscal\u00eda al 'manual okupa' de Arran porque \\\"incita a la delincuencia\\\" - Col\u00b7legi Administradors de Finques Barcelona Lleida\",\"isPartOf\":{\"@id\":\"https:\\\/\\\/www.cafbl.cat\\\/es\\\/#website\"},\"primaryImageOfPage\":{\"@id\":\"https:\\\/\\\/www.cafbl.cat\\\/es\\\/las-entidades-inmobiliarias-denuncian-ante-la-fiscalia-al-manual-okupa-de-arran-porque-incita-a-la-delincuencia\\\/#primaryimage\"},\"image\":{\"@id\":\"https:\\\/\\\/www.cafbl.cat\\\/es\\\/las-entidades-inmobiliarias-denuncian-ante-la-fiscalia-al-manual-okupa-de-arran-porque-incita-a-la-delincuencia\\\/#primaryimage\"},\"thumbnailUrl\":\"https:\\\/\\\/www.cafbl.cat\\\/wp-content\\\/uploads\\\/2021\\\/04\\\/20_minutos.svg_.png\",\"datePublished\":\"2021-03-01T10:29:33+00:00\",\"description\":\"Canal oficial de not\u00edcies del CAFBL: Las entidades inmobiliarias denuncian ante la Fiscal\u00eda al 'manual okupa' de Arran porque \\\"incita a la delincuencia\\\"\",\"breadcrumb\":{\"@id\":\"https:\\\/\\\/www.cafbl.cat\\\/es\\\/las-entidades-inmobiliarias-denuncian-ante-la-fiscalia-al-manual-okupa-de-arran-porque-incita-a-la-delincuencia\\\/#breadcrumb\"},\"inLanguage\":\"es\",\"potentialAction\":[{\"@type\":\"ReadAction\",\"target\":[\"https:\\\/\\\/www.cafbl.cat\\\/es\\\/las-entidades-inmobiliarias-denuncian-ante-la-fiscalia-al-manual-okupa-de-arran-porque-incita-a-la-delincuencia\\\/\"]}]},{\"@type\":\"ImageObject\",\"inLanguage\":\"es\",\"@id\":\"https:\\\/\\\/www.cafbl.cat\\\/es\\\/las-entidades-inmobiliarias-denuncian-ante-la-fiscalia-al-manual-okupa-de-arran-porque-incita-a-la-delincuencia\\\/#primaryimage\",\"url\":\"https:\\\/\\\/www.cafbl.cat\\\/wp-content\\\/uploads\\\/2021\\\/04\\\/20_minutos.svg_.png\",\"contentUrl\":\"https:\\\/\\\/www.cafbl.cat\\\/wp-content\\\/uploads\\\/2021\\\/04\\\/20_minutos.svg_.png\",\"width\":245,\"height\":245},{\"@type\":\"BreadcrumbList\",\"@id\":\"https:\\\/\\\/www.cafbl.cat\\\/es\\\/las-entidades-inmobiliarias-denuncian-ante-la-fiscalia-al-manual-okupa-de-arran-porque-incita-a-la-delincuencia\\\/#breadcrumb\",\"itemListElement\":[{\"@type\":\"ListItem\",\"position\":1,\"name\":\"Home\",\"item\":\"https:\\\/\\\/www.cafbl.cat\\\/es\\\/\"},{\"@type\":\"ListItem\",\"position\":2,\"name\":\"Las entidades inmobiliarias denuncian ante la Fiscal\u00eda al &#8216;manual okupa&#8217; de Arran porque &#8220;incita a la delincuencia&#8221;\"}]},{\"@type\":\"WebSite\",\"@id\":\"https:\\\/\\\/www.cafbl.cat\\\/es\\\/#website\",\"url\":\"https:\\\/\\\/www.cafbl.cat\\\/es\\\/\",\"name\":\"Col\u00b7legi Administradors de Finques Barcelona Lleida\",\"description\":\"Web oficial del Col\u00b7legi Administradors de Finques Barcelona Lleida\",\"publisher\":{\"@id\":\"https:\\\/\\\/www.cafbl.cat\\\/es\\\/#organization\"},\"alternateName\":\"CAFBL - Col\u00b7legi Administradors de Finques Barcelona Lleida\",\"potentialAction\":[{\"@type\":\"SearchAction\",\"target\":{\"@type\":\"EntryPoint\",\"urlTemplate\":\"https:\\\/\\\/www.cafbl.cat\\\/es\\\/?s={search_term_string}\"},\"query-input\":{\"@type\":\"PropertyValueSpecification\",\"valueRequired\":true,\"valueName\":\"search_term_string\"}}],\"inLanguage\":\"es\"},{\"@type\":\"Organization\",\"@id\":\"https:\\\/\\\/www.cafbl.cat\\\/es\\\/#organization\",\"name\":\"Col\u00b7legi Administradors de Finques Barcelona Lleida\",\"alternateName\":\"CAFBL - Col\u00b7legi Administradors de Finques Barcelona Lleida\",\"url\":\"https:\\\/\\\/www.cafbl.cat\\\/es\\\/\",\"logo\":{\"@type\":\"ImageObject\",\"inLanguage\":\"es\",\"@id\":\"https:\\\/\\\/www.cafbl.cat\\\/es\\\/#\\\/schema\\\/logo\\\/image\\\/\",\"url\":\"https:\\\/\\\/www.cafbl.cat\\\/wp-content\\\/uploads\\\/2024\\\/07\\\/logo_cafbl.svg\",\"contentUrl\":\"https:\\\/\\\/www.cafbl.cat\\\/wp-content\\\/uploads\\\/2024\\\/07\\\/logo_cafbl.svg\",\"width\":471,\"height\":116,\"caption\":\"Col\u00b7legi Administradors de Finques Barcelona Lleida\"},\"image\":{\"@id\":\"https:\\\/\\\/www.cafbl.cat\\\/es\\\/#\\\/schema\\\/logo\\\/image\\\/\"},\"sameAs\":[\"https:\\\/\\\/x.com\\\/CAFbcn_lleida\",\"https:\\\/\\\/www.linkedin.com\\\/company\\\/administradors-finques-cafbl\",\"https:\\\/\\\/www.instagram.com\\\/administradors_finques_cafbl\\\/\"]},{\"@type\":\"Person\",\"@id\":\"https:\\\/\\\/www.cafbl.cat\\\/es\\\/#\\\/schema\\\/person\\\/b0d11debb81717541c72c7a4019887e8\",\"name\":\"CAFBL\",\"image\":{\"@type\":\"ImageObject\",\"inLanguage\":\"es\",\"@id\":\"https:\\\/\\\/secure.gravatar.com\\\/avatar\\\/4997d16802ef8ba0ff851e50ced51070585ddecec261955cd13538a88746a866?s=96&d=mm&r=g\",\"url\":\"https:\\\/\\\/secure.gravatar.com\\\/avatar\\\/4997d16802ef8ba0ff851e50ced51070585ddecec261955cd13538a88746a866?s=96&d=mm&r=g\",\"contentUrl\":\"https:\\\/\\\/secure.gravatar.com\\\/avatar\\\/4997d16802ef8ba0ff851e50ced51070585ddecec261955cd13538a88746a866?s=96&d=mm&r=g\",\"caption\":\"CAFBL\"},\"url\":\"https:\\\/\\\/www.cafbl.cat\\\/es\\\/author\\\/magraz\\\/\"}]}<\/script>\n<!-- \/ Yoast SEO plugin. -->","yoast_head_json":{"title":"Las entidades inmobiliarias denuncian ante la Fiscal\u00eda al 'manual okupa' de Arran porque \"incita a la delincuencia\" - Col\u00b7legi Administradors de Finques Barcelona Lleida","description":"Canal oficial de not\u00edcies del CAFBL: Las entidades inmobiliarias denuncian ante la Fiscal\u00eda al 'manual okupa' de Arran porque \"incita a la delincuencia\"","robots":{"index":"index","follow":"follow","max-snippet":"max-snippet:-1","max-image-preview":"max-image-preview:large","max-video-preview":"max-video-preview:-1"},"canonical":"https:\/\/www.cafbl.cat\/es\/las-entidades-inmobiliarias-denuncian-ante-la-fiscalia-al-manual-okupa-de-arran-porque-incita-a-la-delincuencia\/","og_locale":"es_ES","og_type":"article","og_title":"Las entidades inmobiliarias denuncian ante la Fiscal\u00eda al 'manual okupa' de Arran porque \"incita a la delincuencia\" - Col\u00b7legi Administradors de Finques Barcelona Lleida","og_description":"Canal oficial de not\u00edcies del CAFBL: Las entidades inmobiliarias denuncian ante la Fiscal\u00eda al 'manual okupa' de Arran porque \"incita a la delincuencia\"","og_url":"https:\/\/www.cafbl.cat\/es\/las-entidades-inmobiliarias-denuncian-ante-la-fiscalia-al-manual-okupa-de-arran-porque-incita-a-la-delincuencia\/","og_site_name":"Col\u00b7legi Administradors de Finques Barcelona Lleida","article_published_time":"2021-03-01T10:29:33+00:00","og_image":[{"width":245,"height":245,"url":"https:\/\/www.cafbl.cat\/wp-content\/uploads\/2021\/04\/20_minutos.svg_.png","type":"image\/png"}],"author":"CAFBL","twitter_card":"summary_large_image","twitter_creator":"@CAFbcn_lleida","twitter_site":"@CAFbcn_lleida","twitter_misc":{"Escrito por":"CAFBL"},"schema":{"@context":"https:\/\/schema.org","@graph":[{"@type":"Article","@id":"https:\/\/www.cafbl.cat\/es\/las-entidades-inmobiliarias-denuncian-ante-la-fiscalia-al-manual-okupa-de-arran-porque-incita-a-la-delincuencia\/#article","isPartOf":{"@id":"https:\/\/www.cafbl.cat\/es\/las-entidades-inmobiliarias-denuncian-ante-la-fiscalia-al-manual-okupa-de-arran-porque-incita-a-la-delincuencia\/"},"author":{"name":"CAFBL","@id":"https:\/\/www.cafbl.cat\/es\/#\/schema\/person\/b0d11debb81717541c72c7a4019887e8"},"headline":"Las entidades inmobiliarias denuncian ante la Fiscal\u00eda al &#8216;manual okupa&#8217; de Arran porque \u00abincita a la delincuencia\u00bb","datePublished":"2021-03-01T10:29:33+00:00","mainEntityOfPage":{"@id":"https:\/\/www.cafbl.cat\/es\/las-entidades-inmobiliarias-denuncian-ante-la-fiscalia-al-manual-okupa-de-arran-porque-incita-a-la-delincuencia\/"},"wordCount":106,"publisher":{"@id":"https:\/\/www.cafbl.cat\/es\/#organization"},"image":{"@id":"https:\/\/www.cafbl.cat\/es\/las-entidades-inmobiliarias-denuncian-ante-la-fiscalia-al-manual-okupa-de-arran-porque-incita-a-la-delincuencia\/#primaryimage"},"thumbnailUrl":"https:\/\/www.cafbl.cat\/wp-content\/uploads\/2021\/04\/20_minutos.svg_.png","articleSection":["Apariciones en medios","Prensa"],"inLanguage":"es"},{"@type":"WebPage","@id":"https:\/\/www.cafbl.cat\/es\/las-entidades-inmobiliarias-denuncian-ante-la-fiscalia-al-manual-okupa-de-arran-porque-incita-a-la-delincuencia\/","url":"https:\/\/www.cafbl.cat\/es\/las-entidades-inmobiliarias-denuncian-ante-la-fiscalia-al-manual-okupa-de-arran-porque-incita-a-la-delincuencia\/","name":"Las entidades inmobiliarias denuncian ante la Fiscal\u00eda al 'manual okupa' de Arran porque \"incita a la delincuencia\" - Col\u00b7legi Administradors de Finques Barcelona Lleida","isPartOf":{"@id":"https:\/\/www.cafbl.cat\/es\/#website"},"primaryImageOfPage":{"@id":"https:\/\/www.cafbl.cat\/es\/las-entidades-inmobiliarias-denuncian-ante-la-fiscalia-al-manual-okupa-de-arran-porque-incita-a-la-delincuencia\/#primaryimage"},"image":{"@id":"https:\/\/www.cafbl.cat\/es\/las-entidades-inmobiliarias-denuncian-ante-la-fiscalia-al-manual-okupa-de-arran-porque-incita-a-la-delincuencia\/#primaryimage"},"thumbnailUrl":"https:\/\/www.cafbl.cat\/wp-content\/uploads\/2021\/04\/20_minutos.svg_.png","datePublished":"2021-03-01T10:29:33+00:00","description":"Canal oficial de not\u00edcies del CAFBL: Las entidades inmobiliarias denuncian ante la Fiscal\u00eda al 'manual okupa' de Arran porque \"incita a la delincuencia\"","breadcrumb":{"@id":"https:\/\/www.cafbl.cat\/es\/las-entidades-inmobiliarias-denuncian-ante-la-fiscalia-al-manual-okupa-de-arran-porque-incita-a-la-delincuencia\/#breadcrumb"},"inLanguage":"es","potentialAction":[{"@type":"ReadAction","target":["https:\/\/www.cafbl.cat\/es\/las-entidades-inmobiliarias-denuncian-ante-la-fiscalia-al-manual-okupa-de-arran-porque-incita-a-la-delincuencia\/"]}]},{"@type":"ImageObject","inLanguage":"es","@id":"https:\/\/www.cafbl.cat\/es\/las-entidades-inmobiliarias-denuncian-ante-la-fiscalia-al-manual-okupa-de-arran-porque-incita-a-la-delincuencia\/#primaryimage","url":"https:\/\/www.cafbl.cat\/wp-content\/uploads\/2021\/04\/20_minutos.svg_.png","contentUrl":"https:\/\/www.cafbl.cat\/wp-content\/uploads\/2021\/04\/20_minutos.svg_.png","width":245,"height":245},{"@type":"BreadcrumbList","@id":"https:\/\/www.cafbl.cat\/es\/las-entidades-inmobiliarias-denuncian-ante-la-fiscalia-al-manual-okupa-de-arran-porque-incita-a-la-delincuencia\/#breadcrumb","itemListElement":[{"@type":"ListItem","position":1,"name":"Home","item":"https:\/\/www.cafbl.cat\/es\/"},{"@type":"ListItem","position":2,"name":"Las entidades inmobiliarias denuncian ante la Fiscal\u00eda al &#8216;manual okupa&#8217; de Arran porque &#8220;incita a la delincuencia&#8221;"}]},{"@type":"WebSite","@id":"https:\/\/www.cafbl.cat\/es\/#website","url":"https:\/\/www.cafbl.cat\/es\/","name":"Col\u00b7legi Administradors de Finques Barcelona Lleida","description":"Web oficial del Col\u00b7legi Administradors de Finques Barcelona Lleida","publisher":{"@id":"https:\/\/www.cafbl.cat\/es\/#organization"},"alternateName":"CAFBL - Col\u00b7legi Administradors de Finques Barcelona Lleida","potentialAction":[{"@type":"SearchAction","target":{"@type":"EntryPoint","urlTemplate":"https:\/\/www.cafbl.cat\/es\/?s={search_term_string}"},"query-input":{"@type":"PropertyValueSpecification","valueRequired":true,"valueName":"search_term_string"}}],"inLanguage":"es"},{"@type":"Organization","@id":"https:\/\/www.cafbl.cat\/es\/#organization","name":"Col\u00b7legi Administradors de Finques Barcelona Lleida","alternateName":"CAFBL - Col\u00b7legi Administradors de Finques Barcelona Lleida","url":"https:\/\/www.cafbl.cat\/es\/","logo":{"@type":"ImageObject","inLanguage":"es","@id":"https:\/\/www.cafbl.cat\/es\/#\/schema\/logo\/image\/","url":"https:\/\/www.cafbl.cat\/wp-content\/uploads\/2024\/07\/logo_cafbl.svg","contentUrl":"https:\/\/www.cafbl.cat\/wp-content\/uploads\/2024\/07\/logo_cafbl.svg","width":471,"height":116,"caption":"Col\u00b7legi Administradors de Finques Barcelona Lleida"},"image":{"@id":"https:\/\/www.cafbl.cat\/es\/#\/schema\/logo\/image\/"},"sameAs":["https:\/\/x.com\/CAFbcn_lleida","https:\/\/www.linkedin.com\/company\/administradors-finques-cafbl","https:\/\/www.instagram.com\/administradors_finques_cafbl\/"]},{"@type":"Person","@id":"https:\/\/www.cafbl.cat\/es\/#\/schema\/person\/b0d11debb81717541c72c7a4019887e8","name":"CAFBL","image":{"@type":"ImageObject","inLanguage":"es","@id":"https:\/\/secure.gravatar.com\/avatar\/4997d16802ef8ba0ff851e50ced51070585ddecec261955cd13538a88746a866?s=96&d=mm&r=g","url":"https:\/\/secure.gravatar.com\/avatar\/4997d16802ef8ba0ff851e50ced51070585ddecec261955cd13538a88746a866?s=96&d=mm&r=g","contentUrl":"https:\/\/secure.gravatar.com\/avatar\/4997d16802ef8ba0ff851e50ced51070585ddecec261955cd13538a88746a866?s=96&d=mm&r=g","caption":"CAFBL"},"url":"https:\/\/www.cafbl.cat\/es\/author\/magraz\/"}]}},"_links":{"self":[{"href":"https:\/\/www.cafbl.cat\/es\/wp-json\/wp\/v2\/posts\/77634","targetHints":{"allow":["GET"]}}],"collection":[{"href":"https:\/\/www.cafbl.cat\/es\/wp-json\/wp\/v2\/posts"}],"about":[{"href":"https:\/\/www.cafbl.cat\/es\/wp-json\/wp\/v2\/types\/post"}],"author":[{"embeddable":true,"href":"https:\/\/www.cafbl.cat\/es\/wp-json\/wp\/v2\/users\/3"}],"replies":[{"embeddable":true,"href":"https:\/\/www.cafbl.cat\/es\/wp-json\/wp\/v2\/comments?post=77634"}],"version-history":[{"count":0,"href":"https:\/\/www.cafbl.cat\/es\/wp-json\/wp\/v2\/posts\/77634\/revisions"}],"wp:featuredmedia":[{"embeddable":true,"href":"https:\/\/www.cafbl.cat\/es\/wp-json\/wp\/v2\/media\/77635"}],"wp:attachment":[{"href":"https:\/\/www.cafbl.cat\/es\/wp-json\/wp\/v2\/media?parent=77634"}],"wp:term":[{"taxonomy":"category","embeddable":true,"href":"https:\/\/www.cafbl.cat\/es\/wp-json\/wp\/v2\/categories?post=77634"},{"taxonomy":"post_tag","embeddable":true,"href":"https:\/\/www.cafbl.cat\/es\/wp-json\/wp\/v2\/tags?post=77634"}],"curies":[{"name":"wp","href":"https:\/\/api.w.org\/{rel}","templated":true}]}}