{"id":77969,"date":"2024-12-05T15:39:28","date_gmt":"2024-12-05T14:39:28","guid":{"rendered":"https:\/\/www.cafbl.cat\/dana-analisis-y-conclusiones-en-la-gestion-de-emergencias-climaticas\/"},"modified":"2024-12-17T09:33:17","modified_gmt":"2024-12-17T08:33:17","slug":"dana-analisis-y-conclusiones-en-la-gestion-de-emergencias-climaticas","status":"publish","type":"post","link":"https:\/\/www.cafbl.cat\/es\/dana-analisis-y-conclusiones-en-la-gestion-de-emergencias-climaticas\/","title":{"rendered":"DANA: An\u00e1lisis y conclusiones en la gesti\u00f3n de emergencias clim\u00e1ticas"},"content":{"rendered":"\t\t<div data-elementor-type=\"wp-post\" data-elementor-id=\"77969\" class=\"elementor elementor-77969 elementor-44870\" data-elementor-post-type=\"post\">\n\t\t\t\t<div class=\"elementor-element elementor-element-82bd84e e-flex e-con-boxed wpr-particle-no wpr-jarallax-no wpr-parallax-no wpr-sticky-section-no e-con e-parent\" data-id=\"82bd84e\" data-element_type=\"container\" data-e-type=\"container\">\n\t\t\t\t\t<div class=\"e-con-inner\">\n\t\t\t\t\t<\/div>\n\t\t\t\t<\/div>\n\t\t<div class=\"elementor-element elementor-element-db494d7 e-flex e-con-boxed wpr-particle-no wpr-jarallax-no wpr-parallax-no wpr-sticky-section-no e-con e-parent\" data-id=\"db494d7\" data-element_type=\"container\" data-e-type=\"container\">\n\t\t\t\t\t<div class=\"e-con-inner\">\n\t\t\t\t<div class=\"elementor-element elementor-element-3fe5a76 elementor-widget elementor-widget-text-editor\" data-id=\"3fe5a76\" data-element_type=\"widget\" data-e-type=\"widget\" data-widget_type=\"text-editor.default\">\n\t\t\t\t<div class=\"elementor-widget-container\">\n\t\t\t\t\t\t\t\t\t<p>Catalu\u00f1a ha estado afectada por varios episodios de <strong>DANA<\/strong> (Depresi\u00f3n Aislada en Niveles Altos), que han puesto a prueba la capacidad de respuesta de los servicios de emergencia y la resiliencia de las comunidades. Este fen\u00f3meno meteorol\u00f3gico ha provocado lluvias torrenciales, inundaciones y da\u00f1os significativos en infraestructuras y viviendas, exigiendo un an\u00e1lisis exhaustivo de los eventos y sus consecuencias. <\/p>\n<p>El DANA se ha caracterizado por su capacidad para generar condiciones clim\u00e1ticas extremas con poca antelaci\u00f3n, haciendo que la previsi\u00f3n y preparaci\u00f3n sean esenciales. Las autoridades han activado protocolos de emergencia, informando a la poblaci\u00f3n a trav\u00e9s de canales oficiales y movilizando recursos para hacer frente a las necesidades m\u00e1s acuciantes. Sin embargo, los incidentes han puesto de manifiesto algunas deficiencias en la coordinaci\u00f3n entre organismos y la importancia de la educaci\u00f3n ciudadana en materia de seguridad.  <\/p>\n<p>Es vital invertir en tecnolog\u00eda de previsi\u00f3n meteorol\u00f3gica para aumentar la precisi\u00f3n en las alertas. Un sistema avanzado de detecci\u00f3n puede facilitar una reacci\u00f3n r\u00e1pida y eficiente frente a situaciones de emergencia. <\/p>\n<p>La formaci\u00f3n continua de los cuerpos de emergencias y la sociedad civil es clave para la adecuada gesti\u00f3n de los riesgos. Organizar simulacros y talleres puede aumentar la sensibilizaci\u00f3n y preparar a los ciudadanos para hacer frente a situaciones adversas. <\/p>\n<p>La colaboraci\u00f3n entre administraciones y organismos de emergencia debe ser reforzada, estableciendo protocolos claros y canales de comunicaci\u00f3n eficientes para garantizar que los recursos se movilicen de forma \u00f3ptima.<\/p>\n<p>Es fundamental fomentar una cultura de seguridad entre la poblaci\u00f3n. Campa\u00f1as informativas que expliquen c\u00f3mo actuar ante situaciones de DANA pueden marcar la diferencia en la protecci\u00f3n de los ciudadanos. <\/p>\n<p>Adaptaci\u00f3n al Cambio Clim\u00e1tico: El aumento de fen\u00f3menos meteorol\u00f3gicos extremos exige una revisi\u00f3n de las pol\u00edticas urban\u00edsticas y de infraestructura, apuntando hacia un modelo m\u00e1s sostenible y resiliente frente al cambio clim\u00e1tico.<\/p>\n<p><strong>Rol del Colegio de Administradores de Fincas<\/strong><\/p>\n<p>El Colegio de Administradores de Fincas jug\u00f3 un papel fundamental en la gesti\u00f3n de situaciones de emergencia como las generadas por los episodios de DANA. Estos profesionales, con su conocimiento y experiencia en la gesti\u00f3n de inmuebles y comunidades, pueden: <\/p>\n<ul>\n<li>Facilitar la comunicaci\u00f3n entre vecinos y administraciones: Actuando como canales de informaci\u00f3n, pueden asegurar que la comunidad est\u00e9 al corriente de informaci\u00f3n cr\u00edtica sobre seguridad y actuaciones a seguir.<\/li>\n<\/ul>\n<ul>\n<li>Asistir en la coordinaci\u00f3n de esfuerzos de emergencia: Los administradores de fincas pueden ayudar a organizar recursos y soporte log\u00edstico durante las emergencias, garantizando que las necesidades de las comunidades sean atendidas de forma eficaz.<\/li>\n<\/ul>\n<ul>\n<li>Promover la formaci\u00f3n sobre seguridad y emergencias: El Colegio puede implementar programas de capacitaci\u00f3n para los administradores y ciudadanos, centrados en c\u00f3mo gestionar situaciones de riesgo y responder adecuadamente ante emergencias.<\/li>\n<li>Las experiencias vividas durante estos episodios de DANA nos aportan importantes lecciones que pueden contribuir a la mejora de la gesti\u00f3n de riesgos y el aumento de la seguridad y la resiliencia de nuestras comunidades.<\/li>\n<\/ul>\n\t\t\t\t\t\t\t\t<\/div>\n\t\t\t\t<\/div>\n\t\t\t\t\t<\/div>\n\t\t\t\t<\/div>\n\t\t<div class=\"elementor-element elementor-element-5488ab6 e-flex e-con-boxed wpr-particle-no wpr-jarallax-no wpr-parallax-no wpr-sticky-section-no e-con e-parent\" data-id=\"5488ab6\" data-element_type=\"container\" data-e-type=\"container\">\n\t\t\t\t\t<div class=\"e-con-inner\">\n\t\t\t\t\t<\/div>\n\t\t\t\t<\/div>\n\t\t<div class=\"elementor-element elementor-element-a522565 e-flex e-con-boxed wpr-particle-no wpr-jarallax-no wpr-parallax-no wpr-sticky-section-no e-con e-parent\" data-id=\"a522565\" data-element_type=\"container\" data-e-type=\"container\">\n\t\t\t\t\t<div class=\"e-con-inner\">\n\t\t\t\t\t<\/div>\n\t\t\t\t<\/div>\n\t\t<div class=\"elementor-element elementor-element-195d5b9 e-flex e-con-boxed wpr-particle-no wpr-jarallax-no wpr-parallax-no wpr-sticky-section-no e-con e-parent\" data-id=\"195d5b9\" data-element_type=\"container\" data-e-type=\"container\">\n\t\t\t\t\t<div class=\"e-con-inner\">\n\t\t\t\t\t<\/div>\n\t\t\t\t<\/div>\n\t\t<div class=\"elementor-element elementor-element-b96b004 e-flex e-con-boxed wpr-particle-no wpr-jarallax-no wpr-parallax-no wpr-sticky-section-no e-con e-parent\" data-id=\"b96b004\" data-element_type=\"container\" data-e-type=\"container\">\n\t\t\t\t\t<div class=\"e-con-inner\">\n\t\t\t\t\t<\/div>\n\t\t\t\t<\/div>\n\t\t\t\t<\/div>\n\t\t","protected":false},"excerpt":{"rendered":"<p>Catalu\u00f1a ha estado afectada por varios episodios de DANA (Depresi\u00f3n Aislada en Niveles Altos), que han puesto a prueba la capacidad de respuesta de los servicios de emergencia y la resiliencia de las comunidades. Este fen\u00f3meno meteorol\u00f3gico ha provocado lluvias torrenciales, inundaciones y da\u00f1os significativos en infraestructuras y viviendas, exigiendo un an\u00e1lisis exhaustivo de los eventos y sus consecuencias. El DANA se ha caracterizado por su capacidad para generar condiciones clim\u00e1ticas extremas con poca antelaci\u00f3n, haciendo que la previsi\u00f3n y preparaci\u00f3n sean esenciales. Las autoridades han activado protocolos de emergencia, informando a la poblaci\u00f3n a trav\u00e9s de canales oficiales y movilizando recursos para hacer frente a las necesidades m\u00e1s acuciantes. Sin embargo, los incidentes han puesto de manifiesto algunas deficiencias en la coordinaci\u00f3n entre organismos y la importancia de la educaci\u00f3n ciudadana en materia de seguridad. Es vital invertir en tecnolog\u00eda de previsi\u00f3n meteorol\u00f3gica para aumentar la precisi\u00f3n en las alertas. Un sistema avanzado de detecci\u00f3n puede facilitar una reacci\u00f3n r\u00e1pida y eficiente frente a situaciones de emergencia. La formaci\u00f3n continua de los cuerpos de emergencias y la sociedad civil es clave para la adecuada gesti\u00f3n de los riesgos. Organizar simulacros y talleres puede aumentar la sensibilizaci\u00f3n y preparar a los ciudadanos para hacer frente a situaciones adversas. La colaboraci\u00f3n entre administraciones y organismos de emergencia debe ser reforzada, estableciendo protocolos claros y canales de comunicaci\u00f3n eficientes para garantizar que los recursos se movilicen de forma \u00f3ptima. Es fundamental fomentar una cultura de seguridad entre la poblaci\u00f3n. Campa\u00f1as informativas que expliquen c\u00f3mo actuar ante situaciones de DANA pueden marcar la diferencia en la protecci\u00f3n de los ciudadanos. Adaptaci\u00f3n al Cambio Clim\u00e1tico: El aumento de fen\u00f3menos meteorol\u00f3gicos extremos exige una revisi\u00f3n de las pol\u00edticas urban\u00edsticas y de infraestructura, apuntando hacia un modelo m\u00e1s sostenible y resiliente frente al cambio clim\u00e1tico. Rol del Colegio de Administradores de Fincas El Colegio de Administradores de Fincas jug\u00f3 un papel fundamental en la gesti\u00f3n de situaciones de emergencia como las generadas por los episodios de DANA. Estos profesionales, con su conocimiento y experiencia en la gesti\u00f3n de inmuebles y comunidades, pueden: Facilitar la comunicaci\u00f3n entre vecinos y administraciones: Actuando como canales de informaci\u00f3n, pueden asegurar que la comunidad est\u00e9 al corriente de informaci\u00f3n cr\u00edtica sobre seguridad y actuaciones a seguir. Asistir en la coordinaci\u00f3n de esfuerzos de emergencia: Los administradores de fincas pueden ayudar a organizar recursos y soporte log\u00edstico durante las emergencias, garantizando que las necesidades de las comunidades sean atendidas de forma eficaz. Promover la formaci\u00f3n sobre seguridad y emergencias: El Colegio puede implementar programas de capacitaci\u00f3n para los administradores y ciudadanos, centrados en c\u00f3mo gestionar situaciones de riesgo y responder adecuadamente ante emergencias. Las experiencias vividas durante estos episodios de DANA nos aportan importantes lecciones que pueden contribuir a la mejora de la gesti\u00f3n de riesgos y el aumento de la seguridad y la resiliencia de nuestras comunidades.<\/p>\n","protected":false},"author":1,"featured_media":77971,"comment_status":"open","ping_status":"open","sticky":false,"template":"","format":"standard","meta":{"_acf_changed":false,"site-sidebar-layout":"default","site-content-layout":"","ast-site-content-layout":"default","site-content-style":"default","site-sidebar-style":"default","ast-global-header-display":"","ast-banner-title-visibility":"","ast-main-header-display":"","ast-hfb-above-header-display":"","ast-hfb-below-header-display":"","ast-hfb-mobile-header-display":"","site-post-title":"","ast-breadcrumbs-content":"","ast-featured-img":"","footer-sml-layout":"","ast-disable-related-posts":"","theme-transparent-header-meta":"","adv-header-id-meta":"","stick-header-meta":"","header-above-stick-meta":"","header-main-stick-meta":"","header-below-stick-meta":"","astra-migrate-meta-layouts":"default","ast-page-background-enabled":"default","ast-page-background-meta":{"desktop":{"background-color":"var(--ast-global-color-4)","background-image":"","background-repeat":"repeat","background-position":"center center","background-size":"auto","background-attachment":"scroll","background-type":"","background-media":"","overlay-type":"","overlay-color":"","overlay-opacity":"","overlay-gradient":""},"tablet":{"background-color":"","background-image":"","background-repeat":"repeat","background-position":"center center","background-size":"auto","background-attachment":"scroll","background-type":"","background-media":"","overlay-type":"","overlay-color":"","overlay-opacity":"","overlay-gradient":""},"mobile":{"background-color":"","background-image":"","background-repeat":"repeat","background-position":"center center","background-size":"auto","background-attachment":"scroll","background-type":"","background-media":"","overlay-type":"","overlay-color":"","overlay-opacity":"","overlay-gradient":""}},"ast-content-background-meta":{"desktop":{"background-color":"var(--ast-global-color-5)","background-image":"","background-repeat":"repeat","background-position":"center center","background-size":"auto","background-attachment":"scroll","background-type":"","background-media":"","overlay-type":"","overlay-color":"","overlay-opacity":"","overlay-gradient":""},"tablet":{"background-color":"var(--ast-global-color-5)","background-image":"","background-repeat":"repeat","background-position":"center center","background-size":"auto","background-attachment":"scroll","background-type":"","background-media":"","overlay-type":"","overlay-color":"","overlay-opacity":"","overlay-gradient":""},"mobile":{"background-color":"var(--ast-global-color-5)","background-image":"","background-repeat":"repeat","background-position":"center center","background-size":"auto","background-attachment":"scroll","background-type":"","background-media":"","overlay-type":"","overlay-color":"","overlay-opacity":"","overlay-gradient":""}},"footnotes":""},"categories":[692],"tags":[],"class_list":["post-77969","post","type-post","status-publish","format-standard","has-post-thumbnail","hentry","category-blog-del-ciudadano"],"acf":[],"yoast_head":"<!-- This site is optimized with the Yoast SEO plugin v27.5 - https:\/\/yoast.com\/product\/yoast-seo-wordpress\/ -->\n<title>DANA: An\u00e1lisis y conclusiones en la gesti\u00f3n de emergencias clim\u00e1ticas - Col\u00b7legi Administradors de Finques Barcelona Lleida<\/title>\n<meta name=\"description\" content=\"Canal oficial de not\u00edcies del CAFBL: DANA: An\u00e1lisis y conclusiones en la gesti\u00f3n de emergencias clim\u00e1ticas Blog del ciudadano\" \/>\n<meta name=\"robots\" content=\"index, follow, max-snippet:-1, max-image-preview:large, max-video-preview:-1\" \/>\n<link rel=\"canonical\" href=\"https:\/\/www.cafbl.cat\/es\/dana-analisis-y-conclusiones-en-la-gestion-de-emergencias-climaticas\/\" \/>\n<meta property=\"og:locale\" content=\"es_ES\" \/>\n<meta property=\"og:type\" content=\"article\" \/>\n<meta property=\"og:title\" content=\"DANA: An\u00e1lisis y conclusiones en la gesti\u00f3n de emergencias clim\u00e1ticas - Col\u00b7legi Administradors de Finques Barcelona Lleida\" \/>\n<meta property=\"og:description\" content=\"Canal oficial de not\u00edcies del CAFBL: DANA: An\u00e1lisis y conclusiones en la gesti\u00f3n de emergencias clim\u00e1ticas Blog del ciudadano\" \/>\n<meta property=\"og:url\" content=\"https:\/\/www.cafbl.cat\/es\/dana-analisis-y-conclusiones-en-la-gestion-de-emergencias-climaticas\/\" \/>\n<meta property=\"og:site_name\" content=\"Col\u00b7legi Administradors de Finques Barcelona Lleida\" \/>\n<meta property=\"article:published_time\" content=\"2024-12-05T14:39:28+00:00\" \/>\n<meta property=\"article:modified_time\" content=\"2024-12-17T08:33:17+00:00\" \/>\n<meta property=\"og:image\" content=\"https:\/\/www.cafbl.cat\/wp-content\/uploads\/2024\/12\/DANA-1024x1024.png\" \/>\n\t<meta property=\"og:image:width\" content=\"1024\" \/>\n\t<meta property=\"og:image:height\" content=\"1024\" \/>\n\t<meta property=\"og:image:type\" content=\"image\/png\" \/>\n<meta name=\"author\" content=\"adminwpcafbl\" \/>\n<meta name=\"twitter:card\" content=\"summary_large_image\" \/>\n<meta name=\"twitter:creator\" content=\"@CAFbcn_lleida\" \/>\n<meta name=\"twitter:site\" content=\"@CAFbcn_lleida\" \/>\n<meta name=\"twitter:label1\" content=\"Escrito por\" \/>\n\t<meta name=\"twitter:data1\" content=\"adminwpcafbl\" \/>\n\t<meta name=\"twitter:label2\" content=\"Tiempo de lectura\" \/>\n\t<meta name=\"twitter:data2\" content=\"3 minutos\" \/>\n<script type=\"application\/ld+json\" class=\"yoast-schema-graph\">{\"@context\":\"https:\\\/\\\/schema.org\",\"@graph\":[{\"@type\":\"Article\",\"@id\":\"https:\\\/\\\/www.cafbl.cat\\\/es\\\/dana-analisis-y-conclusiones-en-la-gestion-de-emergencias-climaticas\\\/#article\",\"isPartOf\":{\"@id\":\"https:\\\/\\\/www.cafbl.cat\\\/es\\\/dana-analisis-y-conclusiones-en-la-gestion-de-emergencias-climaticas\\\/\"},\"author\":{\"name\":\"adminwpcafbl\",\"@id\":\"https:\\\/\\\/www.cafbl.cat\\\/es\\\/#\\\/schema\\\/person\\\/bfdd3486c3f782e0fd324b2d5a98ef47\"},\"headline\":\"DANA: An\u00e1lisis y conclusiones en la gesti\u00f3n de emergencias clim\u00e1ticas\",\"datePublished\":\"2024-12-05T14:39:28+00:00\",\"dateModified\":\"2024-12-17T08:33:17+00:00\",\"mainEntityOfPage\":{\"@id\":\"https:\\\/\\\/www.cafbl.cat\\\/es\\\/dana-analisis-y-conclusiones-en-la-gestion-de-emergencias-climaticas\\\/\"},\"wordCount\":541,\"commentCount\":0,\"publisher\":{\"@id\":\"https:\\\/\\\/www.cafbl.cat\\\/es\\\/#organization\"},\"image\":{\"@id\":\"https:\\\/\\\/www.cafbl.cat\\\/es\\\/dana-analisis-y-conclusiones-en-la-gestion-de-emergencias-climaticas\\\/#primaryimage\"},\"thumbnailUrl\":\"https:\\\/\\\/www.cafbl.cat\\\/wp-content\\\/uploads\\\/2024\\\/12\\\/DANA.png\",\"articleSection\":[\"Blog del ciudadano\"],\"inLanguage\":\"es\",\"potentialAction\":[{\"@type\":\"CommentAction\",\"name\":\"Comment\",\"target\":[\"https:\\\/\\\/www.cafbl.cat\\\/es\\\/dana-analisis-y-conclusiones-en-la-gestion-de-emergencias-climaticas\\\/#respond\"]}]},{\"@type\":\"WebPage\",\"@id\":\"https:\\\/\\\/www.cafbl.cat\\\/es\\\/dana-analisis-y-conclusiones-en-la-gestion-de-emergencias-climaticas\\\/\",\"url\":\"https:\\\/\\\/www.cafbl.cat\\\/es\\\/dana-analisis-y-conclusiones-en-la-gestion-de-emergencias-climaticas\\\/\",\"name\":\"DANA: An\u00e1lisis y conclusiones en la gesti\u00f3n de emergencias clim\u00e1ticas - Col\u00b7legi Administradors de Finques Barcelona Lleida\",\"isPartOf\":{\"@id\":\"https:\\\/\\\/www.cafbl.cat\\\/es\\\/#website\"},\"primaryImageOfPage\":{\"@id\":\"https:\\\/\\\/www.cafbl.cat\\\/es\\\/dana-analisis-y-conclusiones-en-la-gestion-de-emergencias-climaticas\\\/#primaryimage\"},\"image\":{\"@id\":\"https:\\\/\\\/www.cafbl.cat\\\/es\\\/dana-analisis-y-conclusiones-en-la-gestion-de-emergencias-climaticas\\\/#primaryimage\"},\"thumbnailUrl\":\"https:\\\/\\\/www.cafbl.cat\\\/wp-content\\\/uploads\\\/2024\\\/12\\\/DANA.png\",\"datePublished\":\"2024-12-05T14:39:28+00:00\",\"dateModified\":\"2024-12-17T08:33:17+00:00\",\"description\":\"Canal oficial de not\u00edcies del CAFBL: DANA: An\u00e1lisis y conclusiones en la gesti\u00f3n de emergencias clim\u00e1ticas Blog del ciudadano\",\"breadcrumb\":{\"@id\":\"https:\\\/\\\/www.cafbl.cat\\\/es\\\/dana-analisis-y-conclusiones-en-la-gestion-de-emergencias-climaticas\\\/#breadcrumb\"},\"inLanguage\":\"es\",\"potentialAction\":[{\"@type\":\"ReadAction\",\"target\":[\"https:\\\/\\\/www.cafbl.cat\\\/es\\\/dana-analisis-y-conclusiones-en-la-gestion-de-emergencias-climaticas\\\/\"]}]},{\"@type\":\"ImageObject\",\"inLanguage\":\"es\",\"@id\":\"https:\\\/\\\/www.cafbl.cat\\\/es\\\/dana-analisis-y-conclusiones-en-la-gestion-de-emergencias-climaticas\\\/#primaryimage\",\"url\":\"https:\\\/\\\/www.cafbl.cat\\\/wp-content\\\/uploads\\\/2024\\\/12\\\/DANA.png\",\"contentUrl\":\"https:\\\/\\\/www.cafbl.cat\\\/wp-content\\\/uploads\\\/2024\\\/12\\\/DANA.png\",\"width\":1080,\"height\":1080},{\"@type\":\"BreadcrumbList\",\"@id\":\"https:\\\/\\\/www.cafbl.cat\\\/es\\\/dana-analisis-y-conclusiones-en-la-gestion-de-emergencias-climaticas\\\/#breadcrumb\",\"itemListElement\":[{\"@type\":\"ListItem\",\"position\":1,\"name\":\"Home\",\"item\":\"https:\\\/\\\/www.cafbl.cat\\\/es\\\/\"},{\"@type\":\"ListItem\",\"position\":2,\"name\":\"DANA: An\u00e1lisis y conclusiones en la gesti\u00f3n de emergencias clim\u00e1ticas\"}]},{\"@type\":\"WebSite\",\"@id\":\"https:\\\/\\\/www.cafbl.cat\\\/es\\\/#website\",\"url\":\"https:\\\/\\\/www.cafbl.cat\\\/es\\\/\",\"name\":\"Col\u00b7legi Administradors de Finques Barcelona Lleida\",\"description\":\"Web oficial del Col\u00b7legi Administradors de Finques Barcelona Lleida\",\"publisher\":{\"@id\":\"https:\\\/\\\/www.cafbl.cat\\\/es\\\/#organization\"},\"alternateName\":\"CAFBL - Col\u00b7legi Administradors de Finques Barcelona Lleida\",\"potentialAction\":[{\"@type\":\"SearchAction\",\"target\":{\"@type\":\"EntryPoint\",\"urlTemplate\":\"https:\\\/\\\/www.cafbl.cat\\\/es\\\/?s={search_term_string}\"},\"query-input\":{\"@type\":\"PropertyValueSpecification\",\"valueRequired\":true,\"valueName\":\"search_term_string\"}}],\"inLanguage\":\"es\"},{\"@type\":\"Organization\",\"@id\":\"https:\\\/\\\/www.cafbl.cat\\\/es\\\/#organization\",\"name\":\"Col\u00b7legi Administradors de Finques Barcelona Lleida\",\"alternateName\":\"CAFBL - Col\u00b7legi Administradors de Finques Barcelona Lleida\",\"url\":\"https:\\\/\\\/www.cafbl.cat\\\/es\\\/\",\"logo\":{\"@type\":\"ImageObject\",\"inLanguage\":\"es\",\"@id\":\"https:\\\/\\\/www.cafbl.cat\\\/es\\\/#\\\/schema\\\/logo\\\/image\\\/\",\"url\":\"https:\\\/\\\/www.cafbl.cat\\\/wp-content\\\/uploads\\\/2024\\\/07\\\/logo_cafbl.svg\",\"contentUrl\":\"https:\\\/\\\/www.cafbl.cat\\\/wp-content\\\/uploads\\\/2024\\\/07\\\/logo_cafbl.svg\",\"width\":471,\"height\":116,\"caption\":\"Col\u00b7legi Administradors de Finques Barcelona Lleida\"},\"image\":{\"@id\":\"https:\\\/\\\/www.cafbl.cat\\\/es\\\/#\\\/schema\\\/logo\\\/image\\\/\"},\"sameAs\":[\"https:\\\/\\\/x.com\\\/CAFbcn_lleida\",\"https:\\\/\\\/www.linkedin.com\\\/company\\\/administradors-finques-cafbl\",\"https:\\\/\\\/www.instagram.com\\\/administradors_finques_cafbl\\\/\"]},{\"@type\":\"Person\",\"@id\":\"https:\\\/\\\/www.cafbl.cat\\\/es\\\/#\\\/schema\\\/person\\\/bfdd3486c3f782e0fd324b2d5a98ef47\",\"name\":\"adminwpcafbl\",\"image\":{\"@type\":\"ImageObject\",\"inLanguage\":\"es\",\"@id\":\"https:\\\/\\\/secure.gravatar.com\\\/avatar\\\/b32455939fe3be4b8b0c3e83865545e13c95024ea445ea7e7e6774d5f0eebe28?s=96&d=mm&r=g\",\"url\":\"https:\\\/\\\/secure.gravatar.com\\\/avatar\\\/b32455939fe3be4b8b0c3e83865545e13c95024ea445ea7e7e6774d5f0eebe28?s=96&d=mm&r=g\",\"contentUrl\":\"https:\\\/\\\/secure.gravatar.com\\\/avatar\\\/b32455939fe3be4b8b0c3e83865545e13c95024ea445ea7e7e6774d5f0eebe28?s=96&d=mm&r=g\",\"caption\":\"adminwpcafbl\"},\"sameAs\":[\"http:\\\/\\\/cafbl.cat\"],\"url\":\"https:\\\/\\\/www.cafbl.cat\\\/es\\\/author\\\/adminwpcafbl\\\/\"}]}<\/script>\n<!-- \/ Yoast SEO plugin. -->","yoast_head_json":{"title":"DANA: An\u00e1lisis y conclusiones en la gesti\u00f3n de emergencias clim\u00e1ticas - Col\u00b7legi Administradors de Finques Barcelona Lleida","description":"Canal oficial de not\u00edcies del CAFBL: DANA: An\u00e1lisis y conclusiones en la gesti\u00f3n de emergencias clim\u00e1ticas Blog del ciudadano","robots":{"index":"index","follow":"follow","max-snippet":"max-snippet:-1","max-image-preview":"max-image-preview:large","max-video-preview":"max-video-preview:-1"},"canonical":"https:\/\/www.cafbl.cat\/es\/dana-analisis-y-conclusiones-en-la-gestion-de-emergencias-climaticas\/","og_locale":"es_ES","og_type":"article","og_title":"DANA: An\u00e1lisis y conclusiones en la gesti\u00f3n de emergencias clim\u00e1ticas - Col\u00b7legi Administradors de Finques Barcelona Lleida","og_description":"Canal oficial de not\u00edcies del CAFBL: DANA: An\u00e1lisis y conclusiones en la gesti\u00f3n de emergencias clim\u00e1ticas Blog del ciudadano","og_url":"https:\/\/www.cafbl.cat\/es\/dana-analisis-y-conclusiones-en-la-gestion-de-emergencias-climaticas\/","og_site_name":"Col\u00b7legi Administradors de Finques Barcelona Lleida","article_published_time":"2024-12-05T14:39:28+00:00","article_modified_time":"2024-12-17T08:33:17+00:00","og_image":[{"width":1024,"height":1024,"url":"https:\/\/www.cafbl.cat\/wp-content\/uploads\/2024\/12\/DANA-1024x1024.png","type":"image\/png"}],"author":"adminwpcafbl","twitter_card":"summary_large_image","twitter_creator":"@CAFbcn_lleida","twitter_site":"@CAFbcn_lleida","twitter_misc":{"Escrito por":"adminwpcafbl","Tiempo de lectura":"3 minutos"},"schema":{"@context":"https:\/\/schema.org","@graph":[{"@type":"Article","@id":"https:\/\/www.cafbl.cat\/es\/dana-analisis-y-conclusiones-en-la-gestion-de-emergencias-climaticas\/#article","isPartOf":{"@id":"https:\/\/www.cafbl.cat\/es\/dana-analisis-y-conclusiones-en-la-gestion-de-emergencias-climaticas\/"},"author":{"name":"adminwpcafbl","@id":"https:\/\/www.cafbl.cat\/es\/#\/schema\/person\/bfdd3486c3f782e0fd324b2d5a98ef47"},"headline":"DANA: An\u00e1lisis y conclusiones en la gesti\u00f3n de emergencias clim\u00e1ticas","datePublished":"2024-12-05T14:39:28+00:00","dateModified":"2024-12-17T08:33:17+00:00","mainEntityOfPage":{"@id":"https:\/\/www.cafbl.cat\/es\/dana-analisis-y-conclusiones-en-la-gestion-de-emergencias-climaticas\/"},"wordCount":541,"commentCount":0,"publisher":{"@id":"https:\/\/www.cafbl.cat\/es\/#organization"},"image":{"@id":"https:\/\/www.cafbl.cat\/es\/dana-analisis-y-conclusiones-en-la-gestion-de-emergencias-climaticas\/#primaryimage"},"thumbnailUrl":"https:\/\/www.cafbl.cat\/wp-content\/uploads\/2024\/12\/DANA.png","articleSection":["Blog del ciudadano"],"inLanguage":"es","potentialAction":[{"@type":"CommentAction","name":"Comment","target":["https:\/\/www.cafbl.cat\/es\/dana-analisis-y-conclusiones-en-la-gestion-de-emergencias-climaticas\/#respond"]}]},{"@type":"WebPage","@id":"https:\/\/www.cafbl.cat\/es\/dana-analisis-y-conclusiones-en-la-gestion-de-emergencias-climaticas\/","url":"https:\/\/www.cafbl.cat\/es\/dana-analisis-y-conclusiones-en-la-gestion-de-emergencias-climaticas\/","name":"DANA: An\u00e1lisis y conclusiones en la gesti\u00f3n de emergencias clim\u00e1ticas - Col\u00b7legi Administradors de Finques Barcelona Lleida","isPartOf":{"@id":"https:\/\/www.cafbl.cat\/es\/#website"},"primaryImageOfPage":{"@id":"https:\/\/www.cafbl.cat\/es\/dana-analisis-y-conclusiones-en-la-gestion-de-emergencias-climaticas\/#primaryimage"},"image":{"@id":"https:\/\/www.cafbl.cat\/es\/dana-analisis-y-conclusiones-en-la-gestion-de-emergencias-climaticas\/#primaryimage"},"thumbnailUrl":"https:\/\/www.cafbl.cat\/wp-content\/uploads\/2024\/12\/DANA.png","datePublished":"2024-12-05T14:39:28+00:00","dateModified":"2024-12-17T08:33:17+00:00","description":"Canal oficial de not\u00edcies del CAFBL: DANA: An\u00e1lisis y conclusiones en la gesti\u00f3n de emergencias clim\u00e1ticas Blog del ciudadano","breadcrumb":{"@id":"https:\/\/www.cafbl.cat\/es\/dana-analisis-y-conclusiones-en-la-gestion-de-emergencias-climaticas\/#breadcrumb"},"inLanguage":"es","potentialAction":[{"@type":"ReadAction","target":["https:\/\/www.cafbl.cat\/es\/dana-analisis-y-conclusiones-en-la-gestion-de-emergencias-climaticas\/"]}]},{"@type":"ImageObject","inLanguage":"es","@id":"https:\/\/www.cafbl.cat\/es\/dana-analisis-y-conclusiones-en-la-gestion-de-emergencias-climaticas\/#primaryimage","url":"https:\/\/www.cafbl.cat\/wp-content\/uploads\/2024\/12\/DANA.png","contentUrl":"https:\/\/www.cafbl.cat\/wp-content\/uploads\/2024\/12\/DANA.png","width":1080,"height":1080},{"@type":"BreadcrumbList","@id":"https:\/\/www.cafbl.cat\/es\/dana-analisis-y-conclusiones-en-la-gestion-de-emergencias-climaticas\/#breadcrumb","itemListElement":[{"@type":"ListItem","position":1,"name":"Home","item":"https:\/\/www.cafbl.cat\/es\/"},{"@type":"ListItem","position":2,"name":"DANA: An\u00e1lisis y conclusiones en la gesti\u00f3n de emergencias clim\u00e1ticas"}]},{"@type":"WebSite","@id":"https:\/\/www.cafbl.cat\/es\/#website","url":"https:\/\/www.cafbl.cat\/es\/","name":"Col\u00b7legi Administradors de Finques Barcelona Lleida","description":"Web oficial del Col\u00b7legi Administradors de Finques Barcelona Lleida","publisher":{"@id":"https:\/\/www.cafbl.cat\/es\/#organization"},"alternateName":"CAFBL - Col\u00b7legi Administradors de Finques Barcelona Lleida","potentialAction":[{"@type":"SearchAction","target":{"@type":"EntryPoint","urlTemplate":"https:\/\/www.cafbl.cat\/es\/?s={search_term_string}"},"query-input":{"@type":"PropertyValueSpecification","valueRequired":true,"valueName":"search_term_string"}}],"inLanguage":"es"},{"@type":"Organization","@id":"https:\/\/www.cafbl.cat\/es\/#organization","name":"Col\u00b7legi Administradors de Finques Barcelona Lleida","alternateName":"CAFBL - Col\u00b7legi Administradors de Finques Barcelona Lleida","url":"https:\/\/www.cafbl.cat\/es\/","logo":{"@type":"ImageObject","inLanguage":"es","@id":"https:\/\/www.cafbl.cat\/es\/#\/schema\/logo\/image\/","url":"https:\/\/www.cafbl.cat\/wp-content\/uploads\/2024\/07\/logo_cafbl.svg","contentUrl":"https:\/\/www.cafbl.cat\/wp-content\/uploads\/2024\/07\/logo_cafbl.svg","width":471,"height":116,"caption":"Col\u00b7legi Administradors de Finques Barcelona Lleida"},"image":{"@id":"https:\/\/www.cafbl.cat\/es\/#\/schema\/logo\/image\/"},"sameAs":["https:\/\/x.com\/CAFbcn_lleida","https:\/\/www.linkedin.com\/company\/administradors-finques-cafbl","https:\/\/www.instagram.com\/administradors_finques_cafbl\/"]},{"@type":"Person","@id":"https:\/\/www.cafbl.cat\/es\/#\/schema\/person\/bfdd3486c3f782e0fd324b2d5a98ef47","name":"adminwpcafbl","image":{"@type":"ImageObject","inLanguage":"es","@id":"https:\/\/secure.gravatar.com\/avatar\/b32455939fe3be4b8b0c3e83865545e13c95024ea445ea7e7e6774d5f0eebe28?s=96&d=mm&r=g","url":"https:\/\/secure.gravatar.com\/avatar\/b32455939fe3be4b8b0c3e83865545e13c95024ea445ea7e7e6774d5f0eebe28?s=96&d=mm&r=g","contentUrl":"https:\/\/secure.gravatar.com\/avatar\/b32455939fe3be4b8b0c3e83865545e13c95024ea445ea7e7e6774d5f0eebe28?s=96&d=mm&r=g","caption":"adminwpcafbl"},"sameAs":["http:\/\/cafbl.cat"],"url":"https:\/\/www.cafbl.cat\/es\/author\/adminwpcafbl\/"}]}},"_links":{"self":[{"href":"https:\/\/www.cafbl.cat\/es\/wp-json\/wp\/v2\/posts\/77969","targetHints":{"allow":["GET"]}}],"collection":[{"href":"https:\/\/www.cafbl.cat\/es\/wp-json\/wp\/v2\/posts"}],"about":[{"href":"https:\/\/www.cafbl.cat\/es\/wp-json\/wp\/v2\/types\/post"}],"author":[{"embeddable":true,"href":"https:\/\/www.cafbl.cat\/es\/wp-json\/wp\/v2\/users\/1"}],"replies":[{"embeddable":true,"href":"https:\/\/www.cafbl.cat\/es\/wp-json\/wp\/v2\/comments?post=77969"}],"version-history":[{"count":0,"href":"https:\/\/www.cafbl.cat\/es\/wp-json\/wp\/v2\/posts\/77969\/revisions"}],"wp:featuredmedia":[{"embeddable":true,"href":"https:\/\/www.cafbl.cat\/es\/wp-json\/wp\/v2\/media\/77971"}],"wp:attachment":[{"href":"https:\/\/www.cafbl.cat\/es\/wp-json\/wp\/v2\/media?parent=77969"}],"wp:term":[{"taxonomy":"category","embeddable":true,"href":"https:\/\/www.cafbl.cat\/es\/wp-json\/wp\/v2\/categories?post=77969"},{"taxonomy":"post_tag","embeddable":true,"href":"https:\/\/www.cafbl.cat\/es\/wp-json\/wp\/v2\/tags?post=77969"}],"curies":[{"name":"wp","href":"https:\/\/api.w.org\/{rel}","templated":true}]}}