{"id":98663,"date":"2025-04-08T10:04:08","date_gmt":"2025-04-08T09:04:08","guid":{"rendered":"https:\/\/www.cafbl.cat\/los-administradores-de-fincas-colegiados-informan-que-en-espana-tardariamos-600-anos-en-rehabilitar-energeticamente-nuestros-edificios\/"},"modified":"2025-04-16T10:17:24","modified_gmt":"2025-04-16T09:17:24","slug":"los-administradores-de-fincas-colegiados-informan-que-en-espana-tardariamos-600-anos-en-rehabilitar-energeticamente-nuestros-edificios","status":"publish","type":"post","link":"https:\/\/www.cafbl.cat\/es\/los-administradores-de-fincas-colegiados-informan-que-en-espana-tardariamos-600-anos-en-rehabilitar-energeticamente-nuestros-edificios\/","title":{"rendered":"Los Administradores de Fincas Colegiados informan que en Espa\u00f1a tardar\u00edamos 600 a\u00f1os en rehabilitar energ\u00e9ticamente nuestros edificios"},"content":{"rendered":"\t\t<div data-elementor-type=\"wp-post\" data-elementor-id=\"98663\" class=\"elementor elementor-98663 elementor-98655\" data-elementor-post-type=\"post\">\n\t\t\t\t<div class=\"elementor-element elementor-element-212abacb e-flex e-con-boxed wpr-particle-no wpr-jarallax-no wpr-parallax-no wpr-sticky-section-no e-con e-parent\" data-id=\"212abacb\" data-element_type=\"container\" data-e-type=\"container\">\n\t\t\t\t\t<div class=\"e-con-inner\">\n\t\t\t\t<div class=\"elementor-element elementor-element-5ee422db elementor-widget elementor-widget-text-editor\" data-id=\"5ee422db\" data-element_type=\"widget\" data-e-type=\"widget\" data-widget_type=\"text-editor.default\">\n\t\t\t\t<div class=\"elementor-widget-container\">\n\t\t\t\t\t\t\t\t\t<p><strong>Madrid, 8 de abril de 2025 <\/strong><\/p>\n<ul>\n<li><strong><em> En Espa\u00f1a se rehabilitan al a\u00f1o entre un 0,11% y un 0,15%, y en 2023 solo se han rehabilitado 30.000 viviendas.<\/em><\/strong><\/li>\n<li><strong><em> Con este ritmo de crecimiento anual, en 2030 se habr\u00edan rehabilitado en torno a 285.000 viviendas, muy lejos de las 1.200.000 viviendas previstas por el Ministerio de Vivienda y Agenda Urbana para 2030.<\/em><\/strong><\/li>\n<li><strong><em> Con el desarrollo de la rehabilitaci\u00f3n energ\u00e9tica se lograr\u00eda una reducci\u00f3n del consumo en un 50% de los edificios, con una revalorizaci\u00f3n del precio de los inmuebles de hasta un 20%.<\/em><\/strong><\/li>\n<\/ul>\n<p>El Consejo General de Colegios de Administradores de Fincas \u2013CGCAFE-, ha presentado un Informe sobre la situaci\u00f3n actual de la rehabilitaci\u00f3n energ\u00e9tica en nuestro pa\u00eds, informando que, a pesar del esfuerzo econ\u00f3mico realizado a trav\u00e9s de los <strong>Fondos Next Generation<\/strong>, el incremento del n\u00famero de viviendas que se rehabilitan cada a\u00f1o solo ha crecido un 10%, lo que supone que, en 2023, se han rehabilitado un total de <strong>30.000 viviendas<\/strong> en toda Espa\u00f1a.<\/p>\n<p>Si se consigue mantener este ritmo de crecimiento anual, en 2030 se habr\u00edan rehabilitado en torno a <strong>285.000 viviendas<\/strong> en nuestro pa\u00eds, lo que significar\u00eda que no se podr\u00eda cumplir con los objetivos establecidos por el Ministerio de Vivienda y Agenda Urbana -MIVAU- que se ha marcado como meta rehabilitar <strong>1.200.000 viviendas <\/strong>hasta 2030.<\/p>\n<p>El Informe que se ha presentado analiza esta situaci\u00f3n desde el punto de vista de los Administradores de Fincas colegiados, cuya posici\u00f3n, en el centro de todos los procesos de rehabilitaci\u00f3n, les permite un punto de vista global y en contacto directo con la realidad. Por ello<strong> proponen 33 medidas<\/strong> para que se consiga un mayor ritmo en la rehabilitaci\u00f3n energ\u00e9tica para poder cumplir con el objetivo europeo de la neutralidad de emisiones de los edificios para 2050. <\/p>\n<p><strong><u>Rehabilitaci\u00f3n energ\u00e9tica obligatoria<\/u><\/strong><\/p>\n<p>En Espa\u00f1a existen <strong>25,7 millones de viviendas<\/strong>, de las cu\u00e1les un 42,7% se construyeron antes de 1980 sin ning\u00fan tipo de aislamiento, y un 48,3% se edificaron antes de 2007, a\u00f1o en que no se hab\u00eda aprobado el C\u00f3digo de la Edificaci\u00f3n. De ellas, anualmente se rehabilita entre un<strong> 0,11% a 0,15%<\/strong>, por lo que a este ritmo <strong>se necesitar\u00edan m\u00e1s de 600 a\u00f1os para rehabilitar este parque inmobiliario.<\/strong> <\/p>\n<p>En palabras de <strong>Pablo Abascal,<\/strong> presidente del CGCAFE, \u201c<em>si logramos un mayor incremento de los edificios rehabilitados, estar\u00edamos hablando de una reducci\u00f3n del consumo en un 50% de los edificios, con una revalorizaci\u00f3n del precio de los inmuebles de hasta un 20%, adem\u00e1s de la mejora del conforte al reducir problemas de humedad y el aumento del bienestar t\u00e9rmico<\/em>\u201d.<\/p>\n<p><strong>Peio Mendia<\/strong>, tesorero del CGCAFE, destac\u00f3 que \u201c<em>la rehabilitaci\u00f3n energ\u00e9tica deber\u00eda de ser obligatoria en las comunidades de propietarios, as\u00ed como una mayor deducci\u00f3n y bonificaci\u00f3n en IRPF e IBI por mejora de eficiencia energ\u00e9tica, pero tambi\u00e9n estas deducciones deber\u00edan aplicarse en el IRPF sobre los rendimientos del alquiler, sin olvidarnos de la aplicaci\u00f3n del tipo reducido de IVA o la creaci\u00f3n de la cuenta ahorro energ\u00e9tico<\/em>\u201d. <\/p>\n<p><strong><u>Marco legal y ayudas sin cambios constantes<\/u><\/strong><\/p>\n<p>El CGCAFE considera que el proceso rehabilitador requiere de un <strong>marco legal <\/strong>y <strong>ayudas sin cambios constantes<\/strong>, adem\u00e1s de impulsar la definici\u00f3n profesional y formaci\u00f3n de nuevas figuras profesionales -agente rehabilitador o gestor de comunidades energ\u00e9ticas, entre otras-, y regular, a trav\u00e9s de una norma estatal, sus funciones.<\/p>\n<p>Por ello, <strong>Antonio Jaume<\/strong>, presidente del Colegio de Administradores de Fincas de Baleares, explic\u00f3 que una de las propuestas es<em>el establecimiento de la rehabilitaci\u00f3n energ\u00e9tica como una obligaci\u00f3n para las comunidades de propietarios, sin que se precise el acuerdo de la Junta de Propietarios para su ejecuci\u00f3n y cumplimiento. Tambi\u00e9n deber\u00eda ser obligatorio constituir un fondo obligatorio con fijaci\u00f3n de una cantidad m\u00ednima de aportaci\u00f3n\u201d. <\/em>\u201d.<\/p>\n<p><strong>Lorenzo Vi\u00f1as<\/strong>, presidente del Colegio de Administradores de Fincas de <strong>Barcelona-Lleida<\/strong>, incidi\u00f3 en la necesidad de reformar, en el sentido de las propuestas, el <strong>C\u00f3digo Civil Catal\u00e1n<\/strong>, adem\u00e1s de simplificar los tr\u00e1mites administrativos de la petici\u00f3n de las subvenciones, actualmente muy complejos. \u201c<em>Creaci\u00f3n de la ventanilla \u00fanica en los tr\u00e1mites administrativos, que debe tener el soporte de las oficinas de rehabilitaci\u00f3n gestionadas por los <\/em><strong><em>colegios profesionales<\/em><\/strong> <em>implicados en estos procesos: arquitectos, arquitectos t\u00e9cnicos y administradores de fincas, con el fin de favorecer la tramitaci\u00f3n de las ayudas<\/em>\u201d, explico Vi\u00f1as.<\/p>\n<p>Los administradores y administradoras de fincas colegiados tienen como objetivo trabajar en beneficio de la ciudadan\u00eda, y por su actividad profesional conocen, de primera mano, sus necesidades en materia de vivienda y rehabilitaci\u00f3n energ\u00e9tica, por lo que sus propuestas al Gobierno, a los Grupos Parlamentarios y a las distintas administraciones p\u00fablicas, se basan en un conocimiento profundo de los problemas de los vecinos\/as, y consideran que la aprobaci\u00f3n por el Gobierno de las medidas propuestas por el CGCAFE, repercutir\u00e1n muy favorablemente, no solo en evitar conflictos en las comunidades de propietarios, sino para anticiparnos a los problemas que surjan en las pr\u00f3ximas d\u00e9cadas.<\/p>\n\t\t\t\t\t\t\t\t<\/div>\n\t\t\t\t<\/div>\n\t\t\t\t\t<\/div>\n\t\t\t\t<\/div>\n\t\t\t\t<\/div>\n\t\t","protected":false},"excerpt":{"rendered":"<p>Madrid, 8 de abril de 2025 En Espa\u00f1a se rehabilitan al a\u00f1o entre un 0,11% y un 0,15%, y en 2023 solo se han rehabilitado 30.000 viviendas. Con este ritmo de crecimiento anual, en 2030 se habr\u00edan rehabilitado en torno a 285.000 viviendas, muy lejos de las 1.200.000 viviendas previstas por el Ministerio de Vivienda y Agenda Urbana para 2030. Con el desarrollo de la rehabilitaci\u00f3n energ\u00e9tica se lograr\u00eda una reducci\u00f3n del consumo en un 50% de los edificios, con una revalorizaci\u00f3n del precio de los inmuebles de hasta un 20%. El Consejo General de Colegios de Administradores de Fincas \u2013CGCAFE-, ha presentado un Informe sobre la situaci\u00f3n actual de la rehabilitaci\u00f3n energ\u00e9tica en nuestro pa\u00eds, informando que, a pesar del esfuerzo econ\u00f3mico realizado a trav\u00e9s de los Fondos Next Generation, el incremento del n\u00famero de viviendas que se rehabilitan cada a\u00f1o solo ha crecido un 10%, lo que supone que, en 2023, se han rehabilitado un total de 30.000 viviendas en toda Espa\u00f1a. Si se consigue mantener este ritmo de crecimiento anual, en 2030 se habr\u00edan rehabilitado en torno a 285.000 viviendas en nuestro pa\u00eds, lo que significar\u00eda que no se podr\u00eda cumplir con los objetivos establecidos por el Ministerio de Vivienda y Agenda Urbana -MIVAU- que se ha marcado como meta rehabilitar 1.200.000 viviendas hasta 2030. El Informe que se ha presentado analiza esta situaci\u00f3n desde el punto de vista de los Administradores de Fincas colegiados, cuya posici\u00f3n, en el centro de todos los procesos de rehabilitaci\u00f3n, les permite un punto de vista global y en contacto directo con la realidad. Por ello proponen 33 medidas para que se consiga un mayor ritmo en la rehabilitaci\u00f3n energ\u00e9tica para poder cumplir con el objetivo europeo de la neutralidad de emisiones de los edificios para 2050. Rehabilitaci\u00f3n energ\u00e9tica obligatoria En Espa\u00f1a existen 25,7 millones de viviendas, de las cu\u00e1les un 42,7% se construyeron antes de 1980 sin ning\u00fan tipo de aislamiento, y un 48,3% se edificaron antes de 2007, a\u00f1o en que no se hab\u00eda aprobado el C\u00f3digo de la Edificaci\u00f3n. De ellas, anualmente se rehabilita entre un 0,11% a 0,15%, por lo que a este ritmo se necesitar\u00edan m\u00e1s de 600 a\u00f1os para rehabilitar este parque inmobiliario. En palabras de Pablo Abascal, presidente del CGCAFE, \u201csi logramos un mayor incremento de los edificios rehabilitados, estar\u00edamos hablando de una reducci\u00f3n del consumo en un 50% de los edificios, con una revalorizaci\u00f3n del precio de los inmuebles de hasta un 20%, adem\u00e1s de la mejora del conforte al reducir problemas de humedad y el aumento del bienestar t\u00e9rmico\u201d. Peio Mendia, tesorero del CGCAFE, destac\u00f3 que \u201cla rehabilitaci\u00f3n energ\u00e9tica deber\u00eda de ser obligatoria en las comunidades de propietarios, as\u00ed como una mayor deducci\u00f3n y bonificaci\u00f3n en IRPF e IBI por mejora de eficiencia energ\u00e9tica, pero tambi\u00e9n estas deducciones deber\u00edan aplicarse en el IRPF sobre los rendimientos del alquiler, sin olvidarnos de la aplicaci\u00f3n del tipo reducido de IVA o la creaci\u00f3n de la cuenta ahorro energ\u00e9tico\u201d. Marco legal y ayudas sin cambios constantes El CGCAFE considera que el proceso rehabilitador requiere de un marco legal y ayudas sin cambios constantes, adem\u00e1s de impulsar la definici\u00f3n profesional y formaci\u00f3n de nuevas figuras profesionales -agente rehabilitador o gestor de comunidades energ\u00e9ticas, entre otras-, y regular, a trav\u00e9s de una norma estatal, sus funciones. Por ello, Antonio Jaume, presidente del Colegio de Administradores de Fincas de Baleares, explic\u00f3 que una de las propuestas esel establecimiento de la rehabilitaci\u00f3n energ\u00e9tica como una obligaci\u00f3n para las comunidades de propietarios, sin que se precise el acuerdo de la Junta de Propietarios para su ejecuci\u00f3n y cumplimiento. Tambi\u00e9n deber\u00eda ser obligatorio constituir un fondo obligatorio con fijaci\u00f3n de una cantidad m\u00ednima de aportaci\u00f3n\u201d. \u201d. Lorenzo Vi\u00f1as, presidente del Colegio de Administradores de Fincas de Barcelona-Lleida, incidi\u00f3 en la necesidad de reformar, en el sentido de las propuestas, el C\u00f3digo Civil Catal\u00e1n, adem\u00e1s de simplificar los tr\u00e1mites administrativos de la petici\u00f3n de las subvenciones, actualmente muy complejos. \u201cCreaci\u00f3n de la ventanilla \u00fanica en los tr\u00e1mites administrativos, que debe tener el soporte de las oficinas de rehabilitaci\u00f3n gestionadas por los colegios profesionales implicados en estos procesos: arquitectos, arquitectos t\u00e9cnicos y administradores de fincas, con el fin de favorecer la tramitaci\u00f3n de las ayudas\u201d, explico Vi\u00f1as. Los administradores y administradoras de fincas colegiados tienen como objetivo trabajar en beneficio de la ciudadan\u00eda, y por su actividad profesional conocen, de primera mano, sus necesidades en materia de vivienda y rehabilitaci\u00f3n energ\u00e9tica, por lo que sus propuestas al Gobierno, a los Grupos Parlamentarios y a las distintas administraciones p\u00fablicas, se basan en un conocimiento profundo de los problemas de los vecinos\/as, y consideran que la aprobaci\u00f3n por el Gobierno de las medidas propuestas por el CGCAFE, repercutir\u00e1n muy favorablemente, no solo en evitar conflictos en las comunidades de propietarios, sino para anticiparnos a los problemas que surjan en las pr\u00f3ximas d\u00e9cadas.<\/p>\n","protected":false},"author":1,"featured_media":77936,"comment_status":"closed","ping_status":"closed","sticky":false,"template":"","format":"standard","meta":{"_acf_changed":false,"site-sidebar-layout":"default","site-content-layout":"","ast-site-content-layout":"default","site-content-style":"default","site-sidebar-style":"default","ast-global-header-display":"","ast-banner-title-visibility":"","ast-main-header-display":"","ast-hfb-above-header-display":"","ast-hfb-below-header-display":"","ast-hfb-mobile-header-display":"","site-post-title":"","ast-breadcrumbs-content":"","ast-featured-img":"","footer-sml-layout":"","ast-disable-related-posts":"","theme-transparent-header-meta":"","adv-header-id-meta":"","stick-header-meta":"","header-above-stick-meta":"","header-main-stick-meta":"","header-below-stick-meta":"","astra-migrate-meta-layouts":"default","ast-page-background-enabled":"default","ast-page-background-meta":{"desktop":{"background-color":"var(--ast-global-color-4)","background-image":"","background-repeat":"repeat","background-position":"center center","background-size":"auto","background-attachment":"scroll","background-type":"","background-media":"","overlay-type":"","overlay-color":"","overlay-opacity":"","overlay-gradient":""},"tablet":{"background-color":"","background-image":"","background-repeat":"repeat","background-position":"center center","background-size":"auto","background-attachment":"scroll","background-type":"","background-media":"","overlay-type":"","overlay-color":"","overlay-opacity":"","overlay-gradient":""},"mobile":{"background-color":"","background-image":"","background-repeat":"repeat","background-position":"center center","background-size":"auto","background-attachment":"scroll","background-type":"","background-media":"","overlay-type":"","overlay-color":"","overlay-opacity":"","overlay-gradient":""}},"ast-content-background-meta":{"desktop":{"background-color":"var(--ast-global-color-5)","background-image":"","background-repeat":"repeat","background-position":"center center","background-size":"auto","background-attachment":"scroll","background-type":"","background-media":"","overlay-type":"","overlay-color":"","overlay-opacity":"","overlay-gradient":""},"tablet":{"background-color":"var(--ast-global-color-5)","background-image":"","background-repeat":"repeat","background-position":"center center","background-size":"auto","background-attachment":"scroll","background-type":"","background-media":"","overlay-type":"","overlay-color":"","overlay-opacity":"","overlay-gradient":""},"mobile":{"background-color":"var(--ast-global-color-5)","background-image":"","background-repeat":"repeat","background-position":"center center","background-size":"auto","background-attachment":"scroll","background-type":"","background-media":"","overlay-type":"","overlay-color":"","overlay-opacity":"","overlay-gradient":""}},"footnotes":""},"categories":[797,680,1276],"tags":[841],"class_list":["post-98663","post","type-post","status-publish","format-standard","has-post-thumbnail","hentry","category-colegio-profesion","category-notas-de-prensa","category-rehabilitacion-es","tag-rehabilitacion"],"acf":[],"yoast_head":"<!-- This site is optimized with the Yoast SEO plugin v27.5 - https:\/\/yoast.com\/product\/yoast-seo-wordpress\/ -->\n<title>Los Administradores de Fincas Colegiados informan que en Espa\u00f1a tardar\u00edamos 600 a\u00f1os en rehabilitar energ\u00e9ticamente nuestros edificios - Col\u00b7legi Administradors de Finques Barcelona Lleida<\/title>\n<meta name=\"description\" content=\"Canal oficial de not\u00edcies del CAFBL: Los Administradores de Fincas Colegiados informan que en Espa\u00f1a tardar\u00edamos 600 a\u00f1os en rehabilitar energ\u00e9ticamente nuestros edificios Notas de prensa\" \/>\n<meta name=\"robots\" content=\"index, follow, max-snippet:-1, max-image-preview:large, max-video-preview:-1\" \/>\n<link rel=\"canonical\" href=\"https:\/\/www.cafbl.cat\/es\/los-administradores-de-fincas-colegiados-informan-que-en-espana-tardariamos-600-anos-en-rehabilitar-energeticamente-nuestros-edificios\/\" \/>\n<meta property=\"og:locale\" content=\"es_ES\" \/>\n<meta property=\"og:type\" content=\"article\" \/>\n<meta property=\"og:title\" content=\"Los Administradores de Fincas Colegiados informan que en Espa\u00f1a tardar\u00edamos 600 a\u00f1os en rehabilitar energ\u00e9ticamente nuestros edificios - Col\u00b7legi Administradors de Finques Barcelona Lleida\" \/>\n<meta property=\"og:description\" content=\"Canal oficial de not\u00edcies del CAFBL: Los Administradores de Fincas Colegiados informan que en Espa\u00f1a tardar\u00edamos 600 a\u00f1os en rehabilitar energ\u00e9ticamente nuestros edificios Notas de prensa\" \/>\n<meta property=\"og:url\" content=\"https:\/\/www.cafbl.cat\/es\/los-administradores-de-fincas-colegiados-informan-que-en-espana-tardariamos-600-anos-en-rehabilitar-energeticamente-nuestros-edificios\/\" \/>\n<meta property=\"og:site_name\" content=\"Col\u00b7legi Administradors de Finques Barcelona Lleida\" \/>\n<meta property=\"article:published_time\" content=\"2025-04-08T09:04:08+00:00\" \/>\n<meta property=\"article:modified_time\" content=\"2025-04-16T09:17:24+00:00\" \/>\n<meta property=\"og:image\" content=\"https:\/\/www.cafbl.cat\/wp-content\/uploads\/2024\/12\/Premsa-CAFBL-1.png\" \/>\n\t<meta property=\"og:image:width\" content=\"1080\" \/>\n\t<meta property=\"og:image:height\" content=\"1080\" \/>\n\t<meta property=\"og:image:type\" content=\"image\/png\" \/>\n<meta name=\"author\" content=\"adminwpcafbl\" \/>\n<meta name=\"twitter:card\" content=\"summary_large_image\" \/>\n<meta name=\"twitter:creator\" content=\"@CAFbcn_lleida\" \/>\n<meta name=\"twitter:site\" content=\"@CAFbcn_lleida\" \/>\n<meta name=\"twitter:label1\" content=\"Escrito por\" \/>\n\t<meta name=\"twitter:data1\" content=\"adminwpcafbl\" \/>\n\t<meta name=\"twitter:label2\" content=\"Tiempo de lectura\" \/>\n\t<meta name=\"twitter:data2\" content=\"4 minutos\" \/>\n<script type=\"application\/ld+json\" class=\"yoast-schema-graph\">{\"@context\":\"https:\\\/\\\/schema.org\",\"@graph\":[{\"@type\":\"Article\",\"@id\":\"https:\\\/\\\/www.cafbl.cat\\\/es\\\/los-administradores-de-fincas-colegiados-informan-que-en-espana-tardariamos-600-anos-en-rehabilitar-energeticamente-nuestros-edificios\\\/#article\",\"isPartOf\":{\"@id\":\"https:\\\/\\\/www.cafbl.cat\\\/es\\\/los-administradores-de-fincas-colegiados-informan-que-en-espana-tardariamos-600-anos-en-rehabilitar-energeticamente-nuestros-edificios\\\/\"},\"author\":{\"name\":\"adminwpcafbl\",\"@id\":\"https:\\\/\\\/www.cafbl.cat\\\/es\\\/#\\\/schema\\\/person\\\/bfdd3486c3f782e0fd324b2d5a98ef47\"},\"headline\":\"Los Administradores de Fincas Colegiados informan que en Espa\u00f1a tardar\u00edamos 600 a\u00f1os en rehabilitar energ\u00e9ticamente nuestros edificios\",\"datePublished\":\"2025-04-08T09:04:08+00:00\",\"dateModified\":\"2025-04-16T09:17:24+00:00\",\"mainEntityOfPage\":{\"@id\":\"https:\\\/\\\/www.cafbl.cat\\\/es\\\/los-administradores-de-fincas-colegiados-informan-que-en-espana-tardariamos-600-anos-en-rehabilitar-energeticamente-nuestros-edificios\\\/\"},\"wordCount\":884,\"publisher\":{\"@id\":\"https:\\\/\\\/www.cafbl.cat\\\/es\\\/#organization\"},\"image\":{\"@id\":\"https:\\\/\\\/www.cafbl.cat\\\/es\\\/los-administradores-de-fincas-colegiados-informan-que-en-espana-tardariamos-600-anos-en-rehabilitar-energeticamente-nuestros-edificios\\\/#primaryimage\"},\"thumbnailUrl\":\"https:\\\/\\\/www.cafbl.cat\\\/wp-content\\\/uploads\\\/2024\\\/12\\\/Premsa-CAFBL-1.png\",\"keywords\":[\"Rehabilitaci\u00f3n\"],\"articleSection\":[\"Colegio\\\/Profesi\u00f3n\",\"Notas de prensa\",\"Rehabilitaci\u00f3n\"],\"inLanguage\":\"es\"},{\"@type\":\"WebPage\",\"@id\":\"https:\\\/\\\/www.cafbl.cat\\\/es\\\/los-administradores-de-fincas-colegiados-informan-que-en-espana-tardariamos-600-anos-en-rehabilitar-energeticamente-nuestros-edificios\\\/\",\"url\":\"https:\\\/\\\/www.cafbl.cat\\\/es\\\/los-administradores-de-fincas-colegiados-informan-que-en-espana-tardariamos-600-anos-en-rehabilitar-energeticamente-nuestros-edificios\\\/\",\"name\":\"Los Administradores de Fincas Colegiados informan que en Espa\u00f1a tardar\u00edamos 600 a\u00f1os en rehabilitar energ\u00e9ticamente nuestros edificios - Col\u00b7legi Administradors de Finques Barcelona Lleida\",\"isPartOf\":{\"@id\":\"https:\\\/\\\/www.cafbl.cat\\\/es\\\/#website\"},\"primaryImageOfPage\":{\"@id\":\"https:\\\/\\\/www.cafbl.cat\\\/es\\\/los-administradores-de-fincas-colegiados-informan-que-en-espana-tardariamos-600-anos-en-rehabilitar-energeticamente-nuestros-edificios\\\/#primaryimage\"},\"image\":{\"@id\":\"https:\\\/\\\/www.cafbl.cat\\\/es\\\/los-administradores-de-fincas-colegiados-informan-que-en-espana-tardariamos-600-anos-en-rehabilitar-energeticamente-nuestros-edificios\\\/#primaryimage\"},\"thumbnailUrl\":\"https:\\\/\\\/www.cafbl.cat\\\/wp-content\\\/uploads\\\/2024\\\/12\\\/Premsa-CAFBL-1.png\",\"datePublished\":\"2025-04-08T09:04:08+00:00\",\"dateModified\":\"2025-04-16T09:17:24+00:00\",\"description\":\"Canal oficial de not\u00edcies del CAFBL: Los Administradores de Fincas Colegiados informan que en Espa\u00f1a tardar\u00edamos 600 a\u00f1os en rehabilitar energ\u00e9ticamente nuestros edificios Notas de prensa\",\"breadcrumb\":{\"@id\":\"https:\\\/\\\/www.cafbl.cat\\\/es\\\/los-administradores-de-fincas-colegiados-informan-que-en-espana-tardariamos-600-anos-en-rehabilitar-energeticamente-nuestros-edificios\\\/#breadcrumb\"},\"inLanguage\":\"es\",\"potentialAction\":[{\"@type\":\"ReadAction\",\"target\":[\"https:\\\/\\\/www.cafbl.cat\\\/es\\\/los-administradores-de-fincas-colegiados-informan-que-en-espana-tardariamos-600-anos-en-rehabilitar-energeticamente-nuestros-edificios\\\/\"]}]},{\"@type\":\"ImageObject\",\"inLanguage\":\"es\",\"@id\":\"https:\\\/\\\/www.cafbl.cat\\\/es\\\/los-administradores-de-fincas-colegiados-informan-que-en-espana-tardariamos-600-anos-en-rehabilitar-energeticamente-nuestros-edificios\\\/#primaryimage\",\"url\":\"https:\\\/\\\/www.cafbl.cat\\\/wp-content\\\/uploads\\\/2024\\\/12\\\/Premsa-CAFBL-1.png\",\"contentUrl\":\"https:\\\/\\\/www.cafbl.cat\\\/wp-content\\\/uploads\\\/2024\\\/12\\\/Premsa-CAFBL-1.png\",\"width\":1080,\"height\":1080},{\"@type\":\"BreadcrumbList\",\"@id\":\"https:\\\/\\\/www.cafbl.cat\\\/es\\\/los-administradores-de-fincas-colegiados-informan-que-en-espana-tardariamos-600-anos-en-rehabilitar-energeticamente-nuestros-edificios\\\/#breadcrumb\",\"itemListElement\":[{\"@type\":\"ListItem\",\"position\":1,\"name\":\"Home\",\"item\":\"https:\\\/\\\/www.cafbl.cat\\\/es\\\/\"},{\"@type\":\"ListItem\",\"position\":2,\"name\":\"Los Administradores de Fincas Colegiados informan que en Espa\u00f1a tardar\u00edamos 600 a\u00f1os en rehabilitar energ\u00e9ticamente nuestros edificios\"}]},{\"@type\":\"WebSite\",\"@id\":\"https:\\\/\\\/www.cafbl.cat\\\/es\\\/#website\",\"url\":\"https:\\\/\\\/www.cafbl.cat\\\/es\\\/\",\"name\":\"Col\u00b7legi Administradors de Finques Barcelona Lleida\",\"description\":\"Web oficial del Col\u00b7legi Administradors de Finques Barcelona Lleida\",\"publisher\":{\"@id\":\"https:\\\/\\\/www.cafbl.cat\\\/es\\\/#organization\"},\"alternateName\":\"CAFBL - Col\u00b7legi Administradors de Finques Barcelona Lleida\",\"potentialAction\":[{\"@type\":\"SearchAction\",\"target\":{\"@type\":\"EntryPoint\",\"urlTemplate\":\"https:\\\/\\\/www.cafbl.cat\\\/es\\\/?s={search_term_string}\"},\"query-input\":{\"@type\":\"PropertyValueSpecification\",\"valueRequired\":true,\"valueName\":\"search_term_string\"}}],\"inLanguage\":\"es\"},{\"@type\":\"Organization\",\"@id\":\"https:\\\/\\\/www.cafbl.cat\\\/es\\\/#organization\",\"name\":\"Col\u00b7legi Administradors de Finques Barcelona Lleida\",\"alternateName\":\"CAFBL - Col\u00b7legi Administradors de Finques Barcelona Lleida\",\"url\":\"https:\\\/\\\/www.cafbl.cat\\\/es\\\/\",\"logo\":{\"@type\":\"ImageObject\",\"inLanguage\":\"es\",\"@id\":\"https:\\\/\\\/www.cafbl.cat\\\/es\\\/#\\\/schema\\\/logo\\\/image\\\/\",\"url\":\"https:\\\/\\\/www.cafbl.cat\\\/wp-content\\\/uploads\\\/2024\\\/07\\\/logo_cafbl.svg\",\"contentUrl\":\"https:\\\/\\\/www.cafbl.cat\\\/wp-content\\\/uploads\\\/2024\\\/07\\\/logo_cafbl.svg\",\"width\":471,\"height\":116,\"caption\":\"Col\u00b7legi Administradors de Finques Barcelona Lleida\"},\"image\":{\"@id\":\"https:\\\/\\\/www.cafbl.cat\\\/es\\\/#\\\/schema\\\/logo\\\/image\\\/\"},\"sameAs\":[\"https:\\\/\\\/x.com\\\/CAFbcn_lleida\",\"https:\\\/\\\/www.linkedin.com\\\/company\\\/administradors-finques-cafbl\",\"https:\\\/\\\/www.instagram.com\\\/administradors_finques_cafbl\\\/\"]},{\"@type\":\"Person\",\"@id\":\"https:\\\/\\\/www.cafbl.cat\\\/es\\\/#\\\/schema\\\/person\\\/bfdd3486c3f782e0fd324b2d5a98ef47\",\"name\":\"adminwpcafbl\",\"image\":{\"@type\":\"ImageObject\",\"inLanguage\":\"es\",\"@id\":\"https:\\\/\\\/secure.gravatar.com\\\/avatar\\\/b32455939fe3be4b8b0c3e83865545e13c95024ea445ea7e7e6774d5f0eebe28?s=96&d=mm&r=g\",\"url\":\"https:\\\/\\\/secure.gravatar.com\\\/avatar\\\/b32455939fe3be4b8b0c3e83865545e13c95024ea445ea7e7e6774d5f0eebe28?s=96&d=mm&r=g\",\"contentUrl\":\"https:\\\/\\\/secure.gravatar.com\\\/avatar\\\/b32455939fe3be4b8b0c3e83865545e13c95024ea445ea7e7e6774d5f0eebe28?s=96&d=mm&r=g\",\"caption\":\"adminwpcafbl\"},\"sameAs\":[\"http:\\\/\\\/cafbl.cat\"],\"url\":\"https:\\\/\\\/www.cafbl.cat\\\/es\\\/author\\\/adminwpcafbl\\\/\"}]}<\/script>\n<!-- \/ Yoast SEO plugin. -->","yoast_head_json":{"title":"Los Administradores de Fincas Colegiados informan que en Espa\u00f1a tardar\u00edamos 600 a\u00f1os en rehabilitar energ\u00e9ticamente nuestros edificios - Col\u00b7legi Administradors de Finques Barcelona Lleida","description":"Canal oficial de not\u00edcies del CAFBL: Los Administradores de Fincas Colegiados informan que en Espa\u00f1a tardar\u00edamos 600 a\u00f1os en rehabilitar energ\u00e9ticamente nuestros edificios Notas de prensa","robots":{"index":"index","follow":"follow","max-snippet":"max-snippet:-1","max-image-preview":"max-image-preview:large","max-video-preview":"max-video-preview:-1"},"canonical":"https:\/\/www.cafbl.cat\/es\/los-administradores-de-fincas-colegiados-informan-que-en-espana-tardariamos-600-anos-en-rehabilitar-energeticamente-nuestros-edificios\/","og_locale":"es_ES","og_type":"article","og_title":"Los Administradores de Fincas Colegiados informan que en Espa\u00f1a tardar\u00edamos 600 a\u00f1os en rehabilitar energ\u00e9ticamente nuestros edificios - Col\u00b7legi Administradors de Finques Barcelona Lleida","og_description":"Canal oficial de not\u00edcies del CAFBL: Los Administradores de Fincas Colegiados informan que en Espa\u00f1a tardar\u00edamos 600 a\u00f1os en rehabilitar energ\u00e9ticamente nuestros edificios Notas de prensa","og_url":"https:\/\/www.cafbl.cat\/es\/los-administradores-de-fincas-colegiados-informan-que-en-espana-tardariamos-600-anos-en-rehabilitar-energeticamente-nuestros-edificios\/","og_site_name":"Col\u00b7legi Administradors de Finques Barcelona Lleida","article_published_time":"2025-04-08T09:04:08+00:00","article_modified_time":"2025-04-16T09:17:24+00:00","og_image":[{"width":1080,"height":1080,"url":"https:\/\/www.cafbl.cat\/wp-content\/uploads\/2024\/12\/Premsa-CAFBL-1.png","type":"image\/png"}],"author":"adminwpcafbl","twitter_card":"summary_large_image","twitter_creator":"@CAFbcn_lleida","twitter_site":"@CAFbcn_lleida","twitter_misc":{"Escrito por":"adminwpcafbl","Tiempo de lectura":"4 minutos"},"schema":{"@context":"https:\/\/schema.org","@graph":[{"@type":"Article","@id":"https:\/\/www.cafbl.cat\/es\/los-administradores-de-fincas-colegiados-informan-que-en-espana-tardariamos-600-anos-en-rehabilitar-energeticamente-nuestros-edificios\/#article","isPartOf":{"@id":"https:\/\/www.cafbl.cat\/es\/los-administradores-de-fincas-colegiados-informan-que-en-espana-tardariamos-600-anos-en-rehabilitar-energeticamente-nuestros-edificios\/"},"author":{"name":"adminwpcafbl","@id":"https:\/\/www.cafbl.cat\/es\/#\/schema\/person\/bfdd3486c3f782e0fd324b2d5a98ef47"},"headline":"Los Administradores de Fincas Colegiados informan que en Espa\u00f1a tardar\u00edamos 600 a\u00f1os en rehabilitar energ\u00e9ticamente nuestros edificios","datePublished":"2025-04-08T09:04:08+00:00","dateModified":"2025-04-16T09:17:24+00:00","mainEntityOfPage":{"@id":"https:\/\/www.cafbl.cat\/es\/los-administradores-de-fincas-colegiados-informan-que-en-espana-tardariamos-600-anos-en-rehabilitar-energeticamente-nuestros-edificios\/"},"wordCount":884,"publisher":{"@id":"https:\/\/www.cafbl.cat\/es\/#organization"},"image":{"@id":"https:\/\/www.cafbl.cat\/es\/los-administradores-de-fincas-colegiados-informan-que-en-espana-tardariamos-600-anos-en-rehabilitar-energeticamente-nuestros-edificios\/#primaryimage"},"thumbnailUrl":"https:\/\/www.cafbl.cat\/wp-content\/uploads\/2024\/12\/Premsa-CAFBL-1.png","keywords":["Rehabilitaci\u00f3n"],"articleSection":["Colegio\/Profesi\u00f3n","Notas de prensa","Rehabilitaci\u00f3n"],"inLanguage":"es"},{"@type":"WebPage","@id":"https:\/\/www.cafbl.cat\/es\/los-administradores-de-fincas-colegiados-informan-que-en-espana-tardariamos-600-anos-en-rehabilitar-energeticamente-nuestros-edificios\/","url":"https:\/\/www.cafbl.cat\/es\/los-administradores-de-fincas-colegiados-informan-que-en-espana-tardariamos-600-anos-en-rehabilitar-energeticamente-nuestros-edificios\/","name":"Los Administradores de Fincas Colegiados informan que en Espa\u00f1a tardar\u00edamos 600 a\u00f1os en rehabilitar energ\u00e9ticamente nuestros edificios - Col\u00b7legi Administradors de Finques Barcelona Lleida","isPartOf":{"@id":"https:\/\/www.cafbl.cat\/es\/#website"},"primaryImageOfPage":{"@id":"https:\/\/www.cafbl.cat\/es\/los-administradores-de-fincas-colegiados-informan-que-en-espana-tardariamos-600-anos-en-rehabilitar-energeticamente-nuestros-edificios\/#primaryimage"},"image":{"@id":"https:\/\/www.cafbl.cat\/es\/los-administradores-de-fincas-colegiados-informan-que-en-espana-tardariamos-600-anos-en-rehabilitar-energeticamente-nuestros-edificios\/#primaryimage"},"thumbnailUrl":"https:\/\/www.cafbl.cat\/wp-content\/uploads\/2024\/12\/Premsa-CAFBL-1.png","datePublished":"2025-04-08T09:04:08+00:00","dateModified":"2025-04-16T09:17:24+00:00","description":"Canal oficial de not\u00edcies del CAFBL: Los Administradores de Fincas Colegiados informan que en Espa\u00f1a tardar\u00edamos 600 a\u00f1os en rehabilitar energ\u00e9ticamente nuestros edificios Notas de prensa","breadcrumb":{"@id":"https:\/\/www.cafbl.cat\/es\/los-administradores-de-fincas-colegiados-informan-que-en-espana-tardariamos-600-anos-en-rehabilitar-energeticamente-nuestros-edificios\/#breadcrumb"},"inLanguage":"es","potentialAction":[{"@type":"ReadAction","target":["https:\/\/www.cafbl.cat\/es\/los-administradores-de-fincas-colegiados-informan-que-en-espana-tardariamos-600-anos-en-rehabilitar-energeticamente-nuestros-edificios\/"]}]},{"@type":"ImageObject","inLanguage":"es","@id":"https:\/\/www.cafbl.cat\/es\/los-administradores-de-fincas-colegiados-informan-que-en-espana-tardariamos-600-anos-en-rehabilitar-energeticamente-nuestros-edificios\/#primaryimage","url":"https:\/\/www.cafbl.cat\/wp-content\/uploads\/2024\/12\/Premsa-CAFBL-1.png","contentUrl":"https:\/\/www.cafbl.cat\/wp-content\/uploads\/2024\/12\/Premsa-CAFBL-1.png","width":1080,"height":1080},{"@type":"BreadcrumbList","@id":"https:\/\/www.cafbl.cat\/es\/los-administradores-de-fincas-colegiados-informan-que-en-espana-tardariamos-600-anos-en-rehabilitar-energeticamente-nuestros-edificios\/#breadcrumb","itemListElement":[{"@type":"ListItem","position":1,"name":"Home","item":"https:\/\/www.cafbl.cat\/es\/"},{"@type":"ListItem","position":2,"name":"Los Administradores de Fincas Colegiados informan que en Espa\u00f1a tardar\u00edamos 600 a\u00f1os en rehabilitar energ\u00e9ticamente nuestros edificios"}]},{"@type":"WebSite","@id":"https:\/\/www.cafbl.cat\/es\/#website","url":"https:\/\/www.cafbl.cat\/es\/","name":"Col\u00b7legi Administradors de Finques Barcelona Lleida","description":"Web oficial del Col\u00b7legi Administradors de Finques Barcelona Lleida","publisher":{"@id":"https:\/\/www.cafbl.cat\/es\/#organization"},"alternateName":"CAFBL - Col\u00b7legi Administradors de Finques Barcelona Lleida","potentialAction":[{"@type":"SearchAction","target":{"@type":"EntryPoint","urlTemplate":"https:\/\/www.cafbl.cat\/es\/?s={search_term_string}"},"query-input":{"@type":"PropertyValueSpecification","valueRequired":true,"valueName":"search_term_string"}}],"inLanguage":"es"},{"@type":"Organization","@id":"https:\/\/www.cafbl.cat\/es\/#organization","name":"Col\u00b7legi Administradors de Finques Barcelona Lleida","alternateName":"CAFBL - Col\u00b7legi Administradors de Finques Barcelona Lleida","url":"https:\/\/www.cafbl.cat\/es\/","logo":{"@type":"ImageObject","inLanguage":"es","@id":"https:\/\/www.cafbl.cat\/es\/#\/schema\/logo\/image\/","url":"https:\/\/www.cafbl.cat\/wp-content\/uploads\/2024\/07\/logo_cafbl.svg","contentUrl":"https:\/\/www.cafbl.cat\/wp-content\/uploads\/2024\/07\/logo_cafbl.svg","width":471,"height":116,"caption":"Col\u00b7legi Administradors de Finques Barcelona Lleida"},"image":{"@id":"https:\/\/www.cafbl.cat\/es\/#\/schema\/logo\/image\/"},"sameAs":["https:\/\/x.com\/CAFbcn_lleida","https:\/\/www.linkedin.com\/company\/administradors-finques-cafbl","https:\/\/www.instagram.com\/administradors_finques_cafbl\/"]},{"@type":"Person","@id":"https:\/\/www.cafbl.cat\/es\/#\/schema\/person\/bfdd3486c3f782e0fd324b2d5a98ef47","name":"adminwpcafbl","image":{"@type":"ImageObject","inLanguage":"es","@id":"https:\/\/secure.gravatar.com\/avatar\/b32455939fe3be4b8b0c3e83865545e13c95024ea445ea7e7e6774d5f0eebe28?s=96&d=mm&r=g","url":"https:\/\/secure.gravatar.com\/avatar\/b32455939fe3be4b8b0c3e83865545e13c95024ea445ea7e7e6774d5f0eebe28?s=96&d=mm&r=g","contentUrl":"https:\/\/secure.gravatar.com\/avatar\/b32455939fe3be4b8b0c3e83865545e13c95024ea445ea7e7e6774d5f0eebe28?s=96&d=mm&r=g","caption":"adminwpcafbl"},"sameAs":["http:\/\/cafbl.cat"],"url":"https:\/\/www.cafbl.cat\/es\/author\/adminwpcafbl\/"}]}},"_links":{"self":[{"href":"https:\/\/www.cafbl.cat\/es\/wp-json\/wp\/v2\/posts\/98663","targetHints":{"allow":["GET"]}}],"collection":[{"href":"https:\/\/www.cafbl.cat\/es\/wp-json\/wp\/v2\/posts"}],"about":[{"href":"https:\/\/www.cafbl.cat\/es\/wp-json\/wp\/v2\/types\/post"}],"author":[{"embeddable":true,"href":"https:\/\/www.cafbl.cat\/es\/wp-json\/wp\/v2\/users\/1"}],"replies":[{"embeddable":true,"href":"https:\/\/www.cafbl.cat\/es\/wp-json\/wp\/v2\/comments?post=98663"}],"version-history":[{"count":0,"href":"https:\/\/www.cafbl.cat\/es\/wp-json\/wp\/v2\/posts\/98663\/revisions"}],"wp:featuredmedia":[{"embeddable":true,"href":"https:\/\/www.cafbl.cat\/es\/wp-json\/wp\/v2\/media\/77936"}],"wp:attachment":[{"href":"https:\/\/www.cafbl.cat\/es\/wp-json\/wp\/v2\/media?parent=98663"}],"wp:term":[{"taxonomy":"category","embeddable":true,"href":"https:\/\/www.cafbl.cat\/es\/wp-json\/wp\/v2\/categories?post=98663"},{"taxonomy":"post_tag","embeddable":true,"href":"https:\/\/www.cafbl.cat\/es\/wp-json\/wp\/v2\/tags?post=98663"}],"curies":[{"name":"wp","href":"https:\/\/api.w.org\/{rel}","templated":true}]}}