{"id":98683,"date":"2025-04-10T10:35:48","date_gmt":"2025-04-10T09:35:48","guid":{"rendered":"https:\/\/www.cafbl.cat\/foment-y-las-principales-organizaciones-del-sector-inmobiliario-alertan-sobre-el-grave-impacto-que-tendria-aplicar-controles-de-precio-a-los-alquileres-temporales-en-cataluna\/"},"modified":"2025-04-16T10:56:40","modified_gmt":"2025-04-16T09:56:40","slug":"foment-y-las-principales-organizaciones-del-sector-inmobiliario-alertan-sobre-el-grave-impacto-que-tendria-aplicar-controles-de-precio-a-los-alquileres-temporales-en-cataluna","status":"publish","type":"post","link":"https:\/\/www.cafbl.cat\/es\/foment-y-las-principales-organizaciones-del-sector-inmobiliario-alertan-sobre-el-grave-impacto-que-tendria-aplicar-controles-de-precio-a-los-alquileres-temporales-en-cataluna\/","title":{"rendered":"Foment y las principales organizaciones del sector inmobiliario alertan sobre el grave impacto que tendr\u00eda aplicar controles de precio a los alquileres temporales en Catalu\u00f1a"},"content":{"rendered":"\t\t<div data-elementor-type=\"wp-post\" data-elementor-id=\"98683\" class=\"elementor elementor-98683 elementor-98675\" data-elementor-post-type=\"post\">\n\t\t\t\t<div class=\"elementor-element elementor-element-212abacb e-flex e-con-boxed wpr-particle-no wpr-jarallax-no wpr-parallax-no wpr-sticky-section-no e-con e-parent\" data-id=\"212abacb\" data-element_type=\"container\" data-e-type=\"container\">\n\t\t\t\t\t<div class=\"e-con-inner\">\n\t\t\t\t<div class=\"elementor-element elementor-element-5ee422db elementor-widget elementor-widget-text-editor\" data-id=\"5ee422db\" data-element_type=\"widget\" data-e-type=\"widget\" data-widget_type=\"text-editor.default\">\n\t\t\t\t<div class=\"elementor-widget-container\">\n\t\t\t\t\t\t\t\t\t<p><strong>Barcelona, 10 de abril de 2025 <\/strong><\/p>\n<p>Foment del Treball, la Asociaci\u00f3n de Promotores de Catalu\u00f1a (APCE), la Asociaci\u00f3n de Propietarios de Viviendas en Alquiler (ASVAL), la Asociaci\u00f3n de Agentes Inmobiliarios de Catalu\u00f1a (AIC), el Colegio de Administradores de Fincas de Barcelona-Lleida (CAFBL), el Colegio Oficial de Agentes de la Propiedad Inmobiliaria de Barcelona (COAPI) y la C\u00e1mara de la Propiedad Urbana de Barcelona expresan su <strong>preocupaci\u00f3n <\/strong>ante el anuncio de extender el<strong> control de renta<\/strong>s a los <strong>contratos de alquiler de corta y media estancia<\/strong>. Esta medida, de llevarse a cabo, <strong>supondr\u00eda una grave distorsi\u00f3n del marco jur\u00eddico actual y afectar\u00eda negativamente a un segmento del mercado<\/strong> que es esencial para la movilidad, laboral, acad\u00e9mica y social en Catalu\u00f1a. <\/p>\n<p>Los <strong>arrendamientos temporales<\/strong> -generalmente regulados bajo la Ley de Arrendamientos Urbanos (LAU) como contratos de uso diferente de vivienda- responden a causas objetivas y finalidades muy concretas: alojar temporalmente a profesionales desplazados, estudiantes, investigadores, personas en transici\u00f3n residencial o en movilidad internacional. Este tipo de alquileres, que habitualmente no superan los 12 meses de duraci\u00f3n, no constituyen una alternativa a la vivienda habitual, sino un <strong>complemento imprescindible para una sociedad din\u00e1mica y abierta.<\/strong> <\/p>\n<p>Extender el control de precios a este tipo de contratos supondr\u00eda una extralimitaci\u00f3n jur\u00eddica y una<strong> decisi\u00f3n contraproducente<\/strong> desde el punto de vista econ\u00f3mico y social. En el art\u00edculo 17 de la LAU se establece claramente que las limitaciones al precio de alquiler s\u00f3lo pueden aplicarse a los contratos de vivienda habitual. Aplicarles el mismo tratamiento legal no s\u00f3lo generar\u00eda <strong>inseguridad jur\u00eddica<\/strong>, sino que comprometer\u00eda la existencia misma de este tipo de oferta en Catalu\u00f1a.  <\/p>\n<p>Las entidades firmantes de este comunicado cargan duramente contra los acuerdos tomados entre el Gobierno de la Generalitat y grupos parlamentarios en los \u00faltimos meses (DL 2\/2025 que se tramitar\u00e1 como proyecto de ley, el DL 5\/2025 que incrementa el ITP y el AJD), ya que s\u00f3lo responden a la aritm\u00e9tica pol\u00edtica y no a solucionar el <strong><u>problema de la vivienda, que es la falta de oferta de vivienda de toda tipolog\u00eda,<\/u><\/strong> tanto de venta como en alquiler.<\/p>\n<p>Los representantes del sector denuncian la sobrerregulaci\u00f3n y la falta de seguridad jur\u00eddica que sufren los operadores en Catalu\u00f1a y r<strong>eclaman que se deje de legislar \u00abde espaldas al sector\u00bb y adopten pol\u00edticas de vivienda realmente efectivas<\/strong>, que incentiven el incremento de la oferta de vivienda en lugar de penalizar al sector que tiene la capacidad productiva para proveer las viviendas que Catalu\u00f1a necesita.<\/p>\n\t\t\t\t\t\t\t\t<\/div>\n\t\t\t\t<\/div>\n\t\t\t\t\t<\/div>\n\t\t\t\t<\/div>\n\t\t\t\t<\/div>\n\t\t","protected":false},"excerpt":{"rendered":"<p>Barcelona, 10 de abril de 2025 Foment del Treball, la Asociaci\u00f3n de Promotores de Catalu\u00f1a (APCE), la Asociaci\u00f3n de Propietarios de Viviendas en Alquiler (ASVAL), la Asociaci\u00f3n de Agentes Inmobiliarios de Catalu\u00f1a (AIC), el Colegio de Administradores de Fincas de Barcelona-Lleida (CAFBL), el Colegio Oficial de Agentes de la Propiedad Inmobiliaria de Barcelona (COAPI) y la C\u00e1mara de la Propiedad Urbana de Barcelona expresan su preocupaci\u00f3n ante el anuncio de extender el control de rentas a los contratos de alquiler de corta y media estancia. Esta medida, de llevarse a cabo, supondr\u00eda una grave distorsi\u00f3n del marco jur\u00eddico actual y afectar\u00eda negativamente a un segmento del mercado que es esencial para la movilidad, laboral, acad\u00e9mica y social en Catalu\u00f1a. Los arrendamientos temporales -generalmente regulados bajo la Ley de Arrendamientos Urbanos (LAU) como contratos de uso diferente de vivienda- responden a causas objetivas y finalidades muy concretas: alojar temporalmente a profesionales desplazados, estudiantes, investigadores, personas en transici\u00f3n residencial o en movilidad internacional. Este tipo de alquileres, que habitualmente no superan los 12 meses de duraci\u00f3n, no constituyen una alternativa a la vivienda habitual, sino un complemento imprescindible para una sociedad din\u00e1mica y abierta. Extender el control de precios a este tipo de contratos supondr\u00eda una extralimitaci\u00f3n jur\u00eddica y una decisi\u00f3n contraproducente desde el punto de vista econ\u00f3mico y social. En el art\u00edculo 17 de la LAU se establece claramente que las limitaciones al precio de alquiler s\u00f3lo pueden aplicarse a los contratos de vivienda habitual. Aplicarles el mismo tratamiento legal no s\u00f3lo generar\u00eda inseguridad jur\u00eddica, sino que comprometer\u00eda la existencia misma de este tipo de oferta en Catalu\u00f1a. Las entidades firmantes de este comunicado cargan duramente contra los acuerdos tomados entre el Gobierno de la Generalitat y grupos parlamentarios en los \u00faltimos meses (DL 2\/2025 que se tramitar\u00e1 como proyecto de ley, el DL 5\/2025 que incrementa el ITP y el AJD), ya que s\u00f3lo responden a la aritm\u00e9tica pol\u00edtica y no a solucionar el problema de la vivienda, que es la falta de oferta de vivienda de toda tipolog\u00eda, tanto de venta como en alquiler. Los representantes del sector denuncian la sobrerregulaci\u00f3n y la falta de seguridad jur\u00eddica que sufren los operadores en Catalu\u00f1a y reclaman que se deje de legislar \u00abde espaldas al sector\u00bb y adopten pol\u00edticas de vivienda realmente efectivas, que incentiven el incremento de la oferta de vivienda en lugar de penalizar al sector que tiene la capacidad productiva para proveer las viviendas que Catalu\u00f1a necesita.<\/p>\n","protected":false},"author":1,"featured_media":77936,"comment_status":"closed","ping_status":"closed","sticky":false,"template":"","format":"standard","meta":{"_acf_changed":false,"site-sidebar-layout":"default","site-content-layout":"","ast-site-content-layout":"default","site-content-style":"default","site-sidebar-style":"default","ast-global-header-display":"","ast-banner-title-visibility":"","ast-main-header-display":"","ast-hfb-above-header-display":"","ast-hfb-below-header-display":"","ast-hfb-mobile-header-display":"","site-post-title":"","ast-breadcrumbs-content":"","ast-featured-img":"","footer-sml-layout":"","ast-disable-related-posts":"","theme-transparent-header-meta":"","adv-header-id-meta":"","stick-header-meta":"","header-above-stick-meta":"","header-main-stick-meta":"","header-below-stick-meta":"","astra-migrate-meta-layouts":"default","ast-page-background-enabled":"default","ast-page-background-meta":{"desktop":{"background-color":"var(--ast-global-color-4)","background-image":"","background-repeat":"repeat","background-position":"center center","background-size":"auto","background-attachment":"scroll","background-type":"","background-media":"","overlay-type":"","overlay-color":"","overlay-opacity":"","overlay-gradient":""},"tablet":{"background-color":"","background-image":"","background-repeat":"repeat","background-position":"center center","background-size":"auto","background-attachment":"scroll","background-type":"","background-media":"","overlay-type":"","overlay-color":"","overlay-opacity":"","overlay-gradient":""},"mobile":{"background-color":"","background-image":"","background-repeat":"repeat","background-position":"center center","background-size":"auto","background-attachment":"scroll","background-type":"","background-media":"","overlay-type":"","overlay-color":"","overlay-opacity":"","overlay-gradient":""}},"ast-content-background-meta":{"desktop":{"background-color":"var(--ast-global-color-5)","background-image":"","background-repeat":"repeat","background-position":"center center","background-size":"auto","background-attachment":"scroll","background-type":"","background-media":"","overlay-type":"","overlay-color":"","overlay-opacity":"","overlay-gradient":""},"tablet":{"background-color":"var(--ast-global-color-5)","background-image":"","background-repeat":"repeat","background-position":"center center","background-size":"auto","background-attachment":"scroll","background-type":"","background-media":"","overlay-type":"","overlay-color":"","overlay-opacity":"","overlay-gradient":""},"mobile":{"background-color":"var(--ast-global-color-5)","background-image":"","background-repeat":"repeat","background-position":"center center","background-size":"auto","background-attachment":"scroll","background-type":"","background-media":"","overlay-type":"","overlay-color":"","overlay-opacity":"","overlay-gradient":""}},"footnotes":""},"categories":[771,680],"tags":[],"class_list":["post-98683","post","type-post","status-publish","format-standard","has-post-thumbnail","hentry","category-normativa-y-legislacion-es","category-notas-de-prensa"],"acf":[],"yoast_head":"<!-- This site is optimized with the Yoast SEO plugin v27.5 - https:\/\/yoast.com\/product\/yoast-seo-wordpress\/ -->\n<title>Foment y las principales organizaciones del sector inmobiliario alertan sobre el grave impacto que tendr\u00eda aplicar controles de precio a los alquileres temporales en Catalu\u00f1a - Col\u00b7legi Administradors de Finques Barcelona Lleida<\/title>\n<meta name=\"description\" content=\"Canal oficial de not\u00edcies del CAFBL: Foment y las principales organizaciones del sector inmobiliario alertan sobre el grave impacto que tendr\u00eda aplicar controles de precio a los alquileres temporales en Catalu\u00f1a Notas de prensa\" \/>\n<meta name=\"robots\" content=\"index, follow, max-snippet:-1, max-image-preview:large, max-video-preview:-1\" \/>\n<link rel=\"canonical\" href=\"https:\/\/www.cafbl.cat\/es\/foment-y-las-principales-organizaciones-del-sector-inmobiliario-alertan-sobre-el-grave-impacto-que-tendria-aplicar-controles-de-precio-a-los-alquileres-temporales-en-cataluna\/\" \/>\n<meta property=\"og:locale\" content=\"es_ES\" \/>\n<meta property=\"og:type\" content=\"article\" \/>\n<meta property=\"og:title\" content=\"Foment y las principales organizaciones del sector inmobiliario alertan sobre el grave impacto que tendr\u00eda aplicar controles de precio a los alquileres temporales en Catalu\u00f1a - Col\u00b7legi Administradors de Finques Barcelona Lleida\" \/>\n<meta property=\"og:description\" content=\"Canal oficial de not\u00edcies del CAFBL: Foment y las principales organizaciones del sector inmobiliario alertan sobre el grave impacto que tendr\u00eda aplicar controles de precio a los alquileres temporales en Catalu\u00f1a Notas de prensa\" \/>\n<meta property=\"og:url\" content=\"https:\/\/www.cafbl.cat\/es\/foment-y-las-principales-organizaciones-del-sector-inmobiliario-alertan-sobre-el-grave-impacto-que-tendria-aplicar-controles-de-precio-a-los-alquileres-temporales-en-cataluna\/\" \/>\n<meta property=\"og:site_name\" content=\"Col\u00b7legi Administradors de Finques Barcelona Lleida\" \/>\n<meta property=\"article:published_time\" content=\"2025-04-10T09:35:48+00:00\" \/>\n<meta property=\"article:modified_time\" content=\"2025-04-16T09:56:40+00:00\" \/>\n<meta property=\"og:image\" content=\"https:\/\/www.cafbl.cat\/wp-content\/uploads\/2024\/12\/Premsa-CAFBL-1.png\" \/>\n\t<meta property=\"og:image:width\" content=\"1080\" \/>\n\t<meta property=\"og:image:height\" content=\"1080\" \/>\n\t<meta property=\"og:image:type\" content=\"image\/png\" \/>\n<meta name=\"author\" content=\"adminwpcafbl\" \/>\n<meta name=\"twitter:card\" content=\"summary_large_image\" \/>\n<meta name=\"twitter:creator\" content=\"@CAFbcn_lleida\" \/>\n<meta name=\"twitter:site\" content=\"@CAFbcn_lleida\" \/>\n<meta name=\"twitter:label1\" content=\"Escrito por\" \/>\n\t<meta name=\"twitter:data1\" content=\"adminwpcafbl\" \/>\n\t<meta name=\"twitter:label2\" content=\"Tiempo de lectura\" \/>\n\t<meta name=\"twitter:data2\" content=\"2 minutos\" \/>\n<script type=\"application\/ld+json\" class=\"yoast-schema-graph\">{\"@context\":\"https:\\\/\\\/schema.org\",\"@graph\":[{\"@type\":\"Article\",\"@id\":\"https:\\\/\\\/www.cafbl.cat\\\/es\\\/foment-y-las-principales-organizaciones-del-sector-inmobiliario-alertan-sobre-el-grave-impacto-que-tendria-aplicar-controles-de-precio-a-los-alquileres-temporales-en-cataluna\\\/#article\",\"isPartOf\":{\"@id\":\"https:\\\/\\\/www.cafbl.cat\\\/es\\\/foment-y-las-principales-organizaciones-del-sector-inmobiliario-alertan-sobre-el-grave-impacto-que-tendria-aplicar-controles-de-precio-a-los-alquileres-temporales-en-cataluna\\\/\"},\"author\":{\"name\":\"adminwpcafbl\",\"@id\":\"https:\\\/\\\/www.cafbl.cat\\\/es\\\/#\\\/schema\\\/person\\\/bfdd3486c3f782e0fd324b2d5a98ef47\"},\"headline\":\"Foment y las principales organizaciones del sector inmobiliario alertan sobre el grave impacto que tendr\u00eda aplicar controles de precio a los alquileres temporales en Catalu\u00f1a\",\"datePublished\":\"2025-04-10T09:35:48+00:00\",\"dateModified\":\"2025-04-16T09:56:40+00:00\",\"mainEntityOfPage\":{\"@id\":\"https:\\\/\\\/www.cafbl.cat\\\/es\\\/foment-y-las-principales-organizaciones-del-sector-inmobiliario-alertan-sobre-el-grave-impacto-que-tendria-aplicar-controles-de-precio-a-los-alquileres-temporales-en-cataluna\\\/\"},\"wordCount\":467,\"publisher\":{\"@id\":\"https:\\\/\\\/www.cafbl.cat\\\/es\\\/#organization\"},\"image\":{\"@id\":\"https:\\\/\\\/www.cafbl.cat\\\/es\\\/foment-y-las-principales-organizaciones-del-sector-inmobiliario-alertan-sobre-el-grave-impacto-que-tendria-aplicar-controles-de-precio-a-los-alquileres-temporales-en-cataluna\\\/#primaryimage\"},\"thumbnailUrl\":\"https:\\\/\\\/www.cafbl.cat\\\/wp-content\\\/uploads\\\/2024\\\/12\\\/Premsa-CAFBL-1.png\",\"articleSection\":[\"Normativa y Legislaci\u00f3n\",\"Notas de prensa\"],\"inLanguage\":\"es\"},{\"@type\":\"WebPage\",\"@id\":\"https:\\\/\\\/www.cafbl.cat\\\/es\\\/foment-y-las-principales-organizaciones-del-sector-inmobiliario-alertan-sobre-el-grave-impacto-que-tendria-aplicar-controles-de-precio-a-los-alquileres-temporales-en-cataluna\\\/\",\"url\":\"https:\\\/\\\/www.cafbl.cat\\\/es\\\/foment-y-las-principales-organizaciones-del-sector-inmobiliario-alertan-sobre-el-grave-impacto-que-tendria-aplicar-controles-de-precio-a-los-alquileres-temporales-en-cataluna\\\/\",\"name\":\"Foment y las principales organizaciones del sector inmobiliario alertan sobre el grave impacto que tendr\u00eda aplicar controles de precio a los alquileres temporales en Catalu\u00f1a - Col\u00b7legi Administradors de Finques Barcelona Lleida\",\"isPartOf\":{\"@id\":\"https:\\\/\\\/www.cafbl.cat\\\/es\\\/#website\"},\"primaryImageOfPage\":{\"@id\":\"https:\\\/\\\/www.cafbl.cat\\\/es\\\/foment-y-las-principales-organizaciones-del-sector-inmobiliario-alertan-sobre-el-grave-impacto-que-tendria-aplicar-controles-de-precio-a-los-alquileres-temporales-en-cataluna\\\/#primaryimage\"},\"image\":{\"@id\":\"https:\\\/\\\/www.cafbl.cat\\\/es\\\/foment-y-las-principales-organizaciones-del-sector-inmobiliario-alertan-sobre-el-grave-impacto-que-tendria-aplicar-controles-de-precio-a-los-alquileres-temporales-en-cataluna\\\/#primaryimage\"},\"thumbnailUrl\":\"https:\\\/\\\/www.cafbl.cat\\\/wp-content\\\/uploads\\\/2024\\\/12\\\/Premsa-CAFBL-1.png\",\"datePublished\":\"2025-04-10T09:35:48+00:00\",\"dateModified\":\"2025-04-16T09:56:40+00:00\",\"description\":\"Canal oficial de not\u00edcies del CAFBL: Foment y las principales organizaciones del sector inmobiliario alertan sobre el grave impacto que tendr\u00eda aplicar controles de precio a los alquileres temporales en Catalu\u00f1a Notas de prensa\",\"breadcrumb\":{\"@id\":\"https:\\\/\\\/www.cafbl.cat\\\/es\\\/foment-y-las-principales-organizaciones-del-sector-inmobiliario-alertan-sobre-el-grave-impacto-que-tendria-aplicar-controles-de-precio-a-los-alquileres-temporales-en-cataluna\\\/#breadcrumb\"},\"inLanguage\":\"es\",\"potentialAction\":[{\"@type\":\"ReadAction\",\"target\":[\"https:\\\/\\\/www.cafbl.cat\\\/es\\\/foment-y-las-principales-organizaciones-del-sector-inmobiliario-alertan-sobre-el-grave-impacto-que-tendria-aplicar-controles-de-precio-a-los-alquileres-temporales-en-cataluna\\\/\"]}]},{\"@type\":\"ImageObject\",\"inLanguage\":\"es\",\"@id\":\"https:\\\/\\\/www.cafbl.cat\\\/es\\\/foment-y-las-principales-organizaciones-del-sector-inmobiliario-alertan-sobre-el-grave-impacto-que-tendria-aplicar-controles-de-precio-a-los-alquileres-temporales-en-cataluna\\\/#primaryimage\",\"url\":\"https:\\\/\\\/www.cafbl.cat\\\/wp-content\\\/uploads\\\/2024\\\/12\\\/Premsa-CAFBL-1.png\",\"contentUrl\":\"https:\\\/\\\/www.cafbl.cat\\\/wp-content\\\/uploads\\\/2024\\\/12\\\/Premsa-CAFBL-1.png\",\"width\":1080,\"height\":1080},{\"@type\":\"BreadcrumbList\",\"@id\":\"https:\\\/\\\/www.cafbl.cat\\\/es\\\/foment-y-las-principales-organizaciones-del-sector-inmobiliario-alertan-sobre-el-grave-impacto-que-tendria-aplicar-controles-de-precio-a-los-alquileres-temporales-en-cataluna\\\/#breadcrumb\",\"itemListElement\":[{\"@type\":\"ListItem\",\"position\":1,\"name\":\"Home\",\"item\":\"https:\\\/\\\/www.cafbl.cat\\\/es\\\/\"},{\"@type\":\"ListItem\",\"position\":2,\"name\":\"Foment y las principales organizaciones del sector inmobiliario alertan sobre el grave impacto que tendr\u00eda aplicar controles de precio a los alquileres temporales en Catalu\u00f1a\"}]},{\"@type\":\"WebSite\",\"@id\":\"https:\\\/\\\/www.cafbl.cat\\\/es\\\/#website\",\"url\":\"https:\\\/\\\/www.cafbl.cat\\\/es\\\/\",\"name\":\"Col\u00b7legi Administradors de Finques Barcelona Lleida\",\"description\":\"Web oficial del Col\u00b7legi Administradors de Finques Barcelona Lleida\",\"publisher\":{\"@id\":\"https:\\\/\\\/www.cafbl.cat\\\/es\\\/#organization\"},\"alternateName\":\"CAFBL - Col\u00b7legi Administradors de Finques Barcelona Lleida\",\"potentialAction\":[{\"@type\":\"SearchAction\",\"target\":{\"@type\":\"EntryPoint\",\"urlTemplate\":\"https:\\\/\\\/www.cafbl.cat\\\/es\\\/?s={search_term_string}\"},\"query-input\":{\"@type\":\"PropertyValueSpecification\",\"valueRequired\":true,\"valueName\":\"search_term_string\"}}],\"inLanguage\":\"es\"},{\"@type\":\"Organization\",\"@id\":\"https:\\\/\\\/www.cafbl.cat\\\/es\\\/#organization\",\"name\":\"Col\u00b7legi Administradors de Finques Barcelona Lleida\",\"alternateName\":\"CAFBL - Col\u00b7legi Administradors de Finques Barcelona Lleida\",\"url\":\"https:\\\/\\\/www.cafbl.cat\\\/es\\\/\",\"logo\":{\"@type\":\"ImageObject\",\"inLanguage\":\"es\",\"@id\":\"https:\\\/\\\/www.cafbl.cat\\\/es\\\/#\\\/schema\\\/logo\\\/image\\\/\",\"url\":\"https:\\\/\\\/www.cafbl.cat\\\/wp-content\\\/uploads\\\/2024\\\/07\\\/logo_cafbl.svg\",\"contentUrl\":\"https:\\\/\\\/www.cafbl.cat\\\/wp-content\\\/uploads\\\/2024\\\/07\\\/logo_cafbl.svg\",\"width\":471,\"height\":116,\"caption\":\"Col\u00b7legi Administradors de Finques Barcelona Lleida\"},\"image\":{\"@id\":\"https:\\\/\\\/www.cafbl.cat\\\/es\\\/#\\\/schema\\\/logo\\\/image\\\/\"},\"sameAs\":[\"https:\\\/\\\/x.com\\\/CAFbcn_lleida\",\"https:\\\/\\\/www.linkedin.com\\\/company\\\/administradors-finques-cafbl\",\"https:\\\/\\\/www.instagram.com\\\/administradors_finques_cafbl\\\/\"]},{\"@type\":\"Person\",\"@id\":\"https:\\\/\\\/www.cafbl.cat\\\/es\\\/#\\\/schema\\\/person\\\/bfdd3486c3f782e0fd324b2d5a98ef47\",\"name\":\"adminwpcafbl\",\"image\":{\"@type\":\"ImageObject\",\"inLanguage\":\"es\",\"@id\":\"https:\\\/\\\/secure.gravatar.com\\\/avatar\\\/b32455939fe3be4b8b0c3e83865545e13c95024ea445ea7e7e6774d5f0eebe28?s=96&d=mm&r=g\",\"url\":\"https:\\\/\\\/secure.gravatar.com\\\/avatar\\\/b32455939fe3be4b8b0c3e83865545e13c95024ea445ea7e7e6774d5f0eebe28?s=96&d=mm&r=g\",\"contentUrl\":\"https:\\\/\\\/secure.gravatar.com\\\/avatar\\\/b32455939fe3be4b8b0c3e83865545e13c95024ea445ea7e7e6774d5f0eebe28?s=96&d=mm&r=g\",\"caption\":\"adminwpcafbl\"},\"sameAs\":[\"http:\\\/\\\/cafbl.cat\"],\"url\":\"https:\\\/\\\/www.cafbl.cat\\\/es\\\/author\\\/adminwpcafbl\\\/\"}]}<\/script>\n<!-- \/ Yoast SEO plugin. -->","yoast_head_json":{"title":"Foment y las principales organizaciones del sector inmobiliario alertan sobre el grave impacto que tendr\u00eda aplicar controles de precio a los alquileres temporales en Catalu\u00f1a - Col\u00b7legi Administradors de Finques Barcelona Lleida","description":"Canal oficial de not\u00edcies del CAFBL: Foment y las principales organizaciones del sector inmobiliario alertan sobre el grave impacto que tendr\u00eda aplicar controles de precio a los alquileres temporales en Catalu\u00f1a Notas de prensa","robots":{"index":"index","follow":"follow","max-snippet":"max-snippet:-1","max-image-preview":"max-image-preview:large","max-video-preview":"max-video-preview:-1"},"canonical":"https:\/\/www.cafbl.cat\/es\/foment-y-las-principales-organizaciones-del-sector-inmobiliario-alertan-sobre-el-grave-impacto-que-tendria-aplicar-controles-de-precio-a-los-alquileres-temporales-en-cataluna\/","og_locale":"es_ES","og_type":"article","og_title":"Foment y las principales organizaciones del sector inmobiliario alertan sobre el grave impacto que tendr\u00eda aplicar controles de precio a los alquileres temporales en Catalu\u00f1a - Col\u00b7legi Administradors de Finques Barcelona Lleida","og_description":"Canal oficial de not\u00edcies del CAFBL: Foment y las principales organizaciones del sector inmobiliario alertan sobre el grave impacto que tendr\u00eda aplicar controles de precio a los alquileres temporales en Catalu\u00f1a Notas de prensa","og_url":"https:\/\/www.cafbl.cat\/es\/foment-y-las-principales-organizaciones-del-sector-inmobiliario-alertan-sobre-el-grave-impacto-que-tendria-aplicar-controles-de-precio-a-los-alquileres-temporales-en-cataluna\/","og_site_name":"Col\u00b7legi Administradors de Finques Barcelona Lleida","article_published_time":"2025-04-10T09:35:48+00:00","article_modified_time":"2025-04-16T09:56:40+00:00","og_image":[{"width":1080,"height":1080,"url":"https:\/\/www.cafbl.cat\/wp-content\/uploads\/2024\/12\/Premsa-CAFBL-1.png","type":"image\/png"}],"author":"adminwpcafbl","twitter_card":"summary_large_image","twitter_creator":"@CAFbcn_lleida","twitter_site":"@CAFbcn_lleida","twitter_misc":{"Escrito por":"adminwpcafbl","Tiempo de lectura":"2 minutos"},"schema":{"@context":"https:\/\/schema.org","@graph":[{"@type":"Article","@id":"https:\/\/www.cafbl.cat\/es\/foment-y-las-principales-organizaciones-del-sector-inmobiliario-alertan-sobre-el-grave-impacto-que-tendria-aplicar-controles-de-precio-a-los-alquileres-temporales-en-cataluna\/#article","isPartOf":{"@id":"https:\/\/www.cafbl.cat\/es\/foment-y-las-principales-organizaciones-del-sector-inmobiliario-alertan-sobre-el-grave-impacto-que-tendria-aplicar-controles-de-precio-a-los-alquileres-temporales-en-cataluna\/"},"author":{"name":"adminwpcafbl","@id":"https:\/\/www.cafbl.cat\/es\/#\/schema\/person\/bfdd3486c3f782e0fd324b2d5a98ef47"},"headline":"Foment y las principales organizaciones del sector inmobiliario alertan sobre el grave impacto que tendr\u00eda aplicar controles de precio a los alquileres temporales en Catalu\u00f1a","datePublished":"2025-04-10T09:35:48+00:00","dateModified":"2025-04-16T09:56:40+00:00","mainEntityOfPage":{"@id":"https:\/\/www.cafbl.cat\/es\/foment-y-las-principales-organizaciones-del-sector-inmobiliario-alertan-sobre-el-grave-impacto-que-tendria-aplicar-controles-de-precio-a-los-alquileres-temporales-en-cataluna\/"},"wordCount":467,"publisher":{"@id":"https:\/\/www.cafbl.cat\/es\/#organization"},"image":{"@id":"https:\/\/www.cafbl.cat\/es\/foment-y-las-principales-organizaciones-del-sector-inmobiliario-alertan-sobre-el-grave-impacto-que-tendria-aplicar-controles-de-precio-a-los-alquileres-temporales-en-cataluna\/#primaryimage"},"thumbnailUrl":"https:\/\/www.cafbl.cat\/wp-content\/uploads\/2024\/12\/Premsa-CAFBL-1.png","articleSection":["Normativa y Legislaci\u00f3n","Notas de prensa"],"inLanguage":"es"},{"@type":"WebPage","@id":"https:\/\/www.cafbl.cat\/es\/foment-y-las-principales-organizaciones-del-sector-inmobiliario-alertan-sobre-el-grave-impacto-que-tendria-aplicar-controles-de-precio-a-los-alquileres-temporales-en-cataluna\/","url":"https:\/\/www.cafbl.cat\/es\/foment-y-las-principales-organizaciones-del-sector-inmobiliario-alertan-sobre-el-grave-impacto-que-tendria-aplicar-controles-de-precio-a-los-alquileres-temporales-en-cataluna\/","name":"Foment y las principales organizaciones del sector inmobiliario alertan sobre el grave impacto que tendr\u00eda aplicar controles de precio a los alquileres temporales en Catalu\u00f1a - Col\u00b7legi Administradors de Finques Barcelona Lleida","isPartOf":{"@id":"https:\/\/www.cafbl.cat\/es\/#website"},"primaryImageOfPage":{"@id":"https:\/\/www.cafbl.cat\/es\/foment-y-las-principales-organizaciones-del-sector-inmobiliario-alertan-sobre-el-grave-impacto-que-tendria-aplicar-controles-de-precio-a-los-alquileres-temporales-en-cataluna\/#primaryimage"},"image":{"@id":"https:\/\/www.cafbl.cat\/es\/foment-y-las-principales-organizaciones-del-sector-inmobiliario-alertan-sobre-el-grave-impacto-que-tendria-aplicar-controles-de-precio-a-los-alquileres-temporales-en-cataluna\/#primaryimage"},"thumbnailUrl":"https:\/\/www.cafbl.cat\/wp-content\/uploads\/2024\/12\/Premsa-CAFBL-1.png","datePublished":"2025-04-10T09:35:48+00:00","dateModified":"2025-04-16T09:56:40+00:00","description":"Canal oficial de not\u00edcies del CAFBL: Foment y las principales organizaciones del sector inmobiliario alertan sobre el grave impacto que tendr\u00eda aplicar controles de precio a los alquileres temporales en Catalu\u00f1a Notas de prensa","breadcrumb":{"@id":"https:\/\/www.cafbl.cat\/es\/foment-y-las-principales-organizaciones-del-sector-inmobiliario-alertan-sobre-el-grave-impacto-que-tendria-aplicar-controles-de-precio-a-los-alquileres-temporales-en-cataluna\/#breadcrumb"},"inLanguage":"es","potentialAction":[{"@type":"ReadAction","target":["https:\/\/www.cafbl.cat\/es\/foment-y-las-principales-organizaciones-del-sector-inmobiliario-alertan-sobre-el-grave-impacto-que-tendria-aplicar-controles-de-precio-a-los-alquileres-temporales-en-cataluna\/"]}]},{"@type":"ImageObject","inLanguage":"es","@id":"https:\/\/www.cafbl.cat\/es\/foment-y-las-principales-organizaciones-del-sector-inmobiliario-alertan-sobre-el-grave-impacto-que-tendria-aplicar-controles-de-precio-a-los-alquileres-temporales-en-cataluna\/#primaryimage","url":"https:\/\/www.cafbl.cat\/wp-content\/uploads\/2024\/12\/Premsa-CAFBL-1.png","contentUrl":"https:\/\/www.cafbl.cat\/wp-content\/uploads\/2024\/12\/Premsa-CAFBL-1.png","width":1080,"height":1080},{"@type":"BreadcrumbList","@id":"https:\/\/www.cafbl.cat\/es\/foment-y-las-principales-organizaciones-del-sector-inmobiliario-alertan-sobre-el-grave-impacto-que-tendria-aplicar-controles-de-precio-a-los-alquileres-temporales-en-cataluna\/#breadcrumb","itemListElement":[{"@type":"ListItem","position":1,"name":"Home","item":"https:\/\/www.cafbl.cat\/es\/"},{"@type":"ListItem","position":2,"name":"Foment y las principales organizaciones del sector inmobiliario alertan sobre el grave impacto que tendr\u00eda aplicar controles de precio a los alquileres temporales en Catalu\u00f1a"}]},{"@type":"WebSite","@id":"https:\/\/www.cafbl.cat\/es\/#website","url":"https:\/\/www.cafbl.cat\/es\/","name":"Col\u00b7legi Administradors de Finques Barcelona Lleida","description":"Web oficial del Col\u00b7legi Administradors de Finques Barcelona Lleida","publisher":{"@id":"https:\/\/www.cafbl.cat\/es\/#organization"},"alternateName":"CAFBL - Col\u00b7legi Administradors de Finques Barcelona Lleida","potentialAction":[{"@type":"SearchAction","target":{"@type":"EntryPoint","urlTemplate":"https:\/\/www.cafbl.cat\/es\/?s={search_term_string}"},"query-input":{"@type":"PropertyValueSpecification","valueRequired":true,"valueName":"search_term_string"}}],"inLanguage":"es"},{"@type":"Organization","@id":"https:\/\/www.cafbl.cat\/es\/#organization","name":"Col\u00b7legi Administradors de Finques Barcelona Lleida","alternateName":"CAFBL - Col\u00b7legi Administradors de Finques Barcelona Lleida","url":"https:\/\/www.cafbl.cat\/es\/","logo":{"@type":"ImageObject","inLanguage":"es","@id":"https:\/\/www.cafbl.cat\/es\/#\/schema\/logo\/image\/","url":"https:\/\/www.cafbl.cat\/wp-content\/uploads\/2024\/07\/logo_cafbl.svg","contentUrl":"https:\/\/www.cafbl.cat\/wp-content\/uploads\/2024\/07\/logo_cafbl.svg","width":471,"height":116,"caption":"Col\u00b7legi Administradors de Finques Barcelona Lleida"},"image":{"@id":"https:\/\/www.cafbl.cat\/es\/#\/schema\/logo\/image\/"},"sameAs":["https:\/\/x.com\/CAFbcn_lleida","https:\/\/www.linkedin.com\/company\/administradors-finques-cafbl","https:\/\/www.instagram.com\/administradors_finques_cafbl\/"]},{"@type":"Person","@id":"https:\/\/www.cafbl.cat\/es\/#\/schema\/person\/bfdd3486c3f782e0fd324b2d5a98ef47","name":"adminwpcafbl","image":{"@type":"ImageObject","inLanguage":"es","@id":"https:\/\/secure.gravatar.com\/avatar\/b32455939fe3be4b8b0c3e83865545e13c95024ea445ea7e7e6774d5f0eebe28?s=96&d=mm&r=g","url":"https:\/\/secure.gravatar.com\/avatar\/b32455939fe3be4b8b0c3e83865545e13c95024ea445ea7e7e6774d5f0eebe28?s=96&d=mm&r=g","contentUrl":"https:\/\/secure.gravatar.com\/avatar\/b32455939fe3be4b8b0c3e83865545e13c95024ea445ea7e7e6774d5f0eebe28?s=96&d=mm&r=g","caption":"adminwpcafbl"},"sameAs":["http:\/\/cafbl.cat"],"url":"https:\/\/www.cafbl.cat\/es\/author\/adminwpcafbl\/"}]}},"_links":{"self":[{"href":"https:\/\/www.cafbl.cat\/es\/wp-json\/wp\/v2\/posts\/98683","targetHints":{"allow":["GET"]}}],"collection":[{"href":"https:\/\/www.cafbl.cat\/es\/wp-json\/wp\/v2\/posts"}],"about":[{"href":"https:\/\/www.cafbl.cat\/es\/wp-json\/wp\/v2\/types\/post"}],"author":[{"embeddable":true,"href":"https:\/\/www.cafbl.cat\/es\/wp-json\/wp\/v2\/users\/1"}],"replies":[{"embeddable":true,"href":"https:\/\/www.cafbl.cat\/es\/wp-json\/wp\/v2\/comments?post=98683"}],"version-history":[{"count":0,"href":"https:\/\/www.cafbl.cat\/es\/wp-json\/wp\/v2\/posts\/98683\/revisions"}],"wp:featuredmedia":[{"embeddable":true,"href":"https:\/\/www.cafbl.cat\/es\/wp-json\/wp\/v2\/media\/77936"}],"wp:attachment":[{"href":"https:\/\/www.cafbl.cat\/es\/wp-json\/wp\/v2\/media?parent=98683"}],"wp:term":[{"taxonomy":"category","embeddable":true,"href":"https:\/\/www.cafbl.cat\/es\/wp-json\/wp\/v2\/categories?post=98683"},{"taxonomy":"post_tag","embeddable":true,"href":"https:\/\/www.cafbl.cat\/es\/wp-json\/wp\/v2\/tags?post=98683"}],"curies":[{"name":"wp","href":"https:\/\/api.w.org\/{rel}","templated":true}]}}